{"id":12103,"date":"2022-07-06T19:30:00","date_gmt":"2022-07-06T16:30:00","guid":{"rendered":"https:\/\/www.turna.com\/blog\/?p=12103"},"modified":"2025-06-27T14:13:26","modified_gmt":"2025-06-27T11:13:26","slug":"luksemburg-gezilecek-yerler","status":"publish","type":"post","link":"https:\/\/www.turna.com\/blog\/luksemburg-gezilecek-yerler","title":{"rendered":"L\u00fcksemburg Gezilecek Yerler: G\u00f6r\u00fclmesi Gereken 10 Yer"},"content":{"rendered":"<div id=\"ez-toc-container\" class=\"ez-toc-v2_0_82_2 counter-hierarchy ez-toc-counter ez-toc-black ez-toc-container-direction\">\n<div class=\"ez-toc-title-container\">\n<p class=\"ez-toc-title\" style=\"cursor:inherit\">\u0130\u00e7indekiler<\/p>\n<span class=\"ez-toc-title-toggle\"><a href=\"#\" class=\"ez-toc-pull-right ez-toc-btn ez-toc-btn-xs ez-toc-btn-default ez-toc-toggle\" aria-label=\"\u0130\u00e7indekiler Tablosunu A\u00e7\/Kapat\"><span class=\"ez-toc-js-icon-con\"><span class=\"\"><span class=\"eztoc-hide\" style=\"display:none;\">Toggle<\/span><span class=\"ez-toc-icon-toggle-span\"><svg style=\"fill: #ffffff;color:#ffffff\" xmlns=\"http:\/\/www.w3.org\/2000\/svg\" class=\"list-377408\" width=\"20px\" height=\"20px\" viewBox=\"0 0 24 24\" fill=\"none\"><path d=\"M6 6H4v2h2V6zm14 0H8v2h12V6zM4 11h2v2H4v-2zm16 0H8v2h12v-2zM4 16h2v2H4v-2zm16 0H8v2h12v-2z\" fill=\"currentColor\"><\/path><\/svg><svg style=\"fill: #ffffff;color:#ffffff\" class=\"arrow-unsorted-368013\" xmlns=\"http:\/\/www.w3.org\/2000\/svg\" width=\"10px\" height=\"10px\" viewBox=\"0 0 24 24\" version=\"1.2\" baseProfile=\"tiny\"><path d=\"M18.2 9.3l-6.2-6.3-6.2 6.3c-.2.2-.3.4-.3.7s.1.5.3.7c.2.2.4.3.7.3h11c.3 0 .5-.1.7-.3.2-.2.3-.5.3-.7s-.1-.5-.3-.7zM5.8 14.7l6.2 6.3 6.2-6.3c.2-.2.3-.5.3-.7s-.1-.5-.3-.7c-.2-.2-.4-.3-.7-.3h-11c-.3 0-.5.1-.7.3-.2.2-.3.5-.3.7s.1.5.3.7z\"\/><\/svg><\/span><\/span><\/span><\/a><\/span><\/div>\n<nav><ul class='ez-toc-list ez-toc-list-level-1 eztoc-toggle-hide-by-default' ><li class='ez-toc-page-1 ez-toc-heading-level-2'><a class=\"ez-toc-link ez-toc-heading-1\" href=\"https:\/\/www.turna.com\/blog\/luksemburg-gezilecek-yerler\/#luksemburg_gezilecek_yerler\" >L\u00fcksemburg Gezilecek Yerler<\/a><ul class='ez-toc-list-level-3' ><li class='ez-toc-heading-level-3'><a class=\"ez-toc-link ez-toc-heading-2\" href=\"https:\/\/www.turna.com\/blog\/luksemburg-gezilecek-yerler\/#1_bock_casemates\" >1. Bock Casemates<\/a><\/li><li class='ez-toc-page-1 ez-toc-heading-level-3'><a class=\"ez-toc-link ez-toc-heading-3\" href=\"https:\/\/www.turna.com\/blog\/luksemburg-gezilecek-yerler\/#2_notre-dame_cathedral\" >2. Notre-Dame Cathedral<\/a><\/li><li class='ez-toc-page-1 ez-toc-heading-level-3'><a class=\"ez-toc-link ez-toc-heading-4\" href=\"https:\/\/www.turna.com\/blog\/luksemburg-gezilecek-yerler\/#3_buyuk_duk_sarayi\" >3. B\u00fcy\u00fck D\u00fck Saray\u0131<\/a><\/li><li class='ez-toc-page-1 ez-toc-heading-level-3'><a class=\"ez-toc-link ez-toc-heading-5\" href=\"https:\/\/www.turna.com\/blog\/luksemburg-gezilecek-yerler\/#4_granduk_jean_modern_sanatlar_muzesi\" >4. Grand\u00fck Jean Modern Sanatlar M\u00fczesi<\/a><\/li><li class='ez-toc-page-1 ez-toc-heading-level-3'><a class=\"ez-toc-link ez-toc-heading-6\" href=\"https:\/\/www.turna.com\/blog\/luksemburg-gezilecek-yerler\/#5_ulusal_tarih_ve_sanat_muzesi\" >5. Ulusal Tarih ve Sanat M\u00fczesi<\/a><\/li><li class='ez-toc-page-1 ez-toc-heading-level-3'><a class=\"ez-toc-link ez-toc-heading-7\" href=\"https:\/\/www.turna.com\/blog\/luksemburg-gezilecek-yerler\/#6_adolphe_koprusu\" >6. Adolphe K\u00f6pr\u00fcs\u00fc<\/a><\/li><li class='ez-toc-page-1 ez-toc-heading-level-3'><a class=\"ez-toc-link ez-toc-heading-8\" href=\"https:\/\/www.turna.com\/blog\/luksemburg-gezilecek-yerler\/#7_bourscheid_kalesi\" >7. Bourscheid Kalesi<\/a><\/li><li class='ez-toc-page-1 ez-toc-heading-level-3'><a class=\"ez-toc-link ez-toc-heading-9\" href=\"https:\/\/www.turna.com\/blog\/luksemburg-gezilecek-yerler\/#8_vianden_kalesi\" >8. Vianden Kalesi<\/a><\/li><li class='ez-toc-page-1 ez-toc-heading-level-3'><a class=\"ez-toc-link ez-toc-heading-10\" href=\"https:\/\/www.turna.com\/blog\/luksemburg-gezilecek-yerler\/#9_mullerthal_yolu\" >9. M\u00fcllerthal Yolu<\/a><\/li><li class='ez-toc-page-1 ez-toc-heading-level-3'><a class=\"ez-toc-link ez-toc-heading-11\" href=\"https:\/\/www.turna.com\/blog\/luksemburg-gezilecek-yerler\/#10_beaufort_kalesi\" >10. Beaufort Kalesi<\/a><\/li><\/ul><\/li><\/ul><\/nav><\/div>\n\n<p>Ba\u015fkentiyle ayn\u0131 ismi ta\u015f\u0131d\u0131\u011f\u0131 i\u00e7in \u00e7o\u011fu zaman kafa kar\u0131\u015f\u0131kl\u0131klar\u0131na yol a\u00e7abilen <strong>L\u00fcksemburg<\/strong>, 582 bin 972 ki\u015finin ya\u015fad\u0131\u011f\u0131 \u015firin bir Avrupa \u00fclkesi. Orta \u00c7a\u011f d\u00f6neminden kalma kaleleri, leziz yemekler tadabilece\u011finiz gurme restoranlar\u0131, tarihi yap\u0131lar\u0131, do\u011fal g\u00fczellikleri ve romantik atmosferiyle b\u00fcy\u00fcleyen sokaklar\u0131yla hayranl\u0131k uyand\u0131ran bu \u00fclkeyi g\u00f6rmek ve sakin ya\u015fam\u0131na kar\u0131\u015fmak i\u00e7in daha fazla beklemeyin. <strong>L\u00fcksemburg gezilecek yerler<\/strong> ke\u015ffedilmeyi bekliyor.<\/p>\n\n\n\n<h2 class=\"wp-block-heading has-text-align-center has-neeon-button-dark-gray-color has-text-color has-link-color wp-elements-72c5e3a46ecf43c818239b36b2e53ac8\"><span class=\"ez-toc-section\" id=\"luksemburg_gezilecek_yerler\"><\/span><strong><strong><strong><strong><strong><strong>L\u00fcksemburg Gezilecek Yerler<\/strong><\/strong><\/strong><\/strong><\/strong><\/strong><span class=\"ez-toc-section-end\"><\/span><\/h2>\n\n\n\n<figure class=\"wp-block-image size-large\"><img width=\"800\" height=\"500\" data-public-id=\"l\u00fcksemburg_gezilecek_yerler\/l\u00fcksemburg_gezilecek_yerler.jpg\" decoding=\"async\" src=\"https:\/\/res.cloudinary.com\/turna\/images\/w_800,h_500,c_scale\/f_auto,q_auto:low\/v1657124634\/l\u00fcksemburg_gezilecek_yerler\/l\u00fcksemburg_gezilecek_yerler.jpg?_i=AA\" alt=\"L\u00fcksemburg Gezilecek Yerler\" class=\"wp-post-0 wp-image-20991\" data-format=\"jpg\" data-transformations=\"f_auto,q_auto:low\" data-version=\"1657124634\" data-seo=\"1\" srcset=\"https:\/\/res.cloudinary.com\/turna\/images\/f_auto,q_auto:low\/v1657124634\/l\u00fcksemburg_gezilecek_yerler\/l\u00fcksemburg_gezilecek_yerler.jpg?_i=AA 800w, https:\/\/res.cloudinary.com\/turna\/images\/w_300,h_188,c_scale\/f_auto,q_auto:low\/v1657124634\/l\u00fcksemburg_gezilecek_yerler\/l\u00fcksemburg_gezilecek_yerler.jpg?_i=AA 300w, https:\/\/res.cloudinary.com\/turna\/images\/w_672,h_420,c_scale\/f_auto,q_auto:low\/v1657124634\/l\u00fcksemburg_gezilecek_yerler\/l\u00fcksemburg_gezilecek_yerler.jpg?_i=AA 672w, https:\/\/res.cloudinary.com\/turna\/images\/w_640,h_400,c_scale\/f_auto,q_auto:low\/v1657124634\/l\u00fcksemburg_gezilecek_yerler\/l\u00fcksemburg_gezilecek_yerler.jpg?_i=AA 640w, https:\/\/res.cloudinary.com\/turna\/images\/w_681,h_426,c_scale\/f_auto,q_auto:low\/v1657124634\/l\u00fcksemburg_gezilecek_yerler\/l\u00fcksemburg_gezilecek_yerler.jpg?_i=AA 681w\" sizes=\"(max-width: 800px) 100vw, 800px\" \/><\/figure>\n\n\n\n<p><strong>L\u00fcksemburg Gezilecek Yerler Listesi<\/strong><\/p>\n\n\n\n<ol class=\"wp-block-list\">\n<li>Bock Casemates<\/li>\n\n\n\n<li>Notre-Dame Cathedral<\/li>\n\n\n\n<li>B\u00fcy\u00fck D\u00fck Saray\u0131<\/li>\n\n\n\n<li>Grand\u00fck Jean Modern Sanatlar M\u00fczesi<\/li>\n\n\n\n<li>Ulusal Tarih ve Sanat M\u00fczesi<\/li>\n\n\n\n<li>Adolphe K\u00f6pr\u00fcs\u00fc<\/li>\n\n\n\n<li>Bourscheid Kalesi<\/li>\n\n\n\n<li>Vianden Kalesi<\/li>\n\n\n\n<li>M\u00fcllerthal Yolu<\/li>\n\n\n\n<li>Beaufort Kalesi<\/li>\n<\/ol>\n\n\n\n<h3 class=\"wp-block-heading has-text-align-center has-neeon-button-dark-gray-color has-text-color has-link-color wp-elements-977690b3b49c783733724a040bbc8ccd\"><span class=\"ez-toc-section\" id=\"1_bock_casemates\"><\/span><strong><strong><strong><strong>1. Bock Casemates<\/strong><\/strong><\/strong><\/strong><span class=\"ez-toc-section-end\"><\/span><\/h3>\n\n\n\n<figure class=\"wp-block-image size-large\"><img decoding=\"async\" src=\"https:\/\/res.cloudinary.com\/turna\/image\/upload\/v1657124635\/Bock_Casemates.jpg\" alt=\" Bock Casemates\"\/><\/figure>\n\n\n\n<p>\u00dclkenin savunma g\u00fcc\u00fcn\u00fc y\u00fckseltmek i\u00e7in \u00fczerine kale in\u015fa edilen devasa bir kayal\u0131k olan <strong>Bock Casemates<\/strong>, i\u00e7ine oyulan galeri ve t\u00fcnellerle olduk\u00e7a gizemli ve etkileyici bir g\u00f6r\u00fcn\u00fcme sahip. \u015eehri d\u00fc\u015fmana kar\u015f\u0131 korumak i\u00e7in olu\u015fturulan bu t\u00fcneller, g\u00fcn\u00fcm\u00fczde \u00fclkeye gelen turistlerin en g\u00f6zde ziyaret noktalar\u0131ndan.<\/p>\n\n\n\n<ul class=\"wp-block-list\">\n<li>Bock Casemates konumu <strong><a href=\"https:\/\/goo.gl\/maps\/x24uGxnuMQ7sia9h6\" target=\"_blank\" rel=\"noreferrer noopener\">burada.<\/a><\/strong><\/li>\n<\/ul>\n\n\n\n<h3 class=\"wp-block-heading has-text-align-center has-neeon-button-dark-gray-color has-text-color has-link-color wp-elements-aa9e70619648eb8918edf0f62414818c\"><span class=\"ez-toc-section\" id=\"2_notre-dame_cathedral\"><\/span><strong><strong><strong><strong><strong>2. Notre-Dame Cathedral<\/strong><\/strong><\/strong><\/strong><\/strong><span class=\"ez-toc-section-end\"><\/span><\/h3>\n\n\n\n<figure class=\"wp-block-image size-large\"><img decoding=\"async\" src=\"https:\/\/res.cloudinary.com\/turna\/image\/upload\/v1657124636\/Notre-Dame_Cathedral_l%C3%BCksemburg.jpg\" alt=\" Notre-Dame Cathedral\"\/><\/figure>\n\n\n\n<p>Gotik tarz\u0131yla enfes bir mimariye sahip olan <strong>Notre-Dame Cathedral<\/strong>, 1613-1621 y\u0131llar\u0131 aras\u0131nda in\u015fa edildi. \u00dclkenin ileri gelenlerinin mezarlar\u0131n\u0131n da yer ald\u0131\u011f\u0131 bu katedral, kuleleri ve R\u00f6nesans tarz\u0131 mimari detaylar\u0131yla turistlerin ilgi oda\u011f\u0131.<\/p>\n\n\n\n<ul class=\"wp-block-list\">\n<li>Notre-Dame Cathedral konumu <strong><a href=\"https:\/\/goo.gl\/maps\/WrmMAXSdFcMvyyhm8\" target=\"_blank\" rel=\"noreferrer noopener\">burada.<\/a><\/strong><\/li>\n<\/ul>\n\n\n\n<h3 class=\"wp-block-heading has-text-align-center has-neeon-button-dark-gray-color has-text-color has-link-color wp-elements-73f5b97ce6663b267e01cce4c06a746c\"><span class=\"ez-toc-section\" id=\"3_buyuk_duk_sarayi\"><\/span><strong><strong><strong><strong><strong>3. B\u00fcy\u00fck D\u00fck Saray\u0131<\/strong><\/strong><\/strong><\/strong><\/strong><span class=\"ez-toc-section-end\"><\/span><\/h3>\n\n\n\n<figure class=\"wp-block-image size-large\"><img decoding=\"async\" src=\"https:\/\/res.cloudinary.com\/turna\/image\/upload\/v1657124632\/B%C3%BCy%C3%BCk_D%C3%BCk_Saray%C4%B1.jpg\" alt=\"B\u00fcy\u00fck D\u00fck Saray\u0131\"\/><\/figure>\n\n\n\n<p>Yaln\u0131zca rehberli turlar e\u015fli\u011finde gezilebilen <strong>B\u00fcy\u00fck D\u00fck Saray\u0131 (Grand Ducal Palace)<\/strong>, 1572-1795 y\u0131llar\u0131 aras\u0131nda belediye binas\u0131 olarak tasarland\u0131. G\u00fcn\u00fcm\u00fczde hala B\u00fcy\u00fck D\u00fck ve D\u00fc\u015fes\u2019in ikametg\u00e2h\u0131 olan bu yap\u0131, ayn\u0131 zamanda resmi i\u015flerin y\u00fcr\u00fct\u00fcld\u00fc\u011f\u00fc bir yap\u0131 olarak da kullan\u0131l\u0131yor.<\/p>\n\n\n\n<ul class=\"wp-block-list\">\n<li>B\u00fcy\u00fck D\u00fck Saray\u0131 konumu <strong><a href=\"https:\/\/goo.gl\/maps\/YohcUtXCAyrsBzfL8\" target=\"_blank\" rel=\"noreferrer noopener\">burada.<\/a><\/strong><\/li>\n<\/ul>\n\n\n\n<h3 class=\"wp-block-heading has-text-align-center has-neeon-button-dark-gray-color has-text-color has-link-color wp-elements-c574441fa4f20877a6c616c214f67284\"><span class=\"ez-toc-section\" id=\"4_granduk_jean_modern_sanatlar_muzesi\"><\/span><strong><strong><strong><strong><strong>4. Grand\u00fck Jean Modern Sanatlar M\u00fczesi<\/strong><\/strong><\/strong><\/strong><\/strong><span class=\"ez-toc-section-end\"><\/span><\/h3>\n\n\n\n<figure class=\"wp-block-image size-large\"><img decoding=\"async\" src=\"https:\/\/res.cloudinary.com\/turna\/image\/upload\/v1657124635\/Grand%C3%BCk_Jean_Modern_Sanatlar_M%C3%BCzesi.jpg\" alt=\" Grand\u00fck Jean Modern Sanatlar M\u00fczesi\"\/><\/figure>\n\n\n\n<p>Sanata ilgi duyanlar\u0131n mutlaka g\u00f6rmesi gereken <strong>Grand\u00fck Jean Modern Sanatlar M\u00fczesi (Mudam Luxembourg Modern Art Museum)<\/strong>, \u00fclkenin d\u00fcnyaca \u00fcnl\u00fc sanat\u00e7\u0131lar\u0131na ait eserlerine ev sahipli\u011fi yap\u0131yor. M\u00fcze binas\u0131n\u0131n tasar\u0131m\u0131 ise Louvre Piramidi\u2019ni tasarlayan Ming Pei taraf\u0131ndan yap\u0131ld\u0131.<\/p>\n\n\n\n<ul class=\"wp-block-list\">\n<li>Grand\u00fck Jean Modern Sanatlar M\u00fczesi konumu <strong><a href=\"https:\/\/g.page\/mudamlux?share\" target=\"_blank\" rel=\"noreferrer noopener\">burada.<\/a><\/strong><\/li>\n<\/ul>\n\n\n\n<h3 class=\"wp-block-heading has-text-align-center has-neeon-button-dark-gray-color has-text-color has-link-color wp-elements-230ce8b623849965751595c78b077f68\"><span class=\"ez-toc-section\" id=\"5_ulusal_tarih_ve_sanat_muzesi\"><\/span><strong><strong><strong><strong><strong>5. Ulusal Tarih ve Sanat M\u00fczesi<\/strong><\/strong><\/strong><\/strong><\/strong><span class=\"ez-toc-section-end\"><\/span><\/h3>\n\n\n\n<figure class=\"wp-block-image\"><img width=\"800\" height=\"501\" data-public-id=\"National-Museum-History-Art_lnhkol\/National-Museum-History-Art_lnhkol.jpg\" fetchpriority=\"high\" decoding=\"async\" src=\"https:\/\/res.cloudinary.com\/turna\/images\/w_800,h_501,c_scale\/f_auto,q_auto\/f_auto,q_auto:low\/v1522662770\/National-Museum-History-Art_lnhkol\/National-Museum-History-Art_lnhkol.jpg?_i=AA\" alt=\"Ulusal Tarih ve Sanat M\u00fczesi\" class=\"wp-post-12103 wp-image-12195\" data-format=\"jpg\" data-transformations=\"f_auto,q_auto\/f_auto,q_auto:low\" data-version=\"1522662770\" data-seo=\"1\" srcset=\"https:\/\/res.cloudinary.com\/turna\/images\/f_auto,q_auto\/f_auto,q_auto\/f_auto,q_auto:low\/v1522662770\/National-Museum-History-Art_lnhkol\/National-Museum-History-Art_lnhkol.jpg?_i=AA 800w, https:\/\/res.cloudinary.com\/turna\/images\/w_300,h_188,c_scale\/f_auto,q_auto\/f_auto,q_auto\/f_auto,q_auto:low\/v1522662770\/National-Museum-History-Art_lnhkol\/National-Museum-History-Art_lnhkol.jpg?_i=AA 300w, https:\/\/res.cloudinary.com\/turna\/images\/w_671,h_420,c_scale\/f_auto,q_auto\/f_auto,q_auto\/f_auto,q_auto:low\/v1522662770\/National-Museum-History-Art_lnhkol\/National-Museum-History-Art_lnhkol.jpg?_i=AA 671w, https:\/\/res.cloudinary.com\/turna\/images\/w_640,h_401,c_scale\/f_auto,q_auto\/f_auto,q_auto\/f_auto,q_auto:low\/v1522662770\/National-Museum-History-Art_lnhkol\/National-Museum-History-Art_lnhkol.jpg?_i=AA 640w, https:\/\/res.cloudinary.com\/turna\/images\/w_681,h_426,c_scale\/f_auto,q_auto\/f_auto,q_auto\/f_auto,q_auto:low\/v1522662770\/National-Museum-History-Art_lnhkol\/National-Museum-History-Art_lnhkol.jpg?_i=AA 681w\" sizes=\"(max-width: 800px) 100vw, 800px\" \/><\/figure>\n\n\n\n<p><strong>Ulusal Tarih ve Sanat M\u00fczesi (National Museum of History and Art)<\/strong>, Orta \u00c7a\u011f ve Roma d\u00f6neminden g\u00fcn\u00fcm\u00fcze dek ula\u015fan e\u015fyalar\u0131n ve \u00fclkedeki sanat\u00e7\u0131lar\u0131n imzas\u0131n\u0131 ta\u015f\u0131yan sanat eserlerinin sergilendi\u011fi bir yer. 1854 y\u0131l\u0131nda kurulan bu m\u00fcze, \u00fclkenin sanat ge\u00e7mi\u015fi ve tarihi dokusu hakk\u0131nda fikir edinmenizi sa\u011flayabilir.<\/p>\n\n\n\n<ul class=\"wp-block-list\">\n<li>Ulusal Tarih ve Sanat M\u00fczesi konumu <strong><a href=\"https:\/\/goo.gl\/maps\/4rTandQCa4LMUEqp9\" target=\"_blank\" rel=\"noreferrer noopener\">burada.<\/a><\/strong><\/li>\n<\/ul>\n\n\n\n<h3 class=\"wp-block-heading has-text-align-center has-neeon-button-dark-gray-color has-text-color has-link-color wp-elements-24013b2a867d5f7c16472da12441ce7d\"><span class=\"ez-toc-section\" id=\"6_adolphe_koprusu\"><\/span><strong><strong><strong><strong><strong>6. Adolphe K\u00f6pr\u00fcs\u00fc<\/strong><\/strong><\/strong><\/strong><\/strong><span class=\"ez-toc-section-end\"><\/span><\/h3>\n\n\n\n<figure class=\"wp-block-image size-large\"><img decoding=\"async\" src=\"https:\/\/res.cloudinary.com\/turna\/image\/upload\/v1657124631\/Adolphe_K%C3%B6pr%C3%BCs%C3%BC.jpg\" alt=\"Adolphe K\u00f6pr\u00fcs\u00fc\"\/><\/figure>\n\n\n\n<p>Tren gar\u0131 ve \u015fehir merkezini birbirine ba\u011flamak i\u00e7in 1900-1903 y\u0131llar\u0131 aras\u0131nda in\u015fa edilen <strong>Adolphe K\u00f6pr\u00fcs\u00fc (Adolphe Bridge)<\/strong>, hem yaya hem de ara\u00e7 trafi\u011fine a\u00e7\u0131k. Petrus Nehri \u00fczerindeki bu k\u00f6pr\u00fcn\u00fcn uzunlu\u011fu ise 153 metreyi buluyor.<\/p>\n\n\n\n<ul class=\"wp-block-list\">\n<li>Adolphe K\u00f6pr\u00fcs\u00fc konumu <strong><a href=\"https:\/\/goo.gl\/maps\/PKsFLNp87PTXqcUD6\" target=\"_blank\" rel=\"noreferrer noopener\">burada.<\/a><\/strong><\/li>\n<\/ul>\n\n\n\n<h3 class=\"wp-block-heading has-text-align-center has-neeon-button-dark-gray-color has-text-color has-link-color wp-elements-2d7c26f94f8001364ea422cd8ceedb1b\"><span class=\"ez-toc-section\" id=\"7_bourscheid_kalesi\"><\/span><strong><strong><strong><strong><strong>7. Bourscheid Kalesi<\/strong><\/strong><\/strong><\/strong><\/strong><span class=\"ez-toc-section-end\"><\/span><\/h3>\n\n\n\n<figure class=\"wp-block-image size-large\"><img decoding=\"async\" src=\"https:\/\/res.cloudinary.com\/turna\/image\/upload\/v1657124634\/Bourscheid_Kalesi.jpg\" alt=\"Bourscheid Kalesi\"\/><\/figure>\n\n\n\n<p><strong>Bourscheid Kalesi<\/strong>&nbsp;kuzeydo\u011fu&nbsp;L\u00fcksemburg&#8217;daki&nbsp;Bourscheid k\u00f6y\u00fc yak\u0131nlar\u0131nda yer al\u0131yor. Kaleler hep bulundu\u011fu b\u00f6lgelerin isimlerini alm\u0131\u015f L\u00fcksemburg&#8217;da. Bu g\u00f6rkemli orta \u00e7a\u011f kalesi,&nbsp;Roma&nbsp;d\u00f6neminden kalma arkeolojik kal\u0131nt\u0131lar\u0131n bulundu\u011fu bir b\u00f6lgede yer al\u0131yor.&nbsp;<\/p>\n\n\n\n<ul class=\"wp-block-list\">\n<li>Bourscheid Kalesi konumu <strong><a href=\"https:\/\/goo.gl\/maps\/r4W2gmBZ1ypGxPSWA\" target=\"_blank\" rel=\"noreferrer noopener\">burada.<\/a><\/strong><\/li>\n<\/ul>\n\n\n\n<h3 class=\"wp-block-heading has-text-align-center has-neeon-button-dark-gray-color has-text-color has-link-color wp-elements-b884b788227a77ec3238c5bd42ab73a2\"><span class=\"ez-toc-section\" id=\"8_vianden_kalesi\"><\/span><strong><strong><strong><strong><strong>8. Vianden Kalesi<\/strong><\/strong><\/strong><\/strong><\/strong><span class=\"ez-toc-section-end\"><\/span><\/h3>\n\n\n\n<figure class=\"wp-block-image size-large\"><img decoding=\"async\" src=\"https:\/\/res.cloudinary.com\/turna\/image\/upload\/v1657124634\/Vianden_Kalesi.jpg\" alt=\"Vianden Kalesi\"\/><\/figure>\n\n\n\n<p><strong>Vianden Kalesi<\/strong>, L\u00fcksemburg&#8217;un kuzeyindeki&nbsp;Vianden&#8217;de&nbsp;bulunuyor.&nbsp;Kalenin k\u00f6keni 10. y\u00fczy\u0131la dayan\u0131yor. 11. y\u00fczy\u0131ldan 14. y\u00fczy\u0131la kadar Romanesk tarzda in\u015fa edilmi\u015f.&nbsp;Sonras\u0131nda kaleye&nbsp;gotik&nbsp;tarzda s\u00fcslemeler eklenmi\u015f. Kale, y\u0131l boyunca her g\u00fcn 10.00-16.00 saatleri aras\u0131nda ziyarete a\u00e7\u0131k. Dilerseniz kaleyi rehberli turlarla da gezebilirsiniz.<\/p>\n\n\n\n<ul class=\"wp-block-list\">\n<li>Vianden Kalesi konumu <strong><a href=\"https:\/\/goo.gl\/maps\/Y3M1W3JLt58Ky7xq5\" target=\"_blank\" rel=\"noreferrer noopener\">burada.<\/a><\/strong><\/li>\n<\/ul>\n\n\n\n<h3 class=\"wp-block-heading has-text-align-center has-neeon-button-dark-gray-color has-text-color has-link-color wp-elements-912bc0cd6d0378736587c97f376d84e8\"><span class=\"ez-toc-section\" id=\"9_mullerthal_yolu\"><\/span><strong><strong><strong><strong><strong>9.<\/strong> <strong>M\u00fcllerthal Yolu<\/strong><\/strong><\/strong><\/strong><\/strong><span class=\"ez-toc-section-end\"><\/span><\/h3>\n\n\n\n<figure class=\"wp-block-image size-large\"><img decoding=\"async\" src=\"https:\/\/res.cloudinary.com\/turna\/image\/upload\/v1657124633\/m%C3%BCllerthal_yolu.jpg\" alt=\" M\u00fcllerthal Yolu\"\/><\/figure>\n\n\n\n<p>Tarihten s\u0131k\u0131ld\u0131k biraz da do\u011fayla kucakla\u015fal\u0131m  diyenlere harika bir tavsiyem var. <strong>M\u00fcllerthal Yolu<\/strong> kimi zaman keyifli kimi zaman zorlu harika bir y\u00fcr\u00fcy\u00fc\u015f parkuru. Bu parkurda size e\u015fsiz bir do\u011fa, kayal\u0131klar, ma\u011faralar ve \u015felaleler e\u015flik edecek. Nefes kesen panoramik manzaralarda soluklanacak, y\u00fcr\u00fcmeye a\u015fkla devam edeceksiniz. Mutlaka rotan\u0131za dahil edin derim.<\/p>\n\n\n\n<ul class=\"wp-block-list\">\n<li>M\u00fcllerthal Yolu konumu <strong><a href=\"https:\/\/g.page\/mullerthaltrail?share\" target=\"_blank\" rel=\"noreferrer noopener\">burada.<\/a><\/strong><\/li>\n<\/ul>\n\n\n\n<h3 class=\"wp-block-heading has-text-align-center has-neeon-button-dark-gray-color has-text-color has-link-color wp-elements-12545906ea36bd9a2033b223724bdcad\"><span class=\"ez-toc-section\" id=\"10_beaufort_kalesi\"><\/span><strong><strong><strong><strong><strong>10. Beaufort Kalesi<\/strong><\/strong><\/strong><\/strong><\/strong><span class=\"ez-toc-section-end\"><\/span><\/h3>\n\n\n\n<figure class=\"wp-block-image size-large\"><img decoding=\"async\" src=\"https:\/\/res.cloudinary.com\/turna\/image\/upload\/v1657124633\/Beaufort_Kalesi.jpg\" alt=\"Beaufort Kalesi\"\/><\/figure>\n\n\n\n<p><strong>Beaufort Kalesi<\/strong>, 11. y\u00fczy\u0131ldan kalma bir orta \u00e7a\u011f kalesi. Kale kal\u0131nt\u0131lar\u0131 ve biti\u015fi\u011findeki R\u00f6nesans \u015fatosundan olu\u015fuyor. Bu g\u00f6rkemli yap\u0131 L\u00fcksemburg&#8217;un do\u011fusunda Beaufort&#8217;ta yer al\u0131yor. L\u00fcksemburg gezilecek yerler listenize dahil edebilirsiniz.<\/p>\n\n\n\n<ul class=\"wp-block-list\">\n<li>Beaufort Kalesi konumu <strong><a href=\"https:\/\/g.page\/medieval-castle-beaufort?share\" target=\"_blank\" rel=\"noreferrer noopener\">burada.<\/a><\/strong><\/li>\n<\/ul>\n\n\n\n<p>L\u00fcksemburg\u2019un \u015firin sokaklar\u0131nda dola\u015f\u0131p, k\u00fclt\u00fcrel ve tarihi dokusunu daha yak\u0131ndan ke\u015ffetmek istiyorsan\u0131z, <strong><a href=\"https:\/\/www.turna.com\/ucak-bileti\/luksemburg\" target=\"_blank\" rel=\"noopener noreferrer\">L\u00fcksemburg u\u00e7ak bileti<\/a><\/strong> f\u0131rsatlar\u0131n\u0131 de\u011ferlendirerek, bu k\u00fc\u00e7\u00fck Avrupa \u00fclkesini ziyaret edebilirsiniz.<\/p>\n\n    <div class=\"xs_social_share_widget xs_share_url after_content \t\tmain_content  wslu-style-1 wslu-share-box-shaped wslu-fill-colored wslu-none wslu-share-horizontal wslu-theme-font-no wslu-main_content\">\n\n\t\t\n        <ul>\n\t\t\t        <\/ul>\n    <\/div> \n","protected":false},"excerpt":{"rendered":"<p> Orta \u00c7a\u011f d\u00f6neminden kalma kaleleri, leziz yemekler tadabilece\u011finiz gurme restoranlar\u0131, tarihi yap\u0131lar\u0131, do\u011fal g\u00fczellikleri ve romantik atmosferiyle b\u00fcy\u00fcleyen sokaklar\u0131yla hayranl\u0131k uyand\u0131ran bu \u00fclkeyi g\u00f6rmek ve sakin ya\u015fam\u0131na kar\u0131\u015fmak i\u00e7in daha fazla beklemeyin. L\u00fcksemburg gezilecek yerler ke\u015ffedilmeyi bekliyor.<\/p>\n","protected":false},"author":34,"featured_media":20991,"comment_status":"open","ping_status":"open","sticky":false,"template":"","format":"standard","meta":{"rop_custom_images_group":[],"rop_custom_messages_group":[],"rop_publish_now":"initial","rop_publish_now_accounts":[],"rop_publish_now_history":[],"rop_publish_now_status":"pending","_cloudinary_featured_overwrite":false,"footnotes":""},"categories":[1594],"tags":[1595,2584],"class_list":["post-12103","post","type-post","status-publish","format-standard","has-post-thumbnail","hentry","category-luksemburg","tag-luksemburg","tag-saarbruecken"],"_links":{"self":[{"href":"https:\/\/www.turna.com\/blog\/wp-json\/wp\/v2\/posts\/12103","targetHints":{"allow":["GET"]}}],"collection":[{"href":"https:\/\/www.turna.com\/blog\/wp-json\/wp\/v2\/posts"}],"about":[{"href":"https:\/\/www.turna.com\/blog\/wp-json\/wp\/v2\/types\/post"}],"author":[{"embeddable":true,"href":"https:\/\/www.turna.com\/blog\/wp-json\/wp\/v2\/users\/34"}],"replies":[{"embeddable":true,"href":"https:\/\/www.turna.com\/blog\/wp-json\/wp\/v2\/comments?post=12103"}],"version-history":[{"count":0,"href":"https:\/\/www.turna.com\/blog\/wp-json\/wp\/v2\/posts\/12103\/revisions"}],"wp:featuredmedia":[{"embeddable":true,"href":"https:\/\/www.turna.com\/blog\/wp-json\/wp\/v2\/media\/20991"}],"wp:attachment":[{"href":"https:\/\/www.turna.com\/blog\/wp-json\/wp\/v2\/media?parent=12103"}],"wp:term":[{"taxonomy":"category","embeddable":true,"href":"https:\/\/www.turna.com\/blog\/wp-json\/wp\/v2\/categories?post=12103"},{"taxonomy":"post_tag","embeddable":true,"href":"https:\/\/www.turna.com\/blog\/wp-json\/wp\/v2\/tags?post=12103"}],"curies":[{"name":"wp","href":"https:\/\/api.w.org\/{rel}","templated":true}]}}