{"id":11959,"date":"2024-11-29T10:47:36","date_gmt":"2024-11-29T07:47:36","guid":{"rendered":"https:\/\/www.turna.com\/blog\/?p=11959"},"modified":"2025-07-11T15:11:31","modified_gmt":"2025-07-11T12:11:31","slug":"isvec-gezilecek-yerler","status":"publish","type":"post","link":"https:\/\/www.turna.com\/blog\/isvec-gezilecek-yerler","title":{"rendered":"\u0130sve\u00e7\u2019te G\u00f6rmeniz Gereken 10 Yer"},"content":{"rendered":"<div id=\"ez-toc-container\" class=\"ez-toc-v2_0_82_2 counter-hierarchy ez-toc-counter ez-toc-black ez-toc-container-direction\">\n<div class=\"ez-toc-title-container\">\n<p class=\"ez-toc-title\" style=\"cursor:inherit\">\u0130\u00e7indekiler<\/p>\n<span class=\"ez-toc-title-toggle\"><a href=\"#\" class=\"ez-toc-pull-right ez-toc-btn ez-toc-btn-xs ez-toc-btn-default ez-toc-toggle\" aria-label=\"\u0130\u00e7indekiler Tablosunu A\u00e7\/Kapat\"><span class=\"ez-toc-js-icon-con\"><span class=\"\"><span class=\"eztoc-hide\" style=\"display:none;\">Toggle<\/span><span class=\"ez-toc-icon-toggle-span\"><svg style=\"fill: #ffffff;color:#ffffff\" xmlns=\"http:\/\/www.w3.org\/2000\/svg\" class=\"list-377408\" width=\"20px\" height=\"20px\" viewBox=\"0 0 24 24\" fill=\"none\"><path d=\"M6 6H4v2h2V6zm14 0H8v2h12V6zM4 11h2v2H4v-2zm16 0H8v2h12v-2zM4 16h2v2H4v-2zm16 0H8v2h12v-2z\" fill=\"currentColor\"><\/path><\/svg><svg style=\"fill: #ffffff;color:#ffffff\" class=\"arrow-unsorted-368013\" xmlns=\"http:\/\/www.w3.org\/2000\/svg\" width=\"10px\" height=\"10px\" viewBox=\"0 0 24 24\" version=\"1.2\" baseProfile=\"tiny\"><path d=\"M18.2 9.3l-6.2-6.3-6.2 6.3c-.2.2-.3.4-.3.7s.1.5.3.7c.2.2.4.3.7.3h11c.3 0 .5-.1.7-.3.2-.2.3-.5.3-.7s-.1-.5-.3-.7zM5.8 14.7l6.2 6.3 6.2-6.3c.2-.2.3-.5.3-.7s-.1-.5-.3-.7c-.2-.2-.4-.3-.7-.3h-11c-.3 0-.5.1-.7.3-.2.2-.3.5-.3.7s.1.5.3.7z\"\/><\/svg><\/span><\/span><\/span><\/a><\/span><\/div>\n<nav><ul class='ez-toc-list ez-toc-list-level-1 eztoc-toggle-hide-by-default' ><li class='ez-toc-page-1 ez-toc-heading-level-2'><a class=\"ez-toc-link ez-toc-heading-1\" href=\"https:\/\/www.turna.com\/blog\/isvec-gezilecek-yerler\/#isvecte_gormeniz_gereken_10_yer\" >\u0130sve\u00e7\u2019te G\u00f6rmeniz Gereken 10 Yer<\/a><ul class='ez-toc-list-level-3' ><li class='ez-toc-heading-level-3'><a class=\"ez-toc-link ez-toc-heading-2\" href=\"https:\/\/www.turna.com\/blog\/isvec-gezilecek-yerler\/#1_stockholm\" >1. Stockholm<\/a><\/li><li class='ez-toc-page-1 ez-toc-heading-level-3'><a class=\"ez-toc-link ez-toc-heading-3\" href=\"https:\/\/www.turna.com\/blog\/isvec-gezilecek-yerler\/#2_malmo\" >2. Malm\u00f6<\/a><\/li><li class='ez-toc-page-1 ez-toc-heading-level-3'><a class=\"ez-toc-link ez-toc-heading-4\" href=\"https:\/\/www.turna.com\/blog\/isvec-gezilecek-yerler\/#3_goteborg\" >3. G\u00f6teborg<\/a><\/li><li class='ez-toc-page-1 ez-toc-heading-level-3'><a class=\"ez-toc-link ez-toc-heading-5\" href=\"https:\/\/www.turna.com\/blog\/isvec-gezilecek-yerler\/#4_lulea\" >4. Lulea<\/a><\/li><li class='ez-toc-page-1 ez-toc-heading-level-3'><a class=\"ez-toc-link ez-toc-heading-6\" href=\"https:\/\/www.turna.com\/blog\/isvec-gezilecek-yerler\/#5_gotland\" >5. Gotland<\/a><\/li><li class='ez-toc-page-1 ez-toc-heading-level-3'><a class=\"ez-toc-link ez-toc-heading-7\" href=\"https:\/\/www.turna.com\/blog\/isvec-gezilecek-yerler\/#6_uppsala\" >6. Uppsala<\/a><\/li><li class='ez-toc-page-1 ez-toc-heading-level-3'><a class=\"ez-toc-link ez-toc-heading-8\" href=\"https:\/\/www.turna.com\/blog\/isvec-gezilecek-yerler\/#7_umea\" >7. Umea<\/a><\/li><li class='ez-toc-page-1 ez-toc-heading-level-3'><a class=\"ez-toc-link ez-toc-heading-9\" href=\"https:\/\/www.turna.com\/blog\/isvec-gezilecek-yerler\/#8_linkoping\" >8. Linkoping<\/a><\/li><li class='ez-toc-page-1 ez-toc-heading-level-3'><a class=\"ez-toc-link ez-toc-heading-10\" href=\"https:\/\/www.turna.com\/blog\/isvec-gezilecek-yerler\/#9_laponya_abisko\" >9. Laponya, Abisko<\/a><\/li><li class='ez-toc-page-1 ez-toc-heading-level-3'><a class=\"ez-toc-link ez-toc-heading-11\" href=\"https:\/\/www.turna.com\/blog\/isvec-gezilecek-yerler\/#10_kiruna\" >10. Kiruna<\/a><\/li><\/ul><\/li><li class='ez-toc-page-1 ez-toc-heading-level-2'><a class=\"ez-toc-link ez-toc-heading-12\" href=\"https:\/\/www.turna.com\/blog\/isvec-gezilecek-yerler\/#isvecte_bunlari_yapmadan_donmeyin\" >\u0130sve\u00e7\u2019te Bunlar\u0131 Yapmadan D\u00f6nmeyin<\/a><\/li><\/ul><\/nav><\/div>\n\n<p>Kuzey Avrupa\u2019n\u0131n kalbinde yer alan <strong><a href=\"https:\/\/www.turna.com\/blog\/ulkeler\/avrupa\/isvec\">\u0130sve\u00e7<\/a><\/strong>, \u0130skandinavya Yar\u0131madas\u0131 boyunca uzanan huzur dolu bir \u00fclke olarak tan\u0131n\u0131yor. Do\u011fusunda Finlandiya ve Bothnia K\u00f6rfezi, bat\u0131s\u0131nda Norve\u00e7, g\u00fcneyinde ise Balt\u0131k Denizi\u2019nin b\u00fcy\u00fcleyici k\u0131y\u0131lar\u0131yla \u00e7evrili olan bu \u00fclke, zengin k\u00fclt\u00fcr\u00fc ve etkileyici do\u011fas\u0131yla gezginleri kendine hayran b\u0131rakmay\u0131 ba\u015far\u0131yor. Refah seviyesiyle d\u00fcnyan\u0131n en ya\u015fanabilir \u00fclkelerinden biri olarak dikkat \u00e7eken \u0130sve\u00e7, modern \u015fehir tasar\u0131mlar\u0131 ve kaliteli e\u011fitim sistemiyle de \u00f6n plana \u00e7\u0131k\u0131yor.<\/p>\n\n\n\n<p>Ama k\u00fc\u00e7\u00fck bir uyar\u0131: \u0130sve\u00e7\u2019in k\u0131\u015f so\u011fu\u011fu biraz sert olabiliyor, seyahatiniz k\u0131\u015f aylar\u0131na denk geliyorsa, bavulunuza en kal\u0131n k\u0131yafetlerinizi eklemeyi sak\u0131n unutmay\u0131n! Karlar alt\u0131nda parlayan manzaralar\u0131 ve g\u00f6z al\u0131c\u0131 do\u011fa manzaralar\u0131n\u0131 ke\u015ffederken sizi s\u0131cac\u0131k tutacak termal k\u0131yafetler kurtar\u0131c\u0131n\u0131z olabilir. Haz\u0131rl\u0131klar tamamsa, \u015fimdi bu b\u00fcy\u00fcleyici \u00fclkenin masals\u0131 rotalar\u0131n\u0131 ke\u015ffetme zaman\u0131. \u0130\u015fte kar\u015f\u0131n\u0131zda \u0130sve\u00e7\u2019in mutlaka g\u00f6rmeniz gereken 10 pop\u00fcler rotas\u0131!<\/p>\n\n\n\n<h2 class=\"wp-block-heading has-text-align-center has-neeon-button-dark-gray-color has-text-color has-link-color wp-elements-138ae0243574e55d7fd29ee8a350b8d1\"><span class=\"ez-toc-section\" id=\"isvecte_gormeniz_gereken_10_yer\"><\/span><strong><strong>\u0130sve\u00e7\u2019te G\u00f6rmeniz Gereken 10 Yer<\/strong><\/strong><span class=\"ez-toc-section-end\"><\/span><\/h2>\n\n\n\n<h3 class=\"wp-block-heading has-text-align-center has-neeon-button-dark-gray-color has-text-color has-link-color wp-elements-fb32860c80e4cfb49e548a6983fcbe4c\"><span class=\"ez-toc-section\" id=\"1_stockholm\"><\/span><strong><strong><strong>1. Stockholm<\/strong><\/strong><\/strong><span class=\"ez-toc-section-end\"><\/span><\/h3>\n\n\n\n<figure class=\"wp-block-image\"><img width=\"800\" height=\"500\" data-public-id=\"Stockholm_hw8sdu\/Stockholm_hw8sdu.jpg\" fetchpriority=\"high\" decoding=\"async\" src=\"https:\/\/res.cloudinary.com\/turna\/images\/w_800,h_500,c_scale\/f_auto,q_auto:low\/v1521017518\/Stockholm_hw8sdu\/Stockholm_hw8sdu.jpg?_i=AA\" alt=\"\" class=\"wp-post-11959 wp-image-11990\" data-format=\"jpg\" data-transformations=\"f_auto,q_auto:low\" data-version=\"1521017518\" data-seo=\"1\" srcset=\"https:\/\/res.cloudinary.com\/turna\/images\/f_auto,q_auto:low\/v1521017518\/Stockholm_hw8sdu\/Stockholm_hw8sdu.jpg?_i=AA 800w, https:\/\/res.cloudinary.com\/turna\/images\/w_300,h_188,c_scale\/f_auto,q_auto:low\/v1521017518\/Stockholm_hw8sdu\/Stockholm_hw8sdu.jpg?_i=AA 300w, https:\/\/res.cloudinary.com\/turna\/images\/w_672,h_420,c_scale\/f_auto,q_auto:low\/v1521017518\/Stockholm_hw8sdu\/Stockholm_hw8sdu.jpg?_i=AA 672w, https:\/\/res.cloudinary.com\/turna\/images\/w_640,h_400,c_scale\/f_auto,q_auto:low\/v1521017518\/Stockholm_hw8sdu\/Stockholm_hw8sdu.jpg?_i=AA 640w, https:\/\/res.cloudinary.com\/turna\/images\/w_681,h_426,c_scale\/f_auto,q_auto:low\/v1521017518\/Stockholm_hw8sdu\/Stockholm_hw8sdu.jpg?_i=AA 681w\" sizes=\"(max-width: 800px) 100vw, 800px\" \/><\/figure>\n\n\n\n<p>\u0130sve\u00e7\u2019in ba\u015fkenti ve n\u00fcfus bak\u0131m\u0131ndan da en b\u00fcy\u00fck \u015fehri olan <strong>Stockholm<\/strong>\u2019e ba\u011fl\u0131 14 ada bulunuyor. \u00dclkenin k\u00fclt\u00fcr sanat, siyaset ve ekonomi merkezi olarak da bilinen bu \u015fehirde yakla\u015f\u0131k bir milyon ki\u015fi ya\u015f\u0131yor. Stockholm\u2019de Gamla Stan (Eski \u015eehir), 13. y\u00fczy\u0131ldan kalma su kanallar\u0131, Riddarholmen Church, Stockholm Katedrali, Vasterlanggatan ve \u00d6sterlanggatan caddeleri ile Royal Palace gibi pek \u00e7ok turistik yer ke\u015ffedebilirsiniz.<\/p>\n\n\n\n<h3 class=\"wp-block-heading has-text-align-center has-neeon-button-dark-gray-color has-text-color has-link-color wp-elements-eb961196be08eeb05538ad5fea075755\"><span class=\"ez-toc-section\" id=\"2_malmo\"><\/span><strong><strong><strong>2. Malm\u00f6<\/strong><\/strong><\/strong><span class=\"ez-toc-section-end\"><\/span><\/h3>\n\n\n\n<p><strong>Malm\u00f6<\/strong>, \u0130sve\u00e7\u2019in en pop\u00fcler \u015fehirlerinden biri. \u00dclke n\u00fcfusunun y\u00fczde yedisi de bu \u015fehirde ya\u015f\u0131yor. E\u011fer \u0130sve\u00e7\u2019in k\u00fclt\u00fcrel dokusunu ke\u015ffetme hayali ile bu \u00fclkeyi ziyaret ediyorsan\u0131z, Malm\u00f6\u2019y\u00fc g\u00f6rmeden buradan ayr\u0131lmamal\u0131s\u0131n\u0131z. \u015eehirde g\u00f6r\u00fclmesi gereken yerler aras\u0131nda Malm\u00f6hus Kalesi, Storroget \u015eehir Meydan\u0131, Lilla Torg ve \u00d6resund K\u00f6pr\u00fcs\u00fc olduk\u00e7a ilgi \u00e7ekiyor.<\/p>\n\n\n\n<h3 class=\"wp-block-heading has-text-align-center has-neeon-button-dark-gray-color has-text-color has-link-color wp-elements-40ee3a1e0dd2033bb925bd8fc4229596\"><span class=\"ez-toc-section\" id=\"3_goteborg\"><\/span><strong><strong><strong>3. G\u00f6teborg<\/strong><\/strong><\/strong><span class=\"ez-toc-section-end\"><\/span><\/h3>\n\n\n\n<figure class=\"wp-block-image\"><img width=\"800\" height=\"500\" data-public-id=\"Go%CC%88teborg_ka4rcz\/Go%CC%88teborg_ka4rcz.jpg\" decoding=\"async\" src=\"data:image\/svg+xml;base64,PHN2ZyB4bWxucz0iaHR0cDovL3d3dy53My5vcmcvMjAwMC9zdmciIHdpZHRoPSI4MDAiIGhlaWdodD0iNTAwIj48cmVjdCB3aWR0aD0iMTAwJSIgaGVpZ2h0PSIxMDAlIj48YW5pbWF0ZSBhdHRyaWJ1dGVOYW1lPSJmaWxsIiB2YWx1ZXM9InJnYmEoMTUzLDE1MywxNTMsMC41KTtyZ2JhKDE1MywxNTMsMTUzLDAuMSk7cmdiYSgxNTMsMTUzLDE1MywwLjUpIiBkdXI9IjJzIiByZXBlYXRDb3VudD0iaW5kZWZpbml0ZSIgLz48L3JlY3Q+PC9zdmc+\" alt=\"\" class=\"wp-post-11959 wp-image-11988\" data-format=\"jpg\" data-transformations=\"f_auto,q_auto\/f_auto,q_auto:low\" data-version=\"1521017475\" data-seo=\"1\" data-size=\"800 500\" data-delivery=\"upload\" onload=\";window.CLDBind?CLDBind(this):null;\" data-cloudinary=\"lazy\" \/><\/figure>\n\n\n\n<p>\u00dclkenin en b\u00fcy\u00fck ikinci \u015fehri olan ve i\u00e7inde iki \u00fcniversitenin hizmet verdi\u011fi<strong> G\u00f6teborg<\/strong>, 60 bini a\u015fan kalabal\u0131k \u00f6\u011frenci n\u00fcfusuyla \u00fclkenin \u00f6\u011frenci \u015fehri olarak biliniyor. \u015eehir, \u0130svi\u00e7re\u2019nin g\u00fcneybat\u0131s\u0131nda, ba\u015fkent Stockholm\u2019e yakla\u015f\u0131k 4 saat uzakl\u0131kta yer al\u0131yor. Neredeyse t\u00fcm \u015fehri saran geni\u015f tramvay a\u011f\u0131 ise bu \u015fehri ke\u015ffetmek i\u00e7in en keyifli ve kolay ara\u00e7lardan biri olarak \u00f6ne \u00e7\u0131k\u0131yor. Yolu G\u00f6teborg\u2019a d\u00fc\u015fenler; Liseberg E\u011flence Park\u0131, Slotsskogen ve Botanik Bah\u00e7esi gibi yerleri ziyaret etmeyi de ihmal etmemeli.<\/p>\n\n\n\n<h3 class=\"wp-block-heading has-text-align-center has-neeon-button-dark-gray-color has-text-color has-link-color wp-elements-e42d29d8dfd28d9300bf794171cfafd7\"><span class=\"ez-toc-section\" id=\"4_lulea\"><\/span><strong><strong><strong>4. Lulea<\/strong><\/strong><\/strong><span class=\"ez-toc-section-end\"><\/span><\/h3>\n\n\n\n<p>Lulea, \u0130sve\u00e7\u2019in kuzeyinde, Bothnia K\u00f6rfezi k\u0131y\u0131s\u0131nda yer al\u0131yor ve hem zengin tarihi hem de g\u00f6steri\u015fli do\u011fas\u0131yla gezginleri b\u00fcy\u00fcleyen bir liman \u015fehri olarak tan\u0131n\u0131yor. UNESCO D\u00fcnya Miras\u0131 Listesi\u2019nde yer alan Gammelstad Kilise Kasabas\u0131, 15. y\u00fczy\u0131ldan kalma ah\u015fap kilisesi ve ta\u015f d\u00f6\u015feli sokaklar\u0131yla dikkat \u00e7ekiyor. K\u0131\u015f aylar\u0131nda donmu\u015f deniz \u00fczerinde y\u00fcr\u00fcy\u00fc\u015f yapmak ya da buz pateniyle yeni deneyimler ya\u015famak da bu destinasyonda olduk\u00e7a pop\u00fcler. Kuzey Kutup Dairesi\u2019ne yak\u0131n olmas\u0131, Aurora Borealis\u2019i izlemek i\u00e7in de buray\u0131 m\u00fckemmel bir durak haline getiriyor. Ayr\u0131ca Lulea, \u0130sve\u00e7\u2019in teknoloji merkezi olarak da biliniyor.<\/p>\n\n\n\n<h3 class=\"wp-block-heading has-text-align-center has-neeon-button-dark-gray-color has-text-color has-link-color wp-elements-1e0b19533326ed32ce23d3f622824976\"><span class=\"ez-toc-section\" id=\"5_gotland\"><\/span><strong><strong><strong>5. Gotland<\/strong><\/strong><\/strong><span class=\"ez-toc-section-end\"><\/span><\/h3>\n\n\n\n<figure class=\"wp-block-image\"><img width=\"800\" height=\"500\" data-public-id=\"Gotland_qoe4wb\/Gotland_qoe4wb.jpg\" decoding=\"async\" src=\"https:\/\/res.cloudinary.com\/turna\/images\/w_800,h_500,c_scale\/f_auto,q_auto:low\/v1521017504\/Gotland_qoe4wb\/Gotland_qoe4wb.jpg?_i=AA\" alt=\"\" class=\"wp-post-11959 wp-image-11989\" data-format=\"jpg\" data-transformations=\"f_auto,q_auto:low\" data-version=\"1521017504\" data-seo=\"1\" srcset=\"https:\/\/res.cloudinary.com\/turna\/images\/f_auto,q_auto:low\/v1521017504\/Gotland_qoe4wb\/Gotland_qoe4wb.jpg?_i=AA 800w, https:\/\/res.cloudinary.com\/turna\/images\/w_300,h_188,c_scale\/f_auto,q_auto:low\/v1521017504\/Gotland_qoe4wb\/Gotland_qoe4wb.jpg?_i=AA 300w, https:\/\/res.cloudinary.com\/turna\/images\/w_672,h_420,c_scale\/f_auto,q_auto:low\/v1521017504\/Gotland_qoe4wb\/Gotland_qoe4wb.jpg?_i=AA 672w, https:\/\/res.cloudinary.com\/turna\/images\/w_640,h_400,c_scale\/f_auto,q_auto:low\/v1521017504\/Gotland_qoe4wb\/Gotland_qoe4wb.jpg?_i=AA 640w, https:\/\/res.cloudinary.com\/turna\/images\/w_681,h_426,c_scale\/f_auto,q_auto:low\/v1521017504\/Gotland_qoe4wb\/Gotland_qoe4wb.jpg?_i=AA 681w\" sizes=\"(max-width: 800px) 100vw, 800px\" \/><\/figure>\n\n\n\n<p>Orta \u00c7a\u011f esintileri ta\u015f\u0131yan sokaklar\u0131, da\u011fc\u0131l\u0131k ve t\u0131rman\u0131\u015f merakl\u0131lar\u0131n\u0131 maceradan maceraya s\u00fcr\u00fckleyen outdoor b\u00f6lgelerinin yan\u0131 s\u0131ra \u0130biza gecelerini aratmayan \u00e7\u0131lg\u0131n ve renkli e\u011flence ya\u015fam\u0131yla da ad\u0131ndan s\u00f6z ettiren <strong>Gotland<\/strong>; \u0130sve\u00e7\u2019e giden turistlerin ve gezginlerin vazge\u00e7ilmez ziyaret noktalar\u0131ndan biri. Gotland\u2019a gitti\u011finizde Orta \u00c7a\u011f havas\u0131n\u0131 bulabilece\u011finiz festivallerin bir par\u00e7as\u0131 olarak, b\u00f6lgenin tarihi ruhunu daha iyi hissedebilirsiniz.<\/p>\n\n\n\n<h3 class=\"wp-block-heading has-text-align-center has-neeon-button-dark-gray-color has-text-color has-link-color wp-elements-c7517f30229536adf7abb492228ec4c4\"><span class=\"ez-toc-section\" id=\"6_uppsala\"><\/span><strong><strong><strong>6. Uppsala<\/strong><\/strong><\/strong><span class=\"ez-toc-section-end\"><\/span><\/h3>\n\n\n\n<figure class=\"wp-block-image size-large\"><img decoding=\"async\" src=\"https:\/\/res.cloudinary.com\/turna\/image\/upload\/v1732861378\/wordpress-contents\/uppsala-isve%C3%A7.png\" alt=\"\"\/><\/figure>\n\n\n\n<p>Uppsala, \u0130sve\u00e7\u2019in en eski ve en tarihi \u015fehirlerinden biri olarak, zamana meydan okuyan bir cazibe dura\u011f\u0131. \u0130skandinavya\u2019n\u0131n en b\u00fcy\u00fck katedrali olan Uppsala Katedrali bu lokasyonda yer al\u0131yor ve ge\u00e7mi\u015ften g\u00fcn\u00fcm\u00fcze gotik mimarisi ve zarif vitraylar\u0131yla ziyaret\u00e7ilerini b\u00fcy\u00fcl\u00fcyor. \u015eehir ayn\u0131 zamanda modern botanik biliminin kurucusu Carl Linnaeus\u2019un evi olmas\u0131yla da tan\u0131n\u0131yor. Linnaeus Bah\u00e7esi\u2019ni ve m\u00fczesini ziyaret ederek botanik tarihine dair b\u00fcy\u00fcleyici bilgiler ke\u015ffedilebiliyor. Uppsala \u00dcniversitesi\u2019nin \u00e7evresinde ise olduk\u00e7a dinamik bir \u00f6\u011frenci hayat\u0131 var, bu da \u015fehre enerjik ve gen\u00e7 bir atmosfer kat\u0131yor. \u015eehir merkezindeki ta\u015f d\u00f6\u015feli sokaklar, yerel pazarlar ve \u015firin kafeler, \u0130sve\u00e7\u2019in sakin ve s\u0131cak yan\u0131n\u0131 ke\u015ffetmek i\u00e7in ideal \u00f6zellik ta\u015f\u0131yor.&nbsp;<\/p>\n\n\n\n<h3 class=\"wp-block-heading has-text-align-center has-neeon-button-dark-gray-color has-text-color has-link-color wp-elements-4a210ceb966562ef3eaa2ba15651873c\"><span class=\"ez-toc-section\" id=\"7_umea\"><\/span><strong><strong><strong>7. Umea<\/strong><\/strong><\/strong><span class=\"ez-toc-section-end\"><\/span><\/h3>\n\n\n\n<figure class=\"wp-block-image size-full\"><img width=\"800\" height=\"500\" data-public-id=\"umea-isvec\/umea-isvec.jpg\" decoding=\"async\" src=\"https:\/\/res.cloudinary.com\/turna\/images\/w_800,h_500,c_scale\/f_auto,q_auto:low\/v1619278487\/umea-isvec\/umea-isvec.jpg?_i=AA\" alt=\"umea-isvec\" class=\"wp-post-11959 wp-image-19035\" data-format=\"jpg\" data-transformations=\"f_auto,q_auto:low\" data-version=\"1619278487\" data-seo=\"1\" srcset=\"https:\/\/res.cloudinary.com\/turna\/images\/f_auto,q_auto:low\/v1619278487\/umea-isvec\/umea-isvec.jpg?_i=AA 800w, https:\/\/res.cloudinary.com\/turna\/images\/w_300,h_188,c_scale\/f_auto,q_auto:low\/v1619278487\/umea-isvec\/umea-isvec.jpg?_i=AA 300w, https:\/\/res.cloudinary.com\/turna\/images\/w_672,h_420,c_scale\/f_auto,q_auto:low\/v1619278487\/umea-isvec\/umea-isvec.jpg?_i=AA 672w, https:\/\/res.cloudinary.com\/turna\/images\/w_640,h_400,c_scale\/f_auto,q_auto:low\/v1619278487\/umea-isvec\/umea-isvec.jpg?_i=AA 640w, https:\/\/res.cloudinary.com\/turna\/images\/w_681,h_426,c_scale\/f_auto,q_auto:low\/v1619278487\/umea-isvec\/umea-isvec.jpg?_i=AA 681w\" sizes=\"(max-width: 800px) 100vw, 800px\" \/><\/figure>\n\n\n\n<p>Umea, modern sanat, k\u00fclt\u00fcr ve do\u011fan\u0131n ideal bir kar\u0131\u015f\u0131m\u0131n\u0131 sunan ve \u0130sve\u00e7\u2019in kuzeyinde konumlanan dinamik bir \u015fehir olarak biliniyor. 2014 y\u0131l\u0131nda \u0130skandinavya\u2019n\u0131n K\u00fclt\u00fcr Ba\u015fkenti se\u00e7ilen Umea, Bildmuseet \u00c7a\u011fda\u015f Sanat M\u00fczesi gibi etkileyici mekanlar\u0131yla \u00f6zellikle sanatseverlere hitap ediyor. Do\u011faseverler i\u00e7in Ume Nehri k\u0131y\u0131lar\u0131nda y\u00fcr\u00fcy\u00fc\u015f yapmak ya da yak\u0131ndaki Bj\u00f6rkliden Ormanlar\u0131\u2019nda ke\u015ffe \u00e7\u0131kmak e\u015fsiz bir deneyimin kap\u0131lar\u0131n\u0131 aral\u0131yor. Bu dinamik \u0130sve\u00e7 kentinde k\u0131\u015f aylar\u0131nda donmu\u015f nehirlerde buz pateni yapabilir, karla kapl\u0131 sokaklar\u0131nda \u0130sve\u00e7\u2019in \u00fcnl\u00fc fika molas\u0131n\u0131n tad\u0131n\u0131 \u00e7\u0131karabilirsiniz.&nbsp;<\/p>\n\n\n\n<h3 class=\"wp-block-heading has-text-align-center has-neeon-button-dark-gray-color has-text-color has-link-color wp-elements-5e8c9c51aad2f1f478d8560c6db7651b\"><span class=\"ez-toc-section\" id=\"8_linkoping\"><\/span><strong><strong><strong>8. Linkoping<\/strong><\/strong><\/strong><span class=\"ez-toc-section-end\"><\/span><\/h3>\n\n\n\n<p>Link\u00f6ping, \u0130sve\u00e7\u2019in g\u00fcneyinde yer al\u0131yor ve \u00f6zellikle zengin tarihi dokusuyla modern ya\u015fam\u0131 harmanlayan kendine has yap\u0131s\u0131yla dikkat \u00e7ekiyor. \u015eehirde, Orta \u00c7a\u011f atmosferini yeniden canland\u0131ran Gamla Link\u00f6ping A\u00e7\u0131k Hava M\u00fczesi, ziyaret\u00e7ilerine adeta bir zaman yolculu\u011fu yapma olana\u011f\u0131 yarat\u0131yor. Gotik mimarisiyle g\u00f6z dolduran Link\u00f6ping Katedrali, \u015fehrin en ikonik yap\u0131lar\u0131 aras\u0131nda yer al\u0131yor. Do\u011fayla i\u00e7 i\u00e7e bir deneyim arayanlar\u0131 da mutlu etmeyi ba\u015faran bu rotada G\u00f6ta Kanal\u0131 boyunca d\u00fczenlenen tekne turlar\u0131, huzur dolu bir ke\u015fif olana\u011f\u0131 sunuyor. \u0130sve\u00e7\u2019in havac\u0131l\u0131k end\u00fcstrisinin kalbi de bu \u015fehirde at\u0131yor.\u00a0<\/p>\n\n\n\n<h3 class=\"wp-block-heading has-text-align-center has-neeon-button-dark-gray-color has-text-color has-link-color wp-elements-2e088e8c15e5372b037096f313a088c5\"><span class=\"ez-toc-section\" id=\"9_laponya_abisko\"><\/span><strong><strong><strong>9. Laponya, Abisko<\/strong><\/strong><\/strong><span class=\"ez-toc-section-end\"><\/span><\/h3>\n\n\n\n<figure class=\"wp-block-image size-full\"><img width=\"800\" height=\"500\" loading=\"lazy\" decoding=\"async\" src=\"data:image\/svg+xml;base64,PHN2ZyB4bWxucz0iaHR0cDovL3d3dy53My5vcmcvMjAwMC9zdmciIHdpZHRoPSI4MDAiIGhlaWdodD0iNTAwIj48cmVjdCB3aWR0aD0iMTAwJSIgaGVpZ2h0PSIxMDAlIj48YW5pbWF0ZSBhdHRyaWJ1dGVOYW1lPSJmaWxsIiB2YWx1ZXM9InJnYmEoMTUzLDE1MywxNTMsMC41KTtyZ2JhKDE1MywxNTMsMTUzLDAuMSk7cmdiYSgxNTMsMTUzLDE1MywwLjUpIiBkdXI9IjJzIiByZXBlYXRDb3VudD0iaW5kZWZpbml0ZSIgLz48L3JlY3Q+PC9zdmc+\" alt=\"\" class=\"wp-post-11959 wp-image-4778\" data-public-id=\"Kuzey-Isiklari_fzsupy\/Kuzey-Isiklari_fzsupy.jpg\" data-format=\"jpg\" data-transformations=\"f_auto,q_auto:low\" data-version=\"1476114945\" data-seo=\"1\" data-size=\"800 500\" data-srcset=\"https:\/\/res.cloudinary.com\/turna\/images\/f_auto,q_auto:low\/v1476114945\/Kuzey-Isiklari_fzsupy\/Kuzey-Isiklari_fzsupy.jpg?_i=AA 800w, https:\/\/res.cloudinary.com\/turna\/images\/w_300,h_188,c_scale\/f_auto,q_auto:low\/v1476114945\/Kuzey-Isiklari_fzsupy\/Kuzey-Isiklari_fzsupy.jpg?_i=AA 300w, https:\/\/res.cloudinary.com\/turna\/images\/w_672,h_420,c_scale\/f_auto,q_auto:low\/v1476114945\/Kuzey-Isiklari_fzsupy\/Kuzey-Isiklari_fzsupy.jpg?_i=AA 672w, https:\/\/res.cloudinary.com\/turna\/images\/w_640,h_400,c_scale\/f_auto,q_auto:low\/v1476114945\/Kuzey-Isiklari_fzsupy\/Kuzey-Isiklari_fzsupy.jpg?_i=AA 640w, https:\/\/res.cloudinary.com\/turna\/images\/w_681,h_426,c_scale\/f_auto,q_auto:low\/v1476114945\/Kuzey-Isiklari_fzsupy\/Kuzey-Isiklari_fzsupy.jpg?_i=AA 681w\" data-sizes=\"(max-width: 800px) 100vw, 800px\" data-delivery=\"upload\" onload=\";window.CLDBind?CLDBind(this):null;\" data-cloudinary=\"lazy\" \/><\/figure>\n\n\n\n<p>Laponya\u2019n\u0131n tam kalbinde yer alan Abisko, do\u011faseverler ve macera tutkunlar\u0131 i\u00e7in ger\u00e7ek bir cennet. Abisko Ulusal Park\u0131 ise Kuzey Kutup Dairesi\u2019nin b\u00fcy\u00fcleyici do\u011fas\u0131n\u0131 ke\u015ffetmek i\u00e7in ideal bir ba\u015flang\u0131\u00e7 noktas\u0131. Karlarla kapl\u0131 da\u011flar, donmu\u015f g\u00f6ller ve Kuzey I\u015f\u0131klar\u0131n\u0131n dans\u0131yla canlanan \u0131\u015f\u0131l \u0131\u015f\u0131l bir g\u00f6ky\u00fcz\u00fc, burada gezginleri bekleyen manzaralardan sadece birka\u00e7\u0131. Bu destinasyon, \u00f6zellikle d\u00fcnyan\u0131n en g\u00fczel Kuzey I\u015f\u0131klar\u0131 deneyimlerinden birini sunmas\u0131yla tan\u0131n\u0131yor ve Aurora Sky Station\u2019da, karanl\u0131k k\u0131\u015f gecelerinde b\u00fcy\u00fcleyici \u0131\u015f\u0131klar\u0131n dans\u0131n\u0131 izlenebiliyor.<\/p>\n\n\n\n<p>Kros kaya\u011f\u0131, kar ayakkab\u0131s\u0131yla y\u00fcr\u00fcy\u00fc\u015f ve k\u00f6pek k\u0131zaklar\u0131 gibi aktiviteler de b\u00f6lgenin sundu\u011fu macera dolu deneyimler aras\u0131nda yer al\u0131yor. Abisko, \u0130sve\u00e7\u2019in vah\u015fi do\u011fas\u0131n\u0131 hissetmek ve k\u0131\u015f\u0131n b\u00fcy\u00fcs\u00fcn\u00fc tam anlam\u0131yla ya\u015famak i\u00e7in do\u011fru tercih.<\/p>\n\n\n\n<h3 class=\"wp-block-heading has-text-align-center has-neeon-button-dark-gray-color has-text-color has-link-color wp-elements-11aaba5c71ddbbb018e52e00790f1e6d\"><span class=\"ez-toc-section\" id=\"10_kiruna\"><\/span><strong><strong><strong>10. Kiruna<\/strong><\/strong><\/strong><span class=\"ez-toc-section-end\"><\/span><\/h3>\n\n\n\n<p>Kiruna, \u0130sve\u00e7\u2019in en kuzeyindeki \u015fehri ve Kuzey Kutup Dairesi\u2019nin hemen alt\u0131ndaki konumuyla bir k\u0131\u015f masal\u0131n\u0131 ya\u015famak isteyenlerin g\u00f6zde rotalar\u0131 aras\u0131nda yer al\u0131yor. Bu b\u00fcy\u00fcleyici \u015fehir \u00f6zellikle d\u00fcnyan\u0131n ilk buzdan oteli olan Icehotel ile tan\u0131n\u0131yor. Burada buzdan yap\u0131lm\u0131\u015f odalarda konaklayabilir ve her y\u0131l yeniden tasarlanan buz heykelleri aras\u0131nda benzersiz bir deneyime ad\u0131m atabilirsiniz. \u00dcstelik Kiruna, ayn\u0131 zamanda Kuzey I\u015f\u0131klar\u0131\u2019n\u0131 izlemek i\u00e7in de en ideal noktalardan biri. Ayr\u0131ca Kiruna\u2019da Sami k\u00fclt\u00fcr\u00fcn\u00fc ke\u015ffedebilir ve geleneksel ren geyi\u011fi k\u0131zak turlar\u0131yla benzersiz k\u0131\u015f deneyimleri ya\u015fayabilirsiniz.<\/p>\n\n\n\n<h2 class=\"wp-block-heading has-text-align-center has-neeon-button-dark-gray-color has-text-color has-link-color wp-elements-ff3873ddf74466457cb6a1f5e3f16f56\"><span class=\"ez-toc-section\" id=\"isvecte_bunlari_yapmadan_donmeyin\"><\/span><strong><strong>\u0130sve\u00e7\u2019te Bunlar\u0131 Yapmadan D\u00f6nmeyin<\/strong><\/strong><span class=\"ez-toc-section-end\"><\/span><\/h2>\n\n\n\n<figure class=\"wp-block-image size-full\"><img width=\"800\" height=\"500\" loading=\"lazy\" decoding=\"async\" src=\"data:image\/svg+xml;base64,PHN2ZyB4bWxucz0iaHR0cDovL3d3dy53My5vcmcvMjAwMC9zdmciIHdpZHRoPSI4MDAiIGhlaWdodD0iNTAwIj48cmVjdCB3aWR0aD0iMTAwJSIgaGVpZ2h0PSIxMDAlIj48YW5pbWF0ZSBhdHRyaWJ1dGVOYW1lPSJmaWxsIiB2YWx1ZXM9InJnYmEoMTUzLDE1MywxNTMsMC41KTtyZ2JhKDE1MywxNTMsMTUzLDAuMSk7cmdiYSgxNTMsMTUzLDE1MywwLjUpIiBkdXI9IjJzIiByZXBlYXRDb3VudD0iaW5kZWZpbml0ZSIgLz48L3JlY3Q+PC9zdmc+\" alt=\"\" class=\"wp-post-11959 wp-image-3664\" data-public-id=\"Stockholm-Isvec_y74hf4\/Stockholm-Isvec_y74hf4.jpg\" data-format=\"jpg\" data-transformations=\"f_auto,q_auto:low\" data-version=\"1469541233\" data-seo=\"1\" data-size=\"800 500\" data-srcset=\"https:\/\/res.cloudinary.com\/turna\/images\/f_auto,q_auto:low\/v1469541233\/Stockholm-Isvec_y74hf4\/Stockholm-Isvec_y74hf4.jpg?_i=AA 800w, https:\/\/res.cloudinary.com\/turna\/images\/w_300,h_188,c_scale\/f_auto,q_auto:low\/v1469541233\/Stockholm-Isvec_y74hf4\/Stockholm-Isvec_y74hf4.jpg?_i=AA 300w, https:\/\/res.cloudinary.com\/turna\/images\/w_672,h_420,c_scale\/f_auto,q_auto:low\/v1469541233\/Stockholm-Isvec_y74hf4\/Stockholm-Isvec_y74hf4.jpg?_i=AA 672w, https:\/\/res.cloudinary.com\/turna\/images\/w_640,h_400,c_scale\/f_auto,q_auto:low\/v1469541233\/Stockholm-Isvec_y74hf4\/Stockholm-Isvec_y74hf4.jpg?_i=AA 640w, https:\/\/res.cloudinary.com\/turna\/images\/w_681,h_426,c_scale\/f_auto,q_auto:low\/v1469541233\/Stockholm-Isvec_y74hf4\/Stockholm-Isvec_y74hf4.jpg?_i=AA 681w\" data-sizes=\"(max-width: 800px) 100vw, 800px\" data-delivery=\"upload\" onload=\";window.CLDBind?CLDBind(this):null;\" data-cloudinary=\"lazy\" \/><\/figure>\n\n\n\n<ul class=\"wp-block-list\">\n<li>Kiruna\u2019daki d\u00fcnyaca \u00fcnl\u00fc buz otelde bir gece ge\u00e7irin ve unutulmaz bir deneyim ya\u015fay\u0131n.<\/li>\n\n\n\n<li>Abisko\u2019da Aurora Sky Station\u2019da Kuzey I\u015f\u0131klar\u0131\u2019n\u0131n b\u00fcy\u00fcs\u00fcne kap\u0131l\u0131n, do\u011fan\u0131n g\u00f6rkemine tan\u0131kl\u0131k edin.<\/li>\n\n\n\n<li>Karlstad\u2019da Avrupa\u2019n\u0131n en b\u00fcy\u00fck g\u00f6l\u00fc \u00fczerinde huzurlu bir tekne turuna kat\u0131l\u0131n.<\/li>\n\n\n\n<li>Malm\u00f6\u2019n\u00fcn Lilla Torg Meydan\u0131\u2019nda yerel lezzetlerin tad\u0131n\u0131 \u00e7\u0131kar\u0131n.<\/li>\n\n\n\n<li>Lulea\u2019da k\u0131\u015f\u0131n donmu\u015f Bothnia K\u00f6rfezi\u2019nde benzersiz bir y\u00fcr\u00fcy\u00fc\u015f yap\u0131n.<\/li>\n\n\n\n<li>Gotland\u2019\u0131n Orta \u00c7a\u011f festivallerine kat\u0131l\u0131n.<\/li>\n\n\n\n<li>G\u00f6ta Kanal\u0131\u2019nda d\u00fczenlenen huzurlu turlarda bu sakin destinasyonun keyfini \u00e7\u0131kar\u0131n.<\/li>\n\n\n\n<li>Lund Katedrali\u2019nde astronomik saati izleyin.<\/li>\n\n\n\n<li>\u0130sve\u00e7\u2019in \u00fcnl\u00fc kahve molas\u0131 k\u00fclt\u00fcr\u00fc fikay\u0131 deneyimleyin.<\/li>\n<\/ul>\n\n\n\n<p>E\u011fer siz de tarihi dokusu, k\u00fclt\u00fcrel zenginli\u011fi ve do\u011fal g\u00fczellikleriyle b\u00fcy\u00fcleyen bu \u015fahane Kuzey Avrupa \u015fehrini ziyaret edip, huzur dolu sokaklar\u0131nda keyifli zamanlar ge\u00e7irmek istiyorsan\u0131z, <a href=\"https:\/\/www.turna.com\/ucak-bileti\/isvec\" target=\"_blank\" rel=\"noopener noreferrer\">\u0130sve\u00e7 u\u00e7ak bileti<\/a> kampanyalar\u0131n\u0131 de\u011ferlendirebilirsiniz. \u015eimdi \u0130sve\u00e7\u2019in birbirinden etkileyici sokaklar\u0131n\u0131 ke\u015ffetme zaman\u0131.<\/p>\n\n    <div class=\"xs_social_share_widget xs_share_url after_content \t\tmain_content  wslu-style-1 wslu-share-box-shaped wslu-fill-colored wslu-none wslu-share-horizontal wslu-theme-font-no wslu-main_content\">\n\n\t\t\n        <ul>\n\t\t\t        <\/ul>\n    <\/div> \n","protected":false},"excerpt":{"rendered":"<p>Kuzey Avrupa\u2019n\u0131n kalbinde yer alan \u0130sve\u00e7, \u0130skandinavya Yar\u0131madas\u0131 boyunca uzanan huzur dolu bir \u00fclke olarak tan\u0131n\u0131yor. Do\u011fusunda Finlandiya ve Bothnia K\u00f6rfezi, bat\u0131s\u0131nda Norve\u00e7, g\u00fcneyinde ise Balt\u0131k Denizi\u2019nin b\u00fcy\u00fcleyici k\u0131y\u0131lar\u0131yla \u00e7evrili olan bu \u00fclke, zengin k\u00fclt\u00fcr\u00fc ve etkileyici do\u011fas\u0131yla gezginleri kendine hayran b\u0131rakmay\u0131 ba\u015far\u0131yor. Refah seviyesiyle d\u00fcnyan\u0131n en ya\u015fanabilir \u00fclkelerinden biri olarak dikkat \u00e7eken \u0130sve\u00e7, modern [&hellip;]<\/p>\n","protected":false},"author":44,"featured_media":11988,"comment_status":"open","ping_status":"open","sticky":false,"template":"","format":"standard","meta":{"rop_custom_images_group":[],"rop_custom_messages_group":[],"rop_publish_now":"initial","rop_publish_now_accounts":[],"rop_publish_now_history":[],"rop_publish_now_status":"pending","_cloudinary_featured_overwrite":false,"footnotes":""},"categories":[1207],"tags":[1569,1570,561,2489,1208,1329],"class_list":["post-11959","post","type-post","status-publish","format-standard","has-post-thumbnail","hentry","category-isvec","tag-goteburg","tag-gotland","tag-isvec","tag-lulea","tag-malmo","tag-stokholm"],"_links":{"self":[{"href":"https:\/\/www.turna.com\/blog\/wp-json\/wp\/v2\/posts\/11959","targetHints":{"allow":["GET"]}}],"collection":[{"href":"https:\/\/www.turna.com\/blog\/wp-json\/wp\/v2\/posts"}],"about":[{"href":"https:\/\/www.turna.com\/blog\/wp-json\/wp\/v2\/types\/post"}],"author":[{"embeddable":true,"href":"https:\/\/www.turna.com\/blog\/wp-json\/wp\/v2\/users\/44"}],"replies":[{"embeddable":true,"href":"https:\/\/www.turna.com\/blog\/wp-json\/wp\/v2\/comments?post=11959"}],"version-history":[{"count":0,"href":"https:\/\/www.turna.com\/blog\/wp-json\/wp\/v2\/posts\/11959\/revisions"}],"wp:featuredmedia":[{"embeddable":true,"href":"https:\/\/www.turna.com\/blog\/wp-json\/wp\/v2\/media\/11988"}],"wp:attachment":[{"href":"https:\/\/www.turna.com\/blog\/wp-json\/wp\/v2\/media?parent=11959"}],"wp:term":[{"taxonomy":"category","embeddable":true,"href":"https:\/\/www.turna.com\/blog\/wp-json\/wp\/v2\/categories?post=11959"},{"taxonomy":"post_tag","embeddable":true,"href":"https:\/\/www.turna.com\/blog\/wp-json\/wp\/v2\/tags?post=11959"}],"curies":[{"name":"wp","href":"https:\/\/api.w.org\/{rel}","templated":true}]}}