{"id":11789,"date":"2018-04-20T08:09:09","date_gmt":"2018-04-20T05:09:09","guid":{"rendered":"https:\/\/www.turna.com\/blog\/?p=11789"},"modified":"2024-09-16T12:53:00","modified_gmt":"2024-09-16T09:53:00","slug":"urdun-gezilecek-yerler","status":"publish","type":"post","link":"https:\/\/www.turna.com\/blog\/urdun-gezilecek-yerler","title":{"rendered":"\u00dcrd\u00fcn&#8217;de Gezilecek Yerler: \u00dcrd\u00fcn&#8217;\u00fcn Tarihi ve Turistik Yerleri"},"content":{"rendered":"<div id=\"ez-toc-container\" class=\"ez-toc-v2_0_82_2 counter-hierarchy ez-toc-counter ez-toc-black ez-toc-container-direction\">\n<div class=\"ez-toc-title-container\">\n<p class=\"ez-toc-title\" style=\"cursor:inherit\">\u0130\u00e7indekiler<\/p>\n<span class=\"ez-toc-title-toggle\"><a href=\"#\" class=\"ez-toc-pull-right ez-toc-btn ez-toc-btn-xs ez-toc-btn-default ez-toc-toggle\" aria-label=\"\u0130\u00e7indekiler Tablosunu A\u00e7\/Kapat\"><span class=\"ez-toc-js-icon-con\"><span class=\"\"><span class=\"eztoc-hide\" style=\"display:none;\">Toggle<\/span><span class=\"ez-toc-icon-toggle-span\"><svg style=\"fill: #ffffff;color:#ffffff\" xmlns=\"http:\/\/www.w3.org\/2000\/svg\" class=\"list-377408\" width=\"20px\" height=\"20px\" viewBox=\"0 0 24 24\" fill=\"none\"><path d=\"M6 6H4v2h2V6zm14 0H8v2h12V6zM4 11h2v2H4v-2zm16 0H8v2h12v-2zM4 16h2v2H4v-2zm16 0H8v2h12v-2z\" fill=\"currentColor\"><\/path><\/svg><svg style=\"fill: #ffffff;color:#ffffff\" class=\"arrow-unsorted-368013\" xmlns=\"http:\/\/www.w3.org\/2000\/svg\" width=\"10px\" height=\"10px\" viewBox=\"0 0 24 24\" version=\"1.2\" baseProfile=\"tiny\"><path d=\"M18.2 9.3l-6.2-6.3-6.2 6.3c-.2.2-.3.4-.3.7s.1.5.3.7c.2.2.4.3.7.3h11c.3 0 .5-.1.7-.3.2-.2.3-.5.3-.7s-.1-.5-.3-.7zM5.8 14.7l6.2 6.3 6.2-6.3c.2-.2.3-.5.3-.7s-.1-.5-.3-.7c-.2-.2-.4-.3-.7-.3h-11c-.3 0-.5.1-.7.3-.2.2-.3.5-.3.7s.1.5.3.7z\"\/><\/svg><\/span><\/span><\/span><\/a><\/span><\/div>\n<nav><ul class='ez-toc-list ez-toc-list-level-1 eztoc-toggle-hide-by-default' ><li class='ez-toc-page-1 ez-toc-heading-level-2'><a class=\"ez-toc-link ez-toc-heading-1\" href=\"https:\/\/www.turna.com\/blog\/urdun-gezilecek-yerler\/#urdunde_gorebileceginiz_4_yer\" >\u00dcrd\u00fcn&#8217;de G\u00f6rebilece\u011finiz 4 Yer<\/a><ul class='ez-toc-list-level-3' ><li class='ez-toc-heading-level-3'><a class=\"ez-toc-link ez-toc-heading-2\" href=\"https:\/\/www.turna.com\/blog\/urdun-gezilecek-yerler\/#1_petra_antik_sehri\" >1. Petra Antik \u015eehri<\/a><\/li><li class='ez-toc-page-1 ez-toc-heading-level-3'><a class=\"ez-toc-link ez-toc-heading-3\" href=\"https:\/\/www.turna.com\/blog\/urdun-gezilecek-yerler\/#2_lut_golu\" >2. Lut G\u00f6l\u00fc<\/a><\/li><li class='ez-toc-page-1 ez-toc-heading-level-3'><a class=\"ez-toc-link ez-toc-heading-4\" href=\"https:\/\/www.turna.com\/blog\/urdun-gezilecek-yerler\/#3_wadi_rum\" >3. Wadi Rum<\/a><\/li><li class='ez-toc-page-1 ez-toc-heading-level-3'><a class=\"ez-toc-link ez-toc-heading-5\" href=\"https:\/\/www.turna.com\/blog\/urdun-gezilecek-yerler\/#4_aqaba\" >4. Aqaba<\/a><\/li><\/ul><\/li><\/ul><\/nav><\/div>\n<p>Antik \u00c7a\u011flara dek uzanan k\u00f6kl\u00fc ge\u00e7mi\u015fi, g\u00f6rkemli tap\u0131naklar\u0131 ve tarihi yap\u0131lar\u0131n\u0131n yan\u0131 s\u0131ra do\u011fal g\u00fczellikleriyle de ba\u015f d\u00f6nd\u00fcren bir Orta Do\u011fu \u00fclkesi olan <a href=\"https:\/\/www.turna.com\/blog\/ulkeler\/ortadogu\/urdun\" target=\"_blank\" rel=\"noopener noreferrer\">\u00dcrd\u00fcn<\/a>, d\u00fcnyan\u0131n d\u00f6rt bir yan\u0131ndan gelen turistleri a\u011f\u0131rl\u0131yor. T\u00fcrkiye\u2019den direkt u\u00e7u\u015f imkan\u0131 oldu\u011fu i\u00e7in T\u00fcrk turistlerin de en s\u0131k ziyaret etti\u011fi co\u011frafyalar aras\u0131nda bulunan \u00dcrd\u00fcn, yeni maceralar ya\u015fayabilece\u011finiz harika bir seyahat rotas\u0131. \u0130\u015fte \u00dcrd\u00fcn&#8217;de g\u00f6rebilece\u011finiz yerlerden baz\u0131lar\u0131.<\/p>\n<h2><span class=\"ez-toc-section\" id=\"urdunde_gorebileceginiz_4_yer\"><\/span><strong>\u00dcrd\u00fcn&#8217;de G\u00f6rebilece\u011finiz 4 Yer<\/strong><span class=\"ez-toc-section-end\"><\/span><\/h2>\n<h3><span class=\"ez-toc-section\" id=\"1_petra_antik_sehri\"><\/span><strong>1. <a href=\"https:\/\/www.turna.com\/blog\/urdunun-cazibe-merkezi-petra-antik-kenti\" target=\"_blank\" rel=\"noopener noreferrer\">Petra Antik \u015eehri<\/a><\/strong><span class=\"ez-toc-section-end\"><\/span><\/h3>\n<p><img width=\"800\" height=\"500\" data-public-id=\"Petra_fid5ms\/Petra_fid5ms.jpg\" fetchpriority=\"high\" decoding=\"async\" class=\"alignnone wp-post-11789 wp-image-12366\" src=\"https:\/\/res.cloudinary.com\/turna\/images\/w_800,h_500,c_scale\/f_auto,q_auto:low\/v1524203603\/Petra_fid5ms\/Petra_fid5ms.jpg?_i=AA\" data-format=\"jpg\" data-transformations=\"f_auto,q_auto:low\" data-version=\"1524203603\" data-seo=\"1\" srcset=\"https:\/\/res.cloudinary.com\/turna\/images\/f_auto,q_auto:low\/v1524203603\/Petra_fid5ms\/Petra_fid5ms.jpg?_i=AA 800w, https:\/\/res.cloudinary.com\/turna\/images\/w_300,h_188,c_scale\/f_auto,q_auto:low\/v1524203603\/Petra_fid5ms\/Petra_fid5ms.jpg?_i=AA 300w, https:\/\/res.cloudinary.com\/turna\/images\/w_672,h_420,c_scale\/f_auto,q_auto:low\/v1524203603\/Petra_fid5ms\/Petra_fid5ms.jpg?_i=AA 672w, https:\/\/res.cloudinary.com\/turna\/images\/w_640,h_400,c_scale\/f_auto,q_auto:low\/v1524203603\/Petra_fid5ms\/Petra_fid5ms.jpg?_i=AA 640w, https:\/\/res.cloudinary.com\/turna\/images\/w_681,h_426,c_scale\/f_auto,q_auto:low\/v1524203603\/Petra_fid5ms\/Petra_fid5ms.jpg?_i=AA 681w\" sizes=\"(max-width: 800px) 100vw, 800px\" \/><\/p>\n<p>D\u00fcnyan\u0131n yedi harikas\u0131ndan biri olarak kabul edilen ve 1985 y\u0131l\u0131ndan bu yana UNESCO D\u00fcnya K\u00fclt\u00fcrel Miras\u0131 Listesinde yer alan <strong>Petra Antik \u015eehri<\/strong>, \u00fclkenin en pop\u00fcler ziyaret noktas\u0131 konumunda. Lut G\u00f6l\u00fc\u2019nden Akabe K\u00f6rfezine kadar uzanan geni\u015f bir alanda bulunan bu antik kent, mistik atmosferiyle pek \u00e7ok filme de ev sahipli\u011fi yapt\u0131. Devasa kayalar aras\u0131ndaki bu antik kenti \u00fcnl\u00fc yapan \u00f6zelliklerinden biri de g\u00fcne\u015f \u0131\u015f\u0131nlar\u0131n\u0131n d\u00fc\u015fme a\u00e7\u0131s\u0131na g\u00f6re k\u0131rm\u0131z\u0131, pembe ve turuncu renklere b\u00fcr\u00fcnmesi.<\/p>\n<h3><span class=\"ez-toc-section\" id=\"2_lut_golu\"><\/span><strong>2. Lut G\u00f6l\u00fc<\/strong><span class=\"ez-toc-section-end\"><\/span><\/h3>\n<p>Deniz seviyesinin 430 metre alt\u0131nda kald\u0131\u011f\u0131 i\u00e7in d\u00fcnyan\u0131n en al\u00e7ak g\u00f6l\u00fc olarak bilinen <strong>Lut G\u00f6l\u00fc<\/strong>, tuzluluk oran\u0131n\u0131n y\u00fcksekli\u011fiyle de d\u00fcnyan\u0131n en tuzlu \u00fc\u00e7\u00fcnc\u00fc g\u00f6l\u00fc konumunda. Tuzluluk oran\u0131n\u0131n y\u00fcksekli\u011fi nedeniyle \u00f6zellikle k\u0131y\u0131ya yak\u0131n b\u00f6l\u00fcmlerde suyun dibine batman\u0131n neredeyse imkans\u0131z hale geldi\u011fi Lut G\u00f6l\u00fc, bu \u00f6zelli\u011fi nedeniyle \u00d6l\u00fc Deniz olarak da an\u0131l\u0131yor. Yakla\u015f\u0131k 600 kilometrekarelik bir alan\u0131 kaplayan bu g\u00f6l\u00fc ve enfes manzaras\u0131n\u0131 g\u00f6rmeden \u00dcrd\u00fcn\u2019den ayr\u0131lmamal\u0131s\u0131n\u0131z.<\/p>\n<h3><span class=\"ez-toc-section\" id=\"3_wadi_rum\"><\/span><strong>3. Wadi Rum<\/strong><span class=\"ez-toc-section-end\"><\/span><\/h3>\n<p><img width=\"800\" height=\"500\" data-public-id=\"Wadi-Rum_dm2n16\/Wadi-Rum_dm2n16.jpg\" decoding=\"async\" class=\"alignnone wp-post-11789 wp-image-12364\" src=\"https:\/\/res.cloudinary.com\/turna\/images\/w_800,h_500,c_scale\/f_auto,q_auto:low\/v1524203588\/Wadi-Rum_dm2n16\/Wadi-Rum_dm2n16.jpg?_i=AA\" data-format=\"jpg\" data-transformations=\"f_auto,q_auto:low\" data-version=\"1524203588\" data-seo=\"1\" srcset=\"https:\/\/res.cloudinary.com\/turna\/images\/f_auto,q_auto:low\/v1524203588\/Wadi-Rum_dm2n16\/Wadi-Rum_dm2n16.jpg?_i=AA 800w, https:\/\/res.cloudinary.com\/turna\/images\/w_300,h_188,c_scale\/f_auto,q_auto:low\/v1524203588\/Wadi-Rum_dm2n16\/Wadi-Rum_dm2n16.jpg?_i=AA 300w, https:\/\/res.cloudinary.com\/turna\/images\/w_672,h_420,c_scale\/f_auto,q_auto:low\/v1524203588\/Wadi-Rum_dm2n16\/Wadi-Rum_dm2n16.jpg?_i=AA 672w, https:\/\/res.cloudinary.com\/turna\/images\/w_640,h_400,c_scale\/f_auto,q_auto:low\/v1524203588\/Wadi-Rum_dm2n16\/Wadi-Rum_dm2n16.jpg?_i=AA 640w, https:\/\/res.cloudinary.com\/turna\/images\/w_681,h_426,c_scale\/f_auto,q_auto:low\/v1524203588\/Wadi-Rum_dm2n16\/Wadi-Rum_dm2n16.jpg?_i=AA 681w\" sizes=\"(max-width: 800px) 100vw, 800px\" \/><\/p>\n<p>Bedevi k\u00fclt\u00fcr\u00fcne tan\u0131k olabilece\u011finiz muhte\u015fem bir vadi olan <strong>Wadi Rum<\/strong>\u2019a gitti\u011finizde bedevi \u00e7ad\u0131rlar\u0131nda konaklamal\u0131 turlara kat\u0131labilirsiniz. \u00c7\u00f6l safarisi yaparak seyahatinize macera ve e\u011flence de katabilece\u011finiz bu vadi, g\u00fcnd\u00fcz enerji dolu zamanlar ge\u00e7irmenizi sa\u011flarken, gece y\u0131ld\u0131zlar\u0131n \u00e7\u0131kmas\u0131yla birlikte bamba\u015fka bir g\u00f6r\u00fcnt\u00fcye kavu\u015fuyor. \u015eehrin \u0131\u015f\u0131klar\u0131ndan uzakta y\u0131ld\u0131zlar\u0131n alt\u0131nda romantik ve huzurlu anlar ge\u00e7irme \u015fans\u0131n\u0131 yakalamak i\u00e7in Wadi Rum\u2019a mutlaka gitmelisiniz.<\/p>\n<h3><span class=\"ez-toc-section\" id=\"4_aqaba\"><\/span><strong>4. <a href=\"https:\/\/www.turna.com\/ucak-bileti\/aqaba\" target=\"_blank\" rel=\"noopener noreferrer\">Aqaba<\/a><\/strong><span class=\"ez-toc-section-end\"><\/span><\/h3>\n<p><img width=\"800\" height=\"500\" data-public-id=\"Aqaba_clskr2\/Aqaba_clskr2.jpg\" decoding=\"async\" class=\"alignnone wp-post-11789 wp-image-12367\" src=\"https:\/\/res.cloudinary.com\/turna\/images\/w_800,h_500,c_scale\/f_auto,q_auto\/f_auto,q_auto:low\/v1524203618\/Aqaba_clskr2\/Aqaba_clskr2.jpg?_i=AA\" data-format=\"jpg\" data-transformations=\"f_auto,q_auto\/f_auto,q_auto:low\" data-version=\"1524203618\" data-seo=\"1\" srcset=\"https:\/\/res.cloudinary.com\/turna\/images\/f_auto,q_auto\/f_auto,q_auto\/f_auto,q_auto:low\/v1524203618\/Aqaba_clskr2\/Aqaba_clskr2.jpg?_i=AA 800w, https:\/\/res.cloudinary.com\/turna\/images\/w_300,h_188,c_scale\/f_auto,q_auto\/f_auto,q_auto\/f_auto,q_auto:low\/v1524203618\/Aqaba_clskr2\/Aqaba_clskr2.jpg?_i=AA 300w, https:\/\/res.cloudinary.com\/turna\/images\/w_672,h_420,c_scale\/f_auto,q_auto\/f_auto,q_auto\/f_auto,q_auto:low\/v1524203618\/Aqaba_clskr2\/Aqaba_clskr2.jpg?_i=AA 672w, https:\/\/res.cloudinary.com\/turna\/images\/w_640,h_400,c_scale\/f_auto,q_auto\/f_auto,q_auto:low\/v1524203618\/Aqaba_clskr2\/Aqaba_clskr2.jpg?_i=AA 640w, https:\/\/res.cloudinary.com\/turna\/images\/w_681,h_426,c_scale\/f_auto,q_auto\/f_auto,q_auto:low\/v1524203618\/Aqaba_clskr2\/Aqaba_clskr2.jpg?_i=AA 681w\" sizes=\"(max-width: 800px) 100vw, 800px\" \/><\/p>\n<p>K\u0131z\u0131ldeniz k\u0131y\u0131s\u0131nda yer alan <strong>Aqaba<\/strong> \u015fehri, yaz d\u00f6neminde b\u00f6lgeye gelen turistlerin g\u00f6zde ziyaret yerlerinden biri. K\u0131z\u0131ldeniz\u2019in rengarenk sualt\u0131 ya\u015fam\u0131n\u0131 ke\u015ffedebilece\u011finiz bir dal\u0131\u015f maceras\u0131 i\u00e7in de olduk\u00e7a uygun olan bu \u015fehirde, g\u00fczel havan\u0131n ve muhte\u015fem manzaralar\u0131n tad\u0131n\u0131 \u00e7\u0131karabilirsiniz. Aqaba \u015fehrine gitti\u011finizde tazecik deniz mahsullerinin s\u00fcsledi\u011fi harika bir ak\u015fam yeme\u011fi yemeyi de ihmal etmeyin.<\/p>\n<p>E\u011fer siz de \u00dcrd\u00fcn sokaklar\u0131nda keyif dolu zamanlar ya\u015famak istiyorsan\u0131z, <strong><a href=\"https:\/\/www.turna.com\/ucak-bileti\/urdun\" target=\"_blank\" rel=\"noopener noreferrer\">\u00dcrd\u00fcn u\u00e7ak bileti<\/a><\/strong> kampanyalar\u0131na g\u00f6z atabilirsiniz. Ayr\u0131ca T\u00fcrkiye\u2019den \u00dcrd\u00fcn\u2019e gidecek ziyaret\u00e7iler 90 g\u00fcn\u00fc a\u015fmayan seyahatleri s\u00fcresince vize uygulamas\u0131ndan muaf oldu\u011fu i\u00e7in yorucu vize i\u015flemleriyle u\u011fra\u015fman\u0131za da gerek yok.<\/p>\n\n    <div class=\"xs_social_share_widget xs_share_url after_content \t\tmain_content  wslu-style-1 wslu-share-box-shaped wslu-fill-colored wslu-none wslu-share-horizontal wslu-theme-font-no wslu-main_content\">\n\n\t\t\n        <ul>\n\t\t\t        <\/ul>\n    <\/div> \n","protected":false},"excerpt":{"rendered":"<p>Antik \u00c7a\u011flara dek uzanan k\u00f6kl\u00fc ge\u00e7mi\u015fi, g\u00f6rkemli tap\u0131naklar\u0131 ve tarihi yap\u0131lar\u0131n\u0131n yan\u0131 s\u0131ra do\u011fal g\u00fczellikleriyle de ba\u015f d\u00f6nd\u00fcren bir Orta Do\u011fu \u00fclkesi olan \u00dcrd\u00fcn, d\u00fcnyan\u0131n d\u00f6rt bir yan\u0131ndan gelen turistleri a\u011f\u0131rl\u0131yor. T\u00fcrkiye\u2019den direkt u\u00e7u\u015f imkan\u0131 oldu\u011fu i\u00e7in T\u00fcrk turistlerin de en s\u0131k ziyaret etti\u011fi co\u011frafyalar aras\u0131nda bulunan \u00dcrd\u00fcn, yeni maceralar ya\u015fayabilece\u011finiz harika bir seyahat rotas\u0131. [&hellip;]<\/p>\n","protected":false},"author":8,"featured_media":12367,"comment_status":"open","ping_status":"open","sticky":false,"template":"","format":"standard","meta":{"rop_custom_images_group":[],"rop_custom_messages_group":[],"rop_publish_now":"initial","rop_publish_now_accounts":[],"rop_publish_now_history":[],"rop_publish_now_status":"pending","_cloudinary_featured_overwrite":false,"footnotes":""},"categories":[721],"tags":[755,753],"class_list":["post-11789","post","type-post","status-publish","format-standard","has-post-thumbnail","hentry","category-urdun","tag-aqaba","tag-urdun"],"_links":{"self":[{"href":"https:\/\/www.turna.com\/blog\/wp-json\/wp\/v2\/posts\/11789","targetHints":{"allow":["GET"]}}],"collection":[{"href":"https:\/\/www.turna.com\/blog\/wp-json\/wp\/v2\/posts"}],"about":[{"href":"https:\/\/www.turna.com\/blog\/wp-json\/wp\/v2\/types\/post"}],"author":[{"embeddable":true,"href":"https:\/\/www.turna.com\/blog\/wp-json\/wp\/v2\/users\/8"}],"replies":[{"embeddable":true,"href":"https:\/\/www.turna.com\/blog\/wp-json\/wp\/v2\/comments?post=11789"}],"version-history":[{"count":0,"href":"https:\/\/www.turna.com\/blog\/wp-json\/wp\/v2\/posts\/11789\/revisions"}],"wp:featuredmedia":[{"embeddable":true,"href":"https:\/\/www.turna.com\/blog\/wp-json\/wp\/v2\/media\/12367"}],"wp:attachment":[{"href":"https:\/\/www.turna.com\/blog\/wp-json\/wp\/v2\/media?parent=11789"}],"wp:term":[{"taxonomy":"category","embeddable":true,"href":"https:\/\/www.turna.com\/blog\/wp-json\/wp\/v2\/categories?post=11789"},{"taxonomy":"post_tag","embeddable":true,"href":"https:\/\/www.turna.com\/blog\/wp-json\/wp\/v2\/tags?post=11789"}],"curies":[{"name":"wp","href":"https:\/\/api.w.org\/{rel}","templated":true}]}}