{"id":11756,"date":"2018-03-16T13:28:53","date_gmt":"2018-03-16T11:28:53","guid":{"rendered":"https:\/\/www.turna.com\/blog\/?p=11756"},"modified":"2019-09-05T15:11:29","modified_gmt":"2019-09-05T12:11:29","slug":"canakkale-zaferi-gezilecek-yerler","status":"publish","type":"post","link":"https:\/\/www.turna.com\/blog\/canakkale-zaferi-gezilecek-yerler","title":{"rendered":"\u00c7anakkale Zaferi Ruhunu Hissedebilece\u011finiz 5 Yer"},"content":{"rendered":"<div id=\"ez-toc-container\" class=\"ez-toc-v2_0_82_2 counter-hierarchy ez-toc-counter ez-toc-black ez-toc-container-direction\">\n<div class=\"ez-toc-title-container\">\n<p class=\"ez-toc-title\" style=\"cursor:inherit\">\u0130\u00e7indekiler<\/p>\n<span class=\"ez-toc-title-toggle\"><a href=\"#\" class=\"ez-toc-pull-right ez-toc-btn ez-toc-btn-xs ez-toc-btn-default ez-toc-toggle\" aria-label=\"\u0130\u00e7indekiler Tablosunu A\u00e7\/Kapat\"><span class=\"ez-toc-js-icon-con\"><span class=\"\"><span class=\"eztoc-hide\" style=\"display:none;\">Toggle<\/span><span class=\"ez-toc-icon-toggle-span\"><svg style=\"fill: #ffffff;color:#ffffff\" xmlns=\"http:\/\/www.w3.org\/2000\/svg\" class=\"list-377408\" width=\"20px\" height=\"20px\" viewBox=\"0 0 24 24\" fill=\"none\"><path d=\"M6 6H4v2h2V6zm14 0H8v2h12V6zM4 11h2v2H4v-2zm16 0H8v2h12v-2zM4 16h2v2H4v-2zm16 0H8v2h12v-2z\" fill=\"currentColor\"><\/path><\/svg><svg style=\"fill: #ffffff;color:#ffffff\" class=\"arrow-unsorted-368013\" xmlns=\"http:\/\/www.w3.org\/2000\/svg\" width=\"10px\" height=\"10px\" viewBox=\"0 0 24 24\" version=\"1.2\" baseProfile=\"tiny\"><path d=\"M18.2 9.3l-6.2-6.3-6.2 6.3c-.2.2-.3.4-.3.7s.1.5.3.7c.2.2.4.3.7.3h11c.3 0 .5-.1.7-.3.2-.2.3-.5.3-.7s-.1-.5-.3-.7zM5.8 14.7l6.2 6.3 6.2-6.3c.2-.2.3-.5.3-.7s-.1-.5-.3-.7c-.2-.2-.4-.3-.7-.3h-11c-.3 0-.5.1-.7.3-.2.2-.3.5-.3.7s.1.5.3.7z\"\/><\/svg><\/span><\/span><\/span><\/a><\/span><\/div>\n<nav><ul class='ez-toc-list ez-toc-list-level-1 eztoc-toggle-hide-by-default' ><li class='ez-toc-page-1 ez-toc-heading-level-2'><a class=\"ez-toc-link ez-toc-heading-1\" href=\"https:\/\/www.turna.com\/blog\/canakkale-zaferi-gezilecek-yerler\/#canakkale_zaferi_ruhunu_hissedebileceginiz_5_yer\" >\u00c7anakkale Zaferi Ruhunu Hissedebilece\u011finiz 5 Yer<\/a><ul class='ez-toc-list-level-3' ><li class='ez-toc-heading-level-3'><a class=\"ez-toc-link ez-toc-heading-2\" href=\"https:\/\/www.turna.com\/blog\/canakkale-zaferi-gezilecek-yerler\/#1_kilitbahir_kalesi\" >1. Kilitbahir Kalesi<\/a><\/li><li class='ez-toc-page-1 ez-toc-heading-level-3'><a class=\"ez-toc-link ez-toc-heading-3\" href=\"https:\/\/www.turna.com\/blog\/canakkale-zaferi-gezilecek-yerler\/#2_57_piyade_alayi_sehitligi_ve_aniti\" >2. 57. Piyade Alay\u0131 \u015eehitli\u011fi ve An\u0131t\u0131<\/a><\/li><li class='ez-toc-page-1 ez-toc-heading-level-3'><a class=\"ez-toc-link ez-toc-heading-4\" href=\"https:\/\/www.turna.com\/blog\/canakkale-zaferi-gezilecek-yerler\/#3_ariburnu\" >3. Ar\u0131burnu<\/a><\/li><li class='ez-toc-page-1 ez-toc-heading-level-3'><a class=\"ez-toc-link ez-toc-heading-5\" href=\"https:\/\/www.turna.com\/blog\/canakkale-zaferi-gezilecek-yerler\/#4_conkbayiri\" >4. Conkbay\u0131r\u0131<\/a><\/li><li class='ez-toc-page-1 ez-toc-heading-level-3'><a class=\"ez-toc-link ez-toc-heading-6\" href=\"https:\/\/www.turna.com\/blog\/canakkale-zaferi-gezilecek-yerler\/#5_1915_seddulbahir_savas_malzemeleri_muzesi\" >5. 1915 Sedd\u00fclbahir Sava\u015f Malzemeleri M\u00fczesi<\/a><\/li><\/ul><\/li><\/ul><\/nav><\/div>\n<p><a href=\"https:\/\/www.turna.com\/blog\/turkiye\" target=\"_blank\" rel=\"noopener noreferrer\">T\u00fcrkiye<\/a> Cumhuriyeti tarihinin en \u00f6nemli olaylar\u0131ndan biri olarak an\u0131lan ve T\u00fcrk millletinin kurtulu\u015f m\u00fccadelesinin mihenk ta\u015f\u0131 olan\u00a0<strong>\u00c7anakkale Zaferi<\/strong>, her y\u0131l 18 Mart g\u00fcn\u00fc d\u00fczenlenen t\u00f6ren ve etkinliklerle kutlan\u0131yor. Bu b\u00fcy\u00fck zaferin ruhunu hissetmek isteyenler de \u00c7anakkale \u015fehrine gidip; Gelibolu Yar\u0131madas\u0131 Tarihi Milli Park\u0131ndaki \u015fehitlikleri, sava\u015f kahramanlar\u0131n\u0131n heykellerini, askeri malzemelerin ve e\u015fyalar\u0131n sergilendi\u011fi m\u00fczeleri ve sava\u015f\u0131n ya\u015fand\u0131\u011f\u0131 alanlar\u0131 ziyaret ederek o ac\u0131 ama kahramanl\u0131k hikayeleriyle dolu g\u00fcnlerin izlerini ke\u015ffedebilir.<\/p>\n<h2><span class=\"ez-toc-section\" id=\"canakkale_zaferi_ruhunu_hissedebileceginiz_5_yer\"><\/span><strong>\u00c7anakkale Zaferi Ruhunu Hissedebilece\u011finiz 5 Yer<\/strong><span class=\"ez-toc-section-end\"><\/span><\/h2>\n<h3><span class=\"ez-toc-section\" id=\"1_kilitbahir_kalesi\"><\/span><strong>1. Kilitbahir Kalesi<\/strong><span class=\"ez-toc-section-end\"><\/span><\/h3>\n<p><img width=\"800\" height=\"500\" data-public-id=\"Kilitbahir-Kalesi_egvymx\/Kilitbahir-Kalesi_egvymx.jpg\" fetchpriority=\"high\" decoding=\"async\" class=\"alignnone wp-post-11756 wp-image-12002\" src=\"https:\/\/res.cloudinary.com\/turna\/images\/w_800,h_500,c_scale\/f_auto,q_auto:low\/v1521199714\/Kilitbahir-Kalesi_egvymx\/Kilitbahir-Kalesi_egvymx.jpg?_i=AA\" data-format=\"jpg\" data-transformations=\"f_auto,q_auto:low\" data-version=\"1521199714\" data-seo=\"1\" \/><\/p>\n<p>Fatih Sultan Mehmet taraf\u0131ndan\u00a0\u00c7anakkale&#8217;nin Kilitbahir k\u00f6y\u00fcnde\u00a0 yapt\u0131r\u0131lan\u00a0<strong>Kilitbahir Kalesi<\/strong>, konumu itibariyle \u00c7anakkale Sava\u015f\u0131 s\u00fcrecinde kilit bir rol \u00fcstlendi. 1980 y\u0131l\u0131ndan bu yana K\u00fclt\u00fcr Bakanl\u0131\u011f\u0131 taraf\u0131ndan\u00a0Korunmas\u0131 Gereken K\u00fclt\u00fcrel Varl\u0131k olarak tescil edilen bu tarihi yap\u0131, g\u00fcn\u00fcm\u00fczde \u015fehrin en \u00e7ok ziyaret edilen yerlerinden biri.<\/p>\n<h3><span class=\"ez-toc-section\" id=\"2_57_piyade_alayi_sehitligi_ve_aniti\"><\/span><strong>2. 57. Piyade Alay\u0131 \u015eehitli\u011fi ve An\u0131t\u0131<\/strong><span class=\"ez-toc-section-end\"><\/span><\/h3>\n<p>\u00c7anakkale Sava\u015f\u0131nda ya\u015fam\u0131n\u0131 yitiren \u015fehitlerin an\u0131s\u0131n\u0131 ve ruhunu ya\u015fatmak i\u00e7in\u00a012 Aral\u0131k 1992 y\u0131l\u0131nda in\u015fa edilen\u00a0<strong>57. Piyade Alay\u0131 \u015eehitli\u011fi ve An\u0131t\u0131<\/strong>,\u00a0Kabatepe-Conkbay\u0131r\u0131 yolu kenar\u0131nda yer al\u0131yor. \u0130\u00e7inde \u015fehitlerin naa\u015f\u0131 bulunmayan bu yer sembolik olarak tasarland\u0131. Ger\u00e7ek \u015fehitlikleri g\u00f6rmek isteyenler, Kesikdere \u015eehitli\u011fi,\u00a0Anafarta K\u00f6y Mezarl\u0131\u011f\u0131 \u015eehitli\u011fi ve Akba\u015f \u015eehitli\u011fi&#8217;nin de aralar\u0131nda oldu\u011fu yerleri ziyaret edebilir.<\/p>\n<h3><span class=\"ez-toc-section\" id=\"3_ariburnu\"><\/span><strong>3. Ar\u0131burnu<\/strong><span class=\"ez-toc-section-end\"><\/span><\/h3>\n<p><img width=\"800\" height=\"500\" data-public-id=\"Ariburnu_cjwad6\/Ariburnu_cjwad6.jpg\" decoding=\"async\" class=\"alignnone wp-post-11756 wp-image-12001\" src=\"https:\/\/res.cloudinary.com\/turna\/images\/w_800,h_500,c_scale\/f_auto,q_auto:low\/v1521199700\/Ariburnu_cjwad6\/Ariburnu_cjwad6.jpg?_i=AA\" data-format=\"jpg\" data-transformations=\"f_auto,q_auto:low\" data-version=\"1521199700\" data-seo=\"1\" \/><\/p>\n<p>Sava\u015f zaman\u0131nda Anzak askerlerinin karaya \u00e7\u0131kt\u0131\u011f\u0131 yer olarak an\u0131lan <strong>Ar\u0131burnu<\/strong>, g\u00fcn\u00fcm\u00fczde de her sene binlerce ki\u015finin kat\u0131l\u0131m\u0131yla d\u00fczenlenen Anzak T\u00f6renlerine ev sahipli\u011fi yap\u0131yor. Naa\u015flar\u0131 \u00c7anakkale&#8217;ye g\u00f6m\u00fclen Anzak askerlerinin aileleri ve yak\u0131nlar\u0131n\u0131n da kat\u0131ld\u0131\u011f\u0131 bu t\u00f6renlerde duygu dolu anlar ya\u015fan\u0131yor. Ar\u0131 Burnu&#8217;nda turistlerin b\u00f6lgedeki \u015fahane manzaray\u0131 izleyebilece\u011fi bir seyir teras\u0131 da bulunuyor.<\/p>\n<h3><span class=\"ez-toc-section\" id=\"4_conkbayiri\"><\/span><strong>4. Conkbay\u0131r\u0131<\/strong><span class=\"ez-toc-section-end\"><\/span><\/h3>\n<p>Sava\u015f d\u00f6neminde a\u011f\u0131r \u00e7at\u0131\u015fmalar\u0131n ya\u015fand\u0131\u011f\u0131 <strong>Conkbay\u0131r\u0131<\/strong>, \u00c7anakkale&#8217;de g\u00f6r\u00fclmesi gereken yerlerin ba\u015f\u0131nda geliyor. Gelibolu Yar\u0131madas\u0131&#8217;n\u0131n bat\u0131s\u0131nda yer alan ve co\u011frafi olarak b\u00f6lgeye en hakim tepe oldu\u011fu i\u00e7in sava\u015f d\u00f6neminde b\u00fcy\u00fck \u00f6nem ta\u015f\u0131yan Conkbay\u0131r\u0131, o g\u00fcnlerde Ege Denizi,\u00a0Marmara Denizi\u00a0ve\u00a0\u00c7anakkale\u00a0\u015fehir merkezinin tamam\u0131n\u0131n g\u00f6r\u00fclebildi\u011fi bir yerdi. Bug\u00fcn ise b\u00f6lgede yap\u0131lan a\u011fa\u00e7land\u0131rma ve an\u0131t d\u00fczenlemeleri nedeniyle bu geni\u015f g\u00f6r\u00fcnt\u00fc biraz k\u0131s\u0131tlanm\u0131\u015f durumda.<\/p>\n<h3><span class=\"ez-toc-section\" id=\"5_1915_seddulbahir_savas_malzemeleri_muzesi\"><\/span><strong>5. 1915 Sedd\u00fclbahir Sava\u015f Malzemeleri M\u00fczesi<\/strong><span class=\"ez-toc-section-end\"><\/span><\/h3>\n<p><img width=\"800\" height=\"500\" data-public-id=\"Seddulbahir-Savas-Muzesi_aon0x7\/Seddulbahir-Savas-Muzesi_aon0x7.jpg\" decoding=\"async\" class=\"alignnone wp-post-11756 wp-image-12000\" src=\"https:\/\/res.cloudinary.com\/turna\/images\/w_800,h_500,c_scale\/f_auto,q_auto:low\/v1521199677\/Seddulbahir-Savas-Muzesi_aon0x7\/Seddulbahir-Savas-Muzesi_aon0x7.jpg?_i=AA\" data-format=\"jpg\" data-transformations=\"f_auto,q_auto:low\" data-version=\"1521199677\" data-seo=\"1\" \/><\/p>\n<p>Tarih\u00e7i ve \u00c7anakkale Sava\u015flar\u0131 Ara\u015ft\u0131rmac\u0131s\u0131 Ahmet Uslu&#8217;ya ait \u00f6zel bir sergi olan <strong>1915\u00a0Sedd\u00fclbahir\u00a0Sava\u015f Malzemeleri\u00a0M\u00fczesi<\/strong>, b\u00f6lgeye gelen turistlerin en s\u0131k ziyaret etti\u011fi m\u00fczelerden biri. Y\u0131l i\u00e7inde T\u00fcrkiye&#8217;nin \u00e7e\u015fitli illerinde gezici sergi olarak da a\u00e7\u0131lan bu m\u00fczede,\u00a0sava\u015f d\u00f6neminden kalma k\u0131l\u0131\u00e7lar, silahlar, askeri \u00fcniformalar, \u015fehit ve gazi mektuplar\u0131 ile \u00c7anakkale Sava\u015f\u0131n\u0131 anlatan \u00e7e\u015fitli belgeseller ve\u00a0maketler de var.<\/p>\n<p>Siz de \u00c7anakkale Sava\u015f\u0131 ruhunu daha derinden hissetmek ve sava\u015f d\u00f6neminde ya\u015fanan tarihi olaylar hakk\u0131nda daha detayl\u0131 bilgiler \u00f6\u011frenmek istiyorsan\u0131z, <a href=\"https:\/\/www.turna.com\/ucak-bileti\/canakkale\" target=\"_blank\" rel=\"noopener noreferrer\">\u00c7anakkale u\u00e7ak bileti<\/a> kampanyalar\u0131na g\u00f6z atabilirsiniz.<\/p>\n\n    <div class=\"xs_social_share_widget xs_share_url after_content \t\tmain_content  wslu-style-1 wslu-share-box-shaped wslu-fill-colored wslu-none wslu-share-horizontal wslu-theme-font-no wslu-main_content\">\n\n\t\t\n        <ul>\n\t\t\t        <\/ul>\n    <\/div> \n","protected":false},"excerpt":{"rendered":"<p>T\u00fcrkiye Cumhuriyeti tarihinin en \u00f6nemli olaylar\u0131ndan biri olarak an\u0131lan ve T\u00fcrk millletinin kurtulu\u015f m\u00fccadelesinin mihenk ta\u015f\u0131 olan\u00a0\u00c7anakkale Zaferi, her y\u0131l 18 Mart g\u00fcn\u00fc d\u00fczenlenen t\u00f6ren ve etkinliklerle kutlan\u0131yor. Bu b\u00fcy\u00fck zaferin ruhunu hissetmek isteyenler de \u00c7anakkale \u015fehrine gidip; Gelibolu Yar\u0131madas\u0131 Tarihi Milli Park\u0131ndaki \u015fehitlikleri, sava\u015f kahramanlar\u0131n\u0131n heykellerini, askeri malzemelerin ve e\u015fyalar\u0131n sergilendi\u011fi m\u00fczeleri ve sava\u015f\u0131n [&hellip;]<\/p>\n","protected":false},"author":29,"featured_media":12002,"comment_status":"open","ping_status":"open","sticky":false,"template":"","format":"standard","meta":{"rop_custom_images_group":[],"rop_custom_messages_group":[],"rop_publish_now":"initial","rop_publish_now_accounts":[],"rop_publish_now_history":[],"rop_publish_now_status":"pending","_cloudinary_featured_overwrite":false,"footnotes":""},"categories":[84,1821],"tags":[247,380],"class_list":["post-11756","post","type-post","status-publish","format-standard","has-post-thumbnail","hentry","category-turkiye","category-canakkale","tag-canakkale","tag-turkiye"],"_links":{"self":[{"href":"https:\/\/www.turna.com\/blog\/wp-json\/wp\/v2\/posts\/11756","targetHints":{"allow":["GET"]}}],"collection":[{"href":"https:\/\/www.turna.com\/blog\/wp-json\/wp\/v2\/posts"}],"about":[{"href":"https:\/\/www.turna.com\/blog\/wp-json\/wp\/v2\/types\/post"}],"author":[{"embeddable":true,"href":"https:\/\/www.turna.com\/blog\/wp-json\/wp\/v2\/users\/29"}],"replies":[{"embeddable":true,"href":"https:\/\/www.turna.com\/blog\/wp-json\/wp\/v2\/comments?post=11756"}],"version-history":[{"count":0,"href":"https:\/\/www.turna.com\/blog\/wp-json\/wp\/v2\/posts\/11756\/revisions"}],"wp:featuredmedia":[{"embeddable":true,"href":"https:\/\/www.turna.com\/blog\/wp-json\/wp\/v2\/media\/12002"}],"wp:attachment":[{"href":"https:\/\/www.turna.com\/blog\/wp-json\/wp\/v2\/media?parent=11756"}],"wp:term":[{"taxonomy":"category","embeddable":true,"href":"https:\/\/www.turna.com\/blog\/wp-json\/wp\/v2\/categories?post=11756"},{"taxonomy":"post_tag","embeddable":true,"href":"https:\/\/www.turna.com\/blog\/wp-json\/wp\/v2\/tags?post=11756"}],"curies":[{"name":"wp","href":"https:\/\/api.w.org\/{rel}","templated":true}]}}