{"id":11573,"date":"2025-07-11T10:02:08","date_gmt":"2025-07-11T07:02:08","guid":{"rendered":"https:\/\/www.turna.com\/blog\/?p=11573"},"modified":"2025-07-11T10:02:11","modified_gmt":"2025-07-11T07:02:11","slug":"letonya-gezilecek-yerler","status":"publish","type":"post","link":"https:\/\/www.turna.com\/blog\/letonya-gezilecek-yerler","title":{"rendered":"Letonya\u2019da G\u00f6rebilece\u011finiz 11 Yer"},"content":{"rendered":"<div id=\"ez-toc-container\" class=\"ez-toc-v2_0_82_2 counter-hierarchy ez-toc-counter ez-toc-black ez-toc-container-direction\">\n<div class=\"ez-toc-title-container\">\n<p class=\"ez-toc-title\" style=\"cursor:inherit\">\u0130\u00e7indekiler<\/p>\n<span class=\"ez-toc-title-toggle\"><a href=\"#\" class=\"ez-toc-pull-right ez-toc-btn ez-toc-btn-xs ez-toc-btn-default ez-toc-toggle\" aria-label=\"\u0130\u00e7indekiler Tablosunu A\u00e7\/Kapat\"><span class=\"ez-toc-js-icon-con\"><span class=\"\"><span class=\"eztoc-hide\" style=\"display:none;\">Toggle<\/span><span class=\"ez-toc-icon-toggle-span\"><svg style=\"fill: #ffffff;color:#ffffff\" xmlns=\"http:\/\/www.w3.org\/2000\/svg\" class=\"list-377408\" width=\"20px\" height=\"20px\" viewBox=\"0 0 24 24\" fill=\"none\"><path d=\"M6 6H4v2h2V6zm14 0H8v2h12V6zM4 11h2v2H4v-2zm16 0H8v2h12v-2zM4 16h2v2H4v-2zm16 0H8v2h12v-2z\" fill=\"currentColor\"><\/path><\/svg><svg style=\"fill: #ffffff;color:#ffffff\" class=\"arrow-unsorted-368013\" xmlns=\"http:\/\/www.w3.org\/2000\/svg\" width=\"10px\" height=\"10px\" viewBox=\"0 0 24 24\" version=\"1.2\" baseProfile=\"tiny\"><path d=\"M18.2 9.3l-6.2-6.3-6.2 6.3c-.2.2-.3.4-.3.7s.1.5.3.7c.2.2.4.3.7.3h11c.3 0 .5-.1.7-.3.2-.2.3-.5.3-.7s-.1-.5-.3-.7zM5.8 14.7l6.2 6.3 6.2-6.3c.2-.2.3-.5.3-.7s-.1-.5-.3-.7c-.2-.2-.4-.3-.7-.3h-11c-.3 0-.5.1-.7.3-.2.2-.3.5-.3.7s.1.5.3.7z\"\/><\/svg><\/span><\/span><\/span><\/a><\/span><\/div>\n<nav><ul class='ez-toc-list ez-toc-list-level-1 eztoc-toggle-hide-by-default' ><li class='ez-toc-page-1 ez-toc-heading-level-2'><a class=\"ez-toc-link ez-toc-heading-1\" href=\"https:\/\/www.turna.com\/blog\/letonya-gezilecek-yerler\/#letonyada_gorebileceginiz_11_yer\" >Letonya\u2019da G\u00f6rebilece\u011finiz 11 Yer<\/a><ul class='ez-toc-list-level-3' ><li class='ez-toc-heading-level-3'><a class=\"ez-toc-link ez-toc-heading-2\" href=\"https:\/\/www.turna.com\/blog\/letonya-gezilecek-yerler\/#1_gauja_milli_parki\" >1. Gauja Milli Park\u0131<\/a><\/li><li class='ez-toc-page-1 ez-toc-heading-level-3'><a class=\"ez-toc-link ez-toc-heading-3\" href=\"https:\/\/www.turna.com\/blog\/letonya-gezilecek-yerler\/#2_gutmanis_magarasi\" >2. Gutmanis Ma\u011faras\u0131<\/a><\/li><li class='ez-toc-page-1 ez-toc-heading-level-3'><a class=\"ez-toc-link ez-toc-heading-4\" href=\"https:\/\/www.turna.com\/blog\/letonya-gezilecek-yerler\/#3_gauja_nehri\" >3. Gauja Nehri<\/a><\/li><li class='ez-toc-page-1 ez-toc-heading-level-3'><a class=\"ez-toc-link ez-toc-heading-5\" href=\"https:\/\/www.turna.com\/blog\/letonya-gezilecek-yerler\/#4_kuldiga\" >4. Kuldiga<\/a><\/li><li class='ez-toc-page-1 ez-toc-heading-level-3'><a class=\"ez-toc-link ez-toc-heading-6\" href=\"https:\/\/www.turna.com\/blog\/letonya-gezilecek-yerler\/#5_turaida_kalesi\" >5. Turaida Kalesi<\/a><\/li><li class='ez-toc-page-1 ez-toc-heading-level-3'><a class=\"ez-toc-link ez-toc-heading-7\" href=\"https:\/\/www.turna.com\/blog\/letonya-gezilecek-yerler\/#6_cesis\" >6. Cesis<\/a><\/li><li class='ez-toc-page-1 ez-toc-heading-level-3'><a class=\"ez-toc-link ez-toc-heading-8\" href=\"https:\/\/www.turna.com\/blog\/letonya-gezilecek-yerler\/#7_ozgurluk_aniti\" >7. \u00d6zg\u00fcrl\u00fck An\u0131t\u0131<\/a><\/li><li class='ez-toc-page-1 ez-toc-heading-level-3'><a class=\"ez-toc-link ez-toc-heading-9\" href=\"https:\/\/www.turna.com\/blog\/letonya-gezilecek-yerler\/#8_vermane_bahcesi\" >8. Vermane Bah\u00e7esi<\/a><\/li><li class='ez-toc-page-1 ez-toc-heading-level-3'><a class=\"ez-toc-link ez-toc-heading-10\" href=\"https:\/\/www.turna.com\/blog\/letonya-gezilecek-yerler\/#9_riga_katedrali\" >9. Riga Katedrali<\/a><\/li><li class='ez-toc-page-1 ez-toc-heading-level-3'><a class=\"ez-toc-link ez-toc-heading-11\" href=\"https:\/\/www.turna.com\/blog\/letonya-gezilecek-yerler\/#10_letonya_etnografya_acik_hava_muzesi\" >10. Letonya Etnografya A\u00e7\u0131k Hava M\u00fczesi<\/a><\/li><li class='ez-toc-page-1 ez-toc-heading-level-3'><a class=\"ez-toc-link ez-toc-heading-12\" href=\"https:\/\/www.turna.com\/blog\/letonya-gezilecek-yerler\/#11_kedi_evi\" >11. Kedi Evi<\/a><\/li><\/ul><\/li><\/ul><\/nav><\/div>\n\n<p>Yar\u0131s\u0131 ormanlarla kapl\u0131 huzur dolu bir Avrupa \u00fclkesi olan <a href=\"https:\/\/www.turna.com\/blog\/ulkeler\/avrupa\/letonya\" target=\"_blank\" rel=\"noopener\">Letonya<\/a>, yakla\u015f\u0131k iki milyonluk bir n\u00fcfusa sahip. Eski Pagan k\u00fclt\u00fcr\u00fcne merakl\u0131 olan gezginlerin mutlaka ziyaret etmesi gereken bu \u00fclke, enfes do\u011fal g\u00fczellikleri, sakin sokaklar\u0131, bakir kumsallar\u0131 ve tarihi yap\u0131lar\u0131yla hayranl\u0131k uyand\u0131r\u0131yor. Schengen b\u00f6lgesi i\u00e7inde yer ald\u0131\u011f\u0131 i\u00e7in bu \u00fclkeyi ziyaret etmek isteyen T\u00fcrk vatanda\u015flar\u0131n\u0131n Schengen vizesi almas\u0131 ise zorunlu. \u0130\u015fte Letonya\u2019da g\u00f6rmeniz gereken turistik yerlerden baz\u0131lar\u0131.<\/p>\n\n\n\n<h2 class=\"wp-block-heading has-text-align-center has-neeon-button-dark-gray-color has-text-color has-link-color wp-elements-cb0ac7d1811a8c4bf7bb44e10c82b2d0\"><span class=\"ez-toc-section\" id=\"letonyada_gorebileceginiz_11_yer\"><\/span><strong><strong>Letonya\u2019da G\u00f6rebilece\u011finiz 11 Yer<\/strong><\/strong><span class=\"ez-toc-section-end\"><\/span><\/h2>\n\n\n\n<h3 class=\"wp-block-heading has-text-align-center has-neeon-button-dark-gray-color has-text-color has-link-color wp-elements-36969ee84030409396b19653934130de\"><span class=\"ez-toc-section\" id=\"1_gauja_milli_parki\"><\/span><strong><strong><strong>1. Gauja Milli Park\u0131<\/strong><\/strong><\/strong><span class=\"ez-toc-section-end\"><\/span><\/h3>\n\n\n\n<p><img width=\"800\" height=\"500\" data-public-id=\"Gauja-Milli-Parki_t1qal3\/Gauja-Milli-Parki_t1qal3.jpg\" fetchpriority=\"high\" decoding=\"async\" class=\"alignnone wp-post-11573 wp-image-11610\" src=\"https:\/\/res.cloudinary.com\/turna\/images\/w_800,h_500,c_scale\/f_auto,q_auto:low\/v1518123710\/Gauja-Milli-Parki_t1qal3\/Gauja-Milli-Parki_t1qal3.jpg?_i=AA\" data-format=\"jpg\" data-transformations=\"f_auto,q_auto:low\" data-version=\"1518123710\" data-seo=\"1\" srcset=\"https:\/\/res.cloudinary.com\/turna\/images\/f_auto,q_auto:low\/v1518123710\/Gauja-Milli-Parki_t1qal3\/Gauja-Milli-Parki_t1qal3.jpg?_i=AA 800w, https:\/\/res.cloudinary.com\/turna\/images\/w_300,h_188,c_scale\/f_auto,q_auto:low\/v1518123710\/Gauja-Milli-Parki_t1qal3\/Gauja-Milli-Parki_t1qal3.jpg?_i=AA 300w, https:\/\/res.cloudinary.com\/turna\/images\/w_672,h_420,c_scale\/f_auto,q_auto:low\/v1518123710\/Gauja-Milli-Parki_t1qal3\/Gauja-Milli-Parki_t1qal3.jpg?_i=AA 672w, https:\/\/res.cloudinary.com\/turna\/images\/w_640,h_400,c_scale\/f_auto,q_auto:low\/v1518123710\/Gauja-Milli-Parki_t1qal3\/Gauja-Milli-Parki_t1qal3.jpg?_i=AA 640w, https:\/\/res.cloudinary.com\/turna\/images\/w_681,h_426,c_scale\/f_auto,q_auto:low\/v1518123710\/Gauja-Milli-Parki_t1qal3\/Gauja-Milli-Parki_t1qal3.jpg?_i=AA 681w\" sizes=\"(max-width: 800px) 100vw, 800px\" \/><\/p>\n\n\n\n<p>Letonya&#8217;daki en b\u00fcy\u00fck milli park olan <strong>Gauja Milli Park\u0131<\/strong>, yakla\u015f\u0131k 900 kilometrekarelik bir alan \u00fczerine kurulu. Zengin biyolojik \u00e7e\u015fitlili\u011fi, \u015fahane manzaralar\u0131, huzur dolu ve sakin atmosferiyle kalabal\u0131k \u015fehir ya\u015fam\u0131ndan uzakla\u015fmak isteyenlerin g\u00f6zdesi olan bu park, \u00fclkenin en pop\u00fcler turistik yerlerinden.<\/p>\n\n\n\n<h3 class=\"wp-block-heading has-text-align-center has-neeon-button-dark-gray-color has-text-color has-link-color wp-elements-6b14911f00f9d7da82b48d01c8bba247\"><span class=\"ez-toc-section\" id=\"2_gutmanis_magarasi\"><\/span><strong><strong><strong><strong>2. Gutmanis Ma\u011faras\u0131 <\/strong><\/strong><\/strong><\/strong><span class=\"ez-toc-section-end\"><\/span><\/h3>\n\n\n\n<p>Balt\u0131klar\u0131n en b\u00fcy\u00fck ve y\u00fcksek ma\u011faras\u0131 olarak an\u0131lan <strong>Gutmanis Ma\u011faras\u0131<\/strong>, Sigulda Kalesi ve Turaida Kalesi aras\u0131nda konumlan\u0131yor. Ma\u011faran\u0131n i\u00e7indeki kaynaktan \u00e7\u0131kan suyun da \u015fifal\u0131 oldu\u011funa ve cildi g\u00fczelle\u015ftirdi\u011fine inan\u0131l\u0131yor. 19 metre derinli\u011findeki bu ma\u011faran\u0131n ismi ise Almanca iyi adam anlam\u0131na gelen \u2018Gut mann\u2019 kelimesinden geliyor.<\/p>\n\n\n\n<h3 class=\"wp-block-heading has-text-align-center has-neeon-button-dark-gray-color has-text-color has-link-color wp-elements-fb1627e0ee29c12181d716b4e32112ca\"><span class=\"ez-toc-section\" id=\"3_gauja_nehri\"><\/span><strong><strong><strong><strong>3. Gauja Nehri <\/strong><\/strong><\/strong><\/strong><span class=\"ez-toc-section-end\"><\/span><\/h3>\n\n\n\n<p><strong>Gauja Nehri<\/strong>, 452 kilometre uzunlu\u011fu, \u00e7evresini saran yakla\u015f\u0131k 400 y\u0131ll\u0131k kumta\u015f\u0131 kayal\u0131klar\u0131, bakir do\u011fa ve nefis manzaras\u0131yla \u00fclkeye gelen turistleri kendine hayran b\u0131rak\u0131yor. \u00dclkenin tek b\u00fcy\u00fck nehri olarak da bilinen nehrin 93 kilometrelik b\u00f6l\u00fcm\u00fc Gauja Milli Park\u0131 i\u00e7inde kal\u0131yor. Siz de bu nehir \u00e7evresinde uzun y\u00fcr\u00fcy\u00fc\u015fler yaparak keyifli zamanlar ge\u00e7irebilirsiniz.<\/p>\n\n\n\n<h3 class=\"wp-block-heading has-text-align-center has-neeon-button-dark-gray-color has-text-color has-link-color wp-elements-4899cab256ae6e1c309bcffb2cf8aff9\"><span class=\"ez-toc-section\" id=\"4_kuldiga\"><\/span><strong><strong><strong><strong>4. Kuldiga<\/strong><\/strong><\/strong><\/strong><span class=\"ez-toc-section-end\"><\/span><\/h3>\n\n\n\n<figure class=\"wp-block-image\"><img width=\"800\" height=\"500\" data-public-id=\"Kuldiga_wpqtio\/Kuldiga_wpqtio.jpg\" decoding=\"async\" src=\"https:\/\/res.cloudinary.com\/turna\/images\/w_800,h_500,c_scale\/f_auto,q_auto\/f_auto,q_auto:low\/v1518123695\/Kuldiga_wpqtio\/Kuldiga_wpqtio.jpg?_i=AA\" alt=\"\" class=\"wp-post-11573 wp-image-11609\" data-format=\"jpg\" data-transformations=\"f_auto,q_auto\/f_auto,q_auto:low\" data-version=\"1518123695\" data-seo=\"1\" srcset=\"https:\/\/res.cloudinary.com\/turna\/images\/f_auto,q_auto\/f_auto,q_auto\/f_auto,q_auto:low\/v1518123695\/Kuldiga_wpqtio\/Kuldiga_wpqtio.jpg?_i=AA 800w, https:\/\/res.cloudinary.com\/turna\/images\/w_300,h_188,c_scale\/f_auto,q_auto\/f_auto,q_auto\/f_auto,q_auto:low\/v1518123695\/Kuldiga_wpqtio\/Kuldiga_wpqtio.jpg?_i=AA 300w, https:\/\/res.cloudinary.com\/turna\/images\/w_672,h_420,c_scale\/f_auto,q_auto\/f_auto,q_auto\/f_auto,q_auto:low\/v1518123695\/Kuldiga_wpqtio\/Kuldiga_wpqtio.jpg?_i=AA 672w, https:\/\/res.cloudinary.com\/turna\/images\/w_640,h_400,c_scale\/f_auto,q_auto\/f_auto,q_auto\/f_auto,q_auto:low\/v1518123695\/Kuldiga_wpqtio\/Kuldiga_wpqtio.jpg?_i=AA 640w, https:\/\/res.cloudinary.com\/turna\/images\/w_681,h_426,c_scale\/f_auto,q_auto\/f_auto,q_auto\/f_auto,q_auto:low\/v1518123695\/Kuldiga_wpqtio\/Kuldiga_wpqtio.jpg?_i=AA 681w\" sizes=\"(max-width: 800px) 100vw, 800px\" \/><figcaption class=\"wp-element-caption\"><strong><strong>Letonya\u2019da G\u00f6rebilece\u011finiz 11 Yer<\/strong><\/strong><\/figcaption><\/figure>\n\n\n\n<p>UNESCO D\u00fcnya Miras\u0131 Listesindeki \u015fehir merkeziyle \u00fclkenin \u00f6nemli ziyaret noktalar\u0131ndan biri olan <strong>Kuldiga<\/strong> \u015fehri, Orta \u00c7a\u011f d\u00f6nemlerini yans\u0131tan etkileyici g\u00f6r\u00fcnt\u00fcs\u00fc ve g\u00f6z al\u0131c\u0131 mimarisi ile \u00fcnl\u00fc. K\u00fclt\u00fcrel geziler yapmaktan ho\u015flananlar i\u00e7in bir cazibe merkezi olan bu b\u00f6lgeyi gezmek i\u00e7in en az yar\u0131m g\u00fcn\u00fcn\u00fcz\u00fc ay\u0131rmal\u0131s\u0131n\u0131z.<\/p>\n\n\n\n<h3 class=\"wp-block-heading has-text-align-center has-neeon-button-dark-gray-color has-text-color has-link-color wp-elements-c0cfeedea75084506952091a4c648186\"><span class=\"ez-toc-section\" id=\"5_turaida_kalesi\"><\/span><strong><strong><strong><strong>5. Turaida Kalesi<\/strong><\/strong><\/strong><\/strong><span class=\"ez-toc-section-end\"><\/span><\/h3>\n\n\n\n<p><strong>Turaida Kalesi<\/strong>, 1214 y\u0131l\u0131nda in\u015fa edilen bir Orta \u00c7a\u011f yap\u0131s\u0131. Vidzeme b\u00f6lgesinde Gauja Nehri k\u0131y\u0131s\u0131nda bulunan bu tarihi kale, mimariye ve tarihe ilgi duyanlar\u0131n mutlaka g\u00f6rmesi gereken bir yap\u0131. K\u0131rm\u0131z\u0131 tu\u011flalar kullan\u0131larak yap\u0131lan ve g\u00fcn\u00fcm\u00fczde hala t\u00fcm ihti\u015fam\u0131yla ayakta duran kale, e\u015fsiz manzaras\u0131yla da ad\u0131ndan s\u00f6z ettiriyor.<\/p>\n\n\n\n<h3 class=\"wp-block-heading has-text-align-center has-neeon-button-dark-gray-color has-text-color has-link-color wp-elements-474a0312385348b64c1966be454ad56b\"><span class=\"ez-toc-section\" id=\"6_cesis\"><\/span><strong><strong><strong><strong>6. Cesis<\/strong><\/strong><\/strong><\/strong><span class=\"ez-toc-section-end\"><\/span><\/h3>\n\n\n\n<figure class=\"wp-block-image\"><img width=\"800\" height=\"500\" data-public-id=\"Cesis_jf1t15\/Cesis_jf1t15.jpg\" decoding=\"async\" src=\"https:\/\/res.cloudinary.com\/turna\/images\/w_800,h_500,c_scale\/f_auto,q_auto:low\/v1518123677\/Cesis_jf1t15\/Cesis_jf1t15.jpg?_i=AA\" alt=\"\" class=\"wp-post-11573 wp-image-11608\" data-format=\"jpg\" data-transformations=\"f_auto,q_auto:low\" data-version=\"1518123677\" data-seo=\"1\" srcset=\"https:\/\/res.cloudinary.com\/turna\/images\/f_auto,q_auto:low\/v1518123677\/Cesis_jf1t15\/Cesis_jf1t15.jpg?_i=AA 800w, https:\/\/res.cloudinary.com\/turna\/images\/w_300,h_188,c_scale\/f_auto,q_auto:low\/v1518123677\/Cesis_jf1t15\/Cesis_jf1t15.jpg?_i=AA 300w, https:\/\/res.cloudinary.com\/turna\/images\/w_672,h_420,c_scale\/f_auto,q_auto:low\/v1518123677\/Cesis_jf1t15\/Cesis_jf1t15.jpg?_i=AA 672w, https:\/\/res.cloudinary.com\/turna\/images\/w_640,h_400,c_scale\/f_auto,q_auto:low\/v1518123677\/Cesis_jf1t15\/Cesis_jf1t15.jpg?_i=AA 640w, https:\/\/res.cloudinary.com\/turna\/images\/w_681,h_426,c_scale\/f_auto,q_auto:low\/v1518123677\/Cesis_jf1t15\/Cesis_jf1t15.jpg?_i=AA 681w\" sizes=\"(max-width: 800px) 100vw, 800px\" \/><\/figure>\n\n\n\n<p>Ba\u015fkent Riga\u2019dan hareket eden otob\u00fcslerle ula\u015f\u0131m sa\u011flanabilen <strong>Cesis<\/strong>, tertemiz havas\u0131 ve \u015fahane ormanlar\u0131yla \u00f6ne \u00e7\u0131kan bir kasaba. Gauja Nehri vadisinde kurulan bu kasaban\u0131n ge\u00e7mi\u015fi 13. y\u00fczy\u0131la dek uzan\u0131yor. Ta\u015f sokaklar\u0131, tarihi yap\u0131lar\u0131 ve enfes do\u011fas\u0131yla turistlerin dikkatini \u00e7eken bu kasaba huzur bulmak isteyenlerin en sevdi\u011fi adreslerden.<\/p>\n\n\n\n<h3 class=\"wp-block-heading has-text-align-center has-neeon-button-dark-gray-color has-text-color has-link-color wp-elements-013648a578d0ce4e885be4020d425554\"><span class=\"ez-toc-section\" id=\"7_ozgurluk_aniti\"><\/span><strong>7. \u00d6zg\u00fcrl\u00fck An\u0131t\u0131<\/strong><span class=\"ez-toc-section-end\"><\/span><\/h3>\n\n\n\n<figure class=\"wp-block-image size-large\"><img decoding=\"async\" src=\"https:\/\/res.cloudinary.com\/turna\/image\/upload\/v1752216312\/wordpress-contents\/letonya_%C3%B6zg%C3%BCrl%C3%BCk_an%C4%B1t%C4%B1.jpg\" alt=\"\"\/><\/figure>\n\n\n\n<p>Letonya\u2019da Riga\u2019n\u0131n tam merkezinde yer alan <strong>\u00d6zg\u00fcrl\u00fck An\u0131t\u0131<\/strong>, \u00fclkenin ba\u011f\u0131ms\u0131zl\u0131k sembol\u00fc. Leton halk\u0131 i\u00e7in olduk\u00e7a anlaml\u0131 olan bu an\u0131t, 1935 y\u0131l\u0131nda in\u015fa edilmi\u015f ve y\u0131llar boyunca hem tarihi olaylara tan\u0131kl\u0131k etmi\u015f hem de halk\u0131n direni\u015finin simgesi haline gelmi\u015f. An\u0131t\u0131n tepesinde \u00f6zg\u00fcrl\u00fc\u011f\u00fc temsil eden kad\u0131n heykelini g\u00f6receksiniz; ellerinde \u00fc\u00e7 y\u0131ld\u0131z tutuyor. Bu y\u0131ld\u0131zlar, Letonya\u2019n\u0131n \u00fc\u00e7 tarihi b\u00f6lgesini simgeliyor. \u00c7evresinde y\u00fcr\u00fcy\u00fc\u015f yaparken, n\u00f6bet tutan askerleri izleyebilir, dilerseniz bu an\u0131n biraz i\u00e7inde kalabilirsiniz. \u015eehrin en yo\u011fun noktalar\u0131ndan biri olmas\u0131na ra\u011fmen buras\u0131 insana tuhaf bir dinginlik veriyor.<\/p>\n\n\n\n<h3 class=\"wp-block-heading has-text-align-center has-neeon-button-dark-gray-color has-text-color has-link-color wp-elements-274ad9bf3f0dcb40170a7e4e094884c4\"><span class=\"ez-toc-section\" id=\"8_vermane_bahcesi\"><\/span><strong>8. Vermane Bah\u00e7esi<\/strong><span class=\"ez-toc-section-end\"><\/span><\/h3>\n\n\n\n<p>Riga\u2019da bir nefes alma noktas\u0131 ar\u0131yorsan\u0131z, <strong>Vermane Bah\u00e7esi<\/strong> tam size g\u00f6re. 19. y\u00fczy\u0131ldan bu yana varl\u0131\u011f\u0131n\u0131 s\u00fcrd\u00fcren bu \u015fehir park\u0131, hem yerel halk\u0131n hem de turistlerin favorisi. \u00d6zellikle ilkbahar ve yaz aylar\u0131nda \u00e7i\u00e7eklerle bezeli y\u00fcr\u00fcy\u00fc\u015f yollar\u0131, b\u00fcy\u00fck a\u011fa\u00e7lar\u0131n g\u00f6lgesinde kitap okuyan insanlar ve k\u00fc\u00e7\u00fck konserlere ev sahipli\u011fi yapan alanlar\u0131yla buras\u0131 \u015fehrin gizli bir cenneti. Huzur ar\u0131yorsan\u0131z bu park\u0131 es ge\u00e7meyin.<\/p>\n\n\n\n<h3 class=\"wp-block-heading has-text-align-center has-neeon-button-dark-gray-color has-text-color has-link-color wp-elements-7283aadbb865fa8072c8dbd7eda55444\"><span class=\"ez-toc-section\" id=\"9_riga_katedrali\"><\/span><strong><strong><strong>9. <strong>Riga Katedrali<\/strong><\/strong><\/strong><\/strong><span class=\"ez-toc-section-end\"><\/span><\/h3>\n\n\n\n<figure class=\"wp-block-image size-large\"><img decoding=\"async\" src=\"https:\/\/res.cloudinary.com\/turna\/image\/upload\/v1752216311\/wordpress-contents\/letonya_riga_katedrali.jpg\" alt=\"\"\/><\/figure>\n\n\n\n<p>Riga\u2019n\u0131n siluetine damga vuran yap\u0131lardan biri olan <strong>Riga Katedrali<\/strong>, Gotik ve Barok mimarinin b\u00fcy\u00fcleyici bir kar\u0131\u015f\u0131m\u0131n\u0131 sunuyor. 13. y\u00fczy\u0131lda in\u015fa edilen bu katedral, Balt\u0131k b\u00f6lgesinin en b\u00fcy\u00fck dini yap\u0131lar\u0131ndan biri olma \u00f6zelli\u011fini ta\u015f\u0131yor. \u0130\u00e7erideki devasa org, akusti\u011fiyle me\u015fhur ve zaman zaman konserler i\u00e7in kullan\u0131l\u0131yor. E\u011fer denk gelirseniz, bu deneyimi ka\u00e7\u0131rmay\u0131n. D\u0131\u015f cephesinin sadeli\u011fi ile i\u00e7 mekan\u0131n detayl\u0131 i\u015flemeleri aras\u0131nda g\u00fczel bir z\u0131tl\u0131k var.\u00a0<\/p>\n\n\n\n<h3 class=\"wp-block-heading has-text-align-center has-neeon-button-dark-gray-color has-text-color has-link-color wp-elements-131d26831115928b1b8bc63bb78dde84\"><span class=\"ez-toc-section\" id=\"10_letonya_etnografya_acik_hava_muzesi\"><\/span><strong>10. Letonya Etnografya A\u00e7\u0131k Hava M\u00fczesi<\/strong><span class=\"ez-toc-section-end\"><\/span><\/h3>\n\n\n\n<p>\u015eehir merkezinden biraz uzakla\u015f\u0131p do\u011fada bir k\u00fclt\u00fcr turu yapmak isterseniz, <strong>Letonya Etnografya A\u00e7\u0131k Hava M\u00fczesi <\/strong>sizi fazlas\u0131yla memnun edecek. Burada Letonya\u2019n\u0131n d\u00f6rt farkl\u0131 b\u00f6lgesinden getirilen geleneksel ah\u015fap evleri, k\u00f6y kiliselerini, \u00e7iftlikleri ve at\u00f6lyeleri g\u00f6rebiliyorsunuz. Her biri \u00f6zenle restore edilmi\u015f ve orijinal haliyle korunmu\u015f yap\u0131lar aras\u0131nda dola\u015f\u0131rken, bir zaman t\u00fcnelindeymi\u015fsiniz gibi hissediyorsunuz. \u00d6zellikle geleneksel k\u0131yafetlerle \u00e7al\u0131\u015fan rehberler ve d\u00f6nemsel etkinlikler bu atmosferi daha da ger\u00e7ek\u00e7i k\u0131l\u0131yor.\u00a0<\/p>\n\n\n\n<h3 class=\"wp-block-heading has-text-align-center has-neeon-button-dark-gray-color has-text-color has-link-color wp-elements-fbb74107c198b0ac6128bd977fe5d0f5\"><span class=\"ez-toc-section\" id=\"11_kedi_evi\"><\/span><strong><strong><strong>11. <strong>Kedi Evi<\/strong><\/strong><\/strong><\/strong><span class=\"ez-toc-section-end\"><\/span><\/h3>\n\n\n\n<p>Buran\u0131n hikayesi de ad\u0131 kadar ilgin\u00e7. Riga&#8217;n\u0131n en \u00e7ok foto\u011fraflanan yap\u0131lar\u0131ndan biri olan <strong>Kedi Evi<\/strong>, Art Nouveau tarz\u0131ndaki mimarisiyle dikkat \u00e7ekiyor ama as\u0131l y\u0131ld\u0131z\u0131 \u00e7at\u0131s\u0131nda duran iki sinirli kedi heykeli. Rivayete g\u00f6re bu kediler, bir zamanlar ticaret loncas\u0131na al\u0131nmayan bir t\u00fcccar\u0131n \u00f6fkesiyle yap\u0131lm\u0131\u015f. T\u00fcccar, loncaya s\u0131rt\u0131n\u0131 d\u00f6nen kedileri \u00e7at\u0131s\u0131na yerle\u015ftirerek tepkisini g\u00f6stermi\u015f. G\u00fcn\u00fcm\u00fczdeyse bu k\u00fc\u00e7\u00fck detay, binay\u0131 turistlerin g\u00f6zdesi haline getirmi\u015f. Olduk\u00e7a sevimli ve e\u011flenceli bir hikayesi olan Kedi Evi, Riga gezinizin e\u011flenceli an\u0131lar\u0131ndan biri olabilir.<\/p>\n\n\n\n<p>E\u011fer siz de Avrupa\u2019n\u0131n etkileyici \u00fclkeleri aras\u0131nda keyifli bir gezi hayal ediyorsan\u0131z, <strong><a href=\"https:\/\/www.turna.com\/ucak-bileti\/letonya\" target=\"_blank\" rel=\"noopener\">Letonya u\u00e7ak bileti<\/a> <\/strong>kampanyalar\u0131na g\u00f6z atarak, seyahatiniz i\u00e7in ilk ad\u0131m\u0131 atabilirsiniz.<\/p>\n\n    <div class=\"xs_social_share_widget xs_share_url after_content \t\tmain_content  wslu-style-1 wslu-share-box-shaped wslu-fill-colored wslu-none wslu-share-horizontal wslu-theme-font-no wslu-main_content\">\n\n\t\t\n        <ul>\n\t\t\t        <\/ul>\n    <\/div> \n","protected":false},"excerpt":{"rendered":"<p>Yar\u0131s\u0131 ormanlarla kapl\u0131 huzur dolu bir Avrupa \u00fclkesi olan Letonya, yakla\u015f\u0131k iki milyonluk bir n\u00fcfusa sahip. Eski Pagan k\u00fclt\u00fcr\u00fcne merakl\u0131 olan gezginlerin mutlaka ziyaret etmesi gereken bu \u00fclke, enfes do\u011fal g\u00fczellikleri, sakin sokaklar\u0131, bakir kumsallar\u0131 ve tarihi yap\u0131lar\u0131yla hayranl\u0131k uyand\u0131r\u0131yor. Schengen b\u00f6lgesi i\u00e7inde yer ald\u0131\u011f\u0131 i\u00e7in bu \u00fclkeyi ziyaret etmek isteyen T\u00fcrk vatanda\u015flar\u0131n\u0131n Schengen vizesi [&hellip;]<\/p>\n","protected":false},"author":14,"featured_media":11609,"comment_status":"open","ping_status":"open","sticky":false,"template":"","format":"standard","meta":{"rop_custom_images_group":[],"rop_custom_messages_group":[],"rop_publish_now":"initial","rop_publish_now_accounts":[],"rop_publish_now_history":[],"rop_publish_now_status":"pending","_cloudinary_featured_overwrite":false,"footnotes":""},"categories":[1018],"tags":[1542,1541,1539],"class_list":["post-11573","post","type-post","status-publish","format-standard","has-post-thumbnail","hentry","category-letonya","tag-cesis","tag-kuldiga","tag-letonya"],"_links":{"self":[{"href":"https:\/\/www.turna.com\/blog\/wp-json\/wp\/v2\/posts\/11573","targetHints":{"allow":["GET"]}}],"collection":[{"href":"https:\/\/www.turna.com\/blog\/wp-json\/wp\/v2\/posts"}],"about":[{"href":"https:\/\/www.turna.com\/blog\/wp-json\/wp\/v2\/types\/post"}],"author":[{"embeddable":true,"href":"https:\/\/www.turna.com\/blog\/wp-json\/wp\/v2\/users\/14"}],"replies":[{"embeddable":true,"href":"https:\/\/www.turna.com\/blog\/wp-json\/wp\/v2\/comments?post=11573"}],"version-history":[{"count":0,"href":"https:\/\/www.turna.com\/blog\/wp-json\/wp\/v2\/posts\/11573\/revisions"}],"wp:featuredmedia":[{"embeddable":true,"href":"https:\/\/www.turna.com\/blog\/wp-json\/wp\/v2\/media\/11609"}],"wp:attachment":[{"href":"https:\/\/www.turna.com\/blog\/wp-json\/wp\/v2\/media?parent=11573"}],"wp:term":[{"taxonomy":"category","embeddable":true,"href":"https:\/\/www.turna.com\/blog\/wp-json\/wp\/v2\/categories?post=11573"},{"taxonomy":"post_tag","embeddable":true,"href":"https:\/\/www.turna.com\/blog\/wp-json\/wp\/v2\/tags?post=11573"}],"curies":[{"name":"wp","href":"https:\/\/api.w.org\/{rel}","templated":true}]}}