{"id":11572,"date":"2025-02-18T11:08:24","date_gmt":"2025-02-18T08:08:24","guid":{"rendered":"https:\/\/www.turna.com\/blog\/?p=11572"},"modified":"2025-07-07T13:45:30","modified_gmt":"2025-07-07T10:45:30","slug":"filipinler-gezilecek-yerler","status":"publish","type":"post","link":"https:\/\/www.turna.com\/blog\/filipinler-gezilecek-yerler","title":{"rendered":"Filipinler\u2019de G\u00f6rmeniz Gereken 15 Yer"},"content":{"rendered":"<div id=\"ez-toc-container\" class=\"ez-toc-v2_0_82_2 counter-hierarchy ez-toc-counter ez-toc-black ez-toc-container-direction\">\n<div class=\"ez-toc-title-container\">\n<p class=\"ez-toc-title\" style=\"cursor:inherit\">\u0130\u00e7indekiler<\/p>\n<span class=\"ez-toc-title-toggle\"><a href=\"#\" class=\"ez-toc-pull-right ez-toc-btn ez-toc-btn-xs ez-toc-btn-default ez-toc-toggle\" aria-label=\"\u0130\u00e7indekiler Tablosunu A\u00e7\/Kapat\"><span class=\"ez-toc-js-icon-con\"><span class=\"\"><span class=\"eztoc-hide\" style=\"display:none;\">Toggle<\/span><span class=\"ez-toc-icon-toggle-span\"><svg style=\"fill: #ffffff;color:#ffffff\" xmlns=\"http:\/\/www.w3.org\/2000\/svg\" class=\"list-377408\" width=\"20px\" height=\"20px\" viewBox=\"0 0 24 24\" fill=\"none\"><path d=\"M6 6H4v2h2V6zm14 0H8v2h12V6zM4 11h2v2H4v-2zm16 0H8v2h12v-2zM4 16h2v2H4v-2zm16 0H8v2h12v-2z\" fill=\"currentColor\"><\/path><\/svg><svg style=\"fill: #ffffff;color:#ffffff\" class=\"arrow-unsorted-368013\" xmlns=\"http:\/\/www.w3.org\/2000\/svg\" width=\"10px\" height=\"10px\" viewBox=\"0 0 24 24\" version=\"1.2\" baseProfile=\"tiny\"><path d=\"M18.2 9.3l-6.2-6.3-6.2 6.3c-.2.2-.3.4-.3.7s.1.5.3.7c.2.2.4.3.7.3h11c.3 0 .5-.1.7-.3.2-.2.3-.5.3-.7s-.1-.5-.3-.7zM5.8 14.7l6.2 6.3 6.2-6.3c.2-.2.3-.5.3-.7s-.1-.5-.3-.7c-.2-.2-.4-.3-.7-.3h-11c-.3 0-.5.1-.7.3-.2.2-.3.5-.3.7s.1.5.3.7z\"\/><\/svg><\/span><\/span><\/span><\/a><\/span><\/div>\n<nav><ul class='ez-toc-list ez-toc-list-level-1 eztoc-toggle-hide-by-default' ><li class='ez-toc-page-1 ez-toc-heading-level-2'><a class=\"ez-toc-link ez-toc-heading-1\" href=\"https:\/\/www.turna.com\/blog\/filipinler-gezilecek-yerler\/#filipinlerde_gormeniz_gereken_15_yer\" >Filipinler\u2019de G\u00f6rmeniz Gereken 15 Yer<\/a><ul class='ez-toc-list-level-3' ><li class='ez-toc-heading-level-3'><a class=\"ez-toc-link ez-toc-heading-2\" href=\"https:\/\/www.turna.com\/blog\/filipinler-gezilecek-yerler\/#1_batad_celtik_tarlalari\" >1. Batad \u00c7eltik Tarlalar\u0131<\/a><\/li><li class='ez-toc-page-1 ez-toc-heading-level-3'><a class=\"ez-toc-link ez-toc-heading-3\" href=\"https:\/\/www.turna.com\/blog\/filipinler-gezilecek-yerler\/#2_boracay_adasi\" >2. Boracay Adas\u0131<\/a><\/li><li class='ez-toc-page-1 ez-toc-heading-level-3'><a class=\"ez-toc-link ez-toc-heading-4\" href=\"https:\/\/www.turna.com\/blog\/filipinler-gezilecek-yerler\/#3_palawan_adasi\" >3. Palawan Adas\u0131<\/a><\/li><li class='ez-toc-page-1 ez-toc-heading-level-3'><a class=\"ez-toc-link ez-toc-heading-5\" href=\"https:\/\/www.turna.com\/blog\/filipinler-gezilecek-yerler\/#4_sumilon_adasi\" >4. Sumilon Adas\u0131<\/a><\/li><li class='ez-toc-page-1 ez-toc-heading-level-3'><a class=\"ez-toc-link ez-toc-heading-6\" href=\"https:\/\/www.turna.com\/blog\/filipinler-gezilecek-yerler\/#5_intramuros\" >5. Intramuros<\/a><\/li><li class='ez-toc-page-1 ez-toc-heading-level-3'><a class=\"ez-toc-link ez-toc-heading-7\" href=\"https:\/\/www.turna.com\/blog\/filipinler-gezilecek-yerler\/#6_sumaguing_magarasi\" >6. Sumaguing Ma\u011faras\u0131<\/a><\/li><li class='ez-toc-page-1 ez-toc-heading-level-3'><a class=\"ez-toc-link ez-toc-heading-8\" href=\"https:\/\/www.turna.com\/blog\/filipinler-gezilecek-yerler\/#7_taal_volkani\" >7. Taal Volkan\u0131<\/a><\/li><li class='ez-toc-page-1 ez-toc-heading-level-3'><a class=\"ez-toc-link ez-toc-heading-9\" href=\"https:\/\/www.turna.com\/blog\/filipinler-gezilecek-yerler\/#8_filipinler_ulusal_muzesi\" >8. Filipinler Ulusal M\u00fczesi<\/a><\/li><li class='ez-toc-page-1 ez-toc-heading-level-3'><a class=\"ez-toc-link ez-toc-heading-10\" href=\"https:\/\/www.turna.com\/blog\/filipinler-gezilecek-yerler\/#9_kalibo\" >9. Kalibo<\/a><\/li><li class='ez-toc-page-1 ez-toc-heading-level-3'><a class=\"ez-toc-link ez-toc-heading-11\" href=\"https:\/\/www.turna.com\/blog\/filipinler-gezilecek-yerler\/#10_davao\" >10. Davao<\/a><\/li><li class='ez-toc-page-1 ez-toc-heading-level-3'><a class=\"ez-toc-link ez-toc-heading-12\" href=\"https:\/\/www.turna.com\/blog\/filipinler-gezilecek-yerler\/#11_legazpi\" >11. Legazpi<\/a><\/li><li class='ez-toc-page-1 ez-toc-heading-level-3'><a class=\"ez-toc-link ez-toc-heading-13\" href=\"https:\/\/www.turna.com\/blog\/filipinler-gezilecek-yerler\/#12_cotabato\" >12. Cotabato<\/a><\/li><li class='ez-toc-page-1 ez-toc-heading-level-3'><a class=\"ez-toc-link ez-toc-heading-14\" href=\"https:\/\/www.turna.com\/blog\/filipinler-gezilecek-yerler\/#13_puerto_princesa_yeralti_nehri\" >13. Puerto Princesa Yeralt\u0131 Nehri<\/a><\/li><li class='ez-toc-page-1 ez-toc-heading-level-3'><a class=\"ez-toc-link ez-toc-heading-15\" href=\"https:\/\/www.turna.com\/blog\/filipinler-gezilecek-yerler\/#14_chocolate_hills\" >14. Chocolate Hills<\/a><\/li><li class='ez-toc-page-1 ez-toc-heading-level-3'><a class=\"ez-toc-link ez-toc-heading-16\" href=\"https:\/\/www.turna.com\/blog\/filipinler-gezilecek-yerler\/#15_iloilo_city\" >15. Iloilo City<\/a><\/li><\/ul><\/li><\/ul><\/nav><\/div>\n\n<p>E\u011fer kalbinizi Asya&#8217;n\u0131n egzotik adalar\u0131na kapt\u0131rmaya haz\u0131rsan\u0131z, rotan\u0131z\u0131 Filipinler&#8217;e \u00e7evirmelisiniz. Bu b\u00fcy\u00fcl\u00fc \u00fclke, ke\u015ffedilmeyi bekleyen yedi binden fazla ada ve adac\u0131kla sizi \u00e7a\u011f\u0131r\u0131yor. Filipinler&#8217;in kristal mavi sular\u0131, renkli kabile k\u00fclt\u00fcr\u00fc, b\u00fcy\u00fcleyici do\u011fal manzaralar\u0131 ile \u00e7evrili ormanlar\u0131, \u015felaleleri ve nehirleri, adeta b\u00fcy\u00fcl\u00fc bir d\u00fcnyan\u0131n kap\u0131lar\u0131n\u0131 aral\u0131yor. Bu destinasyonda her rota, unutulmaz an\u0131lar biriktirmek i\u00e7in harika bir f\u0131rsat sunuyor. Filipinler&#8217;in s\u0131ra d\u0131\u015f\u0131 g\u00fczellikleri, g\u00f6zlerinizi kama\u015ft\u0131rmaya ve gezgin ruhunuza dokunmaya aday bulunuyor!<\/p>\n\n\n\n<h2 class=\"wp-block-heading has-text-align-center has-neeon-button-dark-gray-color has-text-color has-link-color wp-elements-70467c09488a66cd4a64d8163f7bb02e\"><span class=\"ez-toc-section\" id=\"filipinlerde_gormeniz_gereken_15_yer\"><\/span><strong>Filipinler\u2019de G\u00f6rmeniz Gereken 15 Yer<\/strong><span class=\"ez-toc-section-end\"><\/span><\/h2>\n\n\n\n<figure class=\"wp-block-image size-large\"><img decoding=\"async\" src=\"https:\/\/res.cloudinary.com\/turna\/image\/upload\/v1739860089\/wordpress-contents\/filipinler.png\" alt=\"\"\/><\/figure>\n\n\n\n<p>Filipinler, B\u00fcy\u00fck Okyanus&#8217;un bat\u0131s\u0131nda konumlan\u0131yor ve d\u00fcnyan\u0131n en b\u00fcy\u00fcleyici \u00fclkelerinden biri olma \u00f6zelli\u011fini ta\u015f\u0131yor. Bu e\u015fsiz ada \u00fclkesi,  20&#8217;den fazla aktif volkan\u0131,  tropik iklimi, 2000 y\u0131l \u00f6ncesine uzanan \u00e7eltik tarlalar\u0131, renkli ve kozmopolit \u015fehirleri ile ziyaret\u00e7ilerine unutulmaz deneyimler vadediyor. Filipinler&#8217;de mutlaka g\u00f6rmeniz gereken 15 cazibe merkezi sayfan\u0131n devam\u0131nda ke\u015ffinizi bekliyor.<\/p>\n\n\n\n<h3 class=\"wp-block-heading has-text-align-center has-neeon-button-dark-gray-color has-text-color has-link-color wp-elements-f4014843cf46e1da58618a2e947ed595\"><span class=\"ez-toc-section\" id=\"1_batad_celtik_tarlalari\"><\/span><strong>1. Batad \u00c7eltik Tarlalar\u0131<\/strong><span class=\"ez-toc-section-end\"><\/span><\/h3>\n\n\n\n<figure class=\"wp-block-image\"><img width=\"800\" height=\"500\" data-public-id=\"Batad-Celtik-Tarlalari_qlpfjf\/Batad-Celtik-Tarlalari_qlpfjf.jpg\" fetchpriority=\"high\" decoding=\"async\" src=\"https:\/\/res.cloudinary.com\/turna\/images\/w_800,h_500,c_scale\/f_auto,q_auto:low\/v1518008335\/Batad-Celtik-Tarlalari_qlpfjf\/Batad-Celtik-Tarlalari_qlpfjf.jpg?_i=AA\" alt=\"\" class=\"wp-post-11572 wp-image-11601\" data-format=\"jpg\" data-transformations=\"f_auto,q_auto:low\" data-version=\"1518008335\" data-seo=\"1\" srcset=\"https:\/\/res.cloudinary.com\/turna\/images\/f_auto,q_auto:low\/v1518008335\/Batad-Celtik-Tarlalari_qlpfjf\/Batad-Celtik-Tarlalari_qlpfjf.jpg?_i=AA 800w, https:\/\/res.cloudinary.com\/turna\/images\/w_300,h_188,c_scale\/f_auto,q_auto:low\/v1518008335\/Batad-Celtik-Tarlalari_qlpfjf\/Batad-Celtik-Tarlalari_qlpfjf.jpg?_i=AA 300w, https:\/\/res.cloudinary.com\/turna\/images\/w_672,h_420,c_scale\/f_auto,q_auto:low\/v1518008335\/Batad-Celtik-Tarlalari_qlpfjf\/Batad-Celtik-Tarlalari_qlpfjf.jpg?_i=AA 672w, https:\/\/res.cloudinary.com\/turna\/images\/w_640,h_400,c_scale\/f_auto,q_auto:low\/v1518008335\/Batad-Celtik-Tarlalari_qlpfjf\/Batad-Celtik-Tarlalari_qlpfjf.jpg?_i=AA 640w, https:\/\/res.cloudinary.com\/turna\/images\/w_681,h_426,c_scale\/f_auto,q_auto:low\/v1518008335\/Batad-Celtik-Tarlalari_qlpfjf\/Batad-Celtik-Tarlalari_qlpfjf.jpg?_i=AA 681w\" sizes=\"(max-width: 800px) 100vw, 800px\" \/><\/figure>\n\n\n\n<p>Batad \u00c7eltik Tarlalar\u0131, Filipinler&#8217;in Luzon Adas\u0131&#8217;nda konumlan\u0131yor ve Ifugao kabilesinin y\u00fczy\u0131llar boyunca s\u00fcregelen tar\u0131m bilgisi ve eme\u011fiyle \u015fekillendirilmi\u015f e\u015fsiz bir k\u00fclt\u00fcrel miras olarak dikkat \u00e7ekiyor. \u0130ki bin y\u0131ll\u0131k ge\u00e7mi\u015fiyle UNESCO D\u00fcnya Miras\u0131 Listesi&#8217;ne giren bu tarlalar, sadece bir tar\u0131m alan\u0131 olman\u0131n \u00f6tesinde, kabileyi ve b\u00f6lgeyi ziyaret edenler i\u00e7in derin bir tarihi ve k\u00fclt\u00fcrel \u00f6nem ta\u015f\u0131yor. Ye\u015filin binbir tonunun hakim oldu\u011fu teraslar, ziyaret\u00e7ilere adeta zaman i\u00e7inde bir yolculuk sunuyor. <\/p>\n\n\n\n<h3 class=\"wp-block-heading has-text-align-center has-neeon-button-dark-gray-color has-text-color has-link-color wp-elements-11ea3bd457cabea532031a8b927b1c22\"><span class=\"ez-toc-section\" id=\"2_boracay_adasi\"><\/span><strong>2. Boracay Adas\u0131<\/strong><span class=\"ez-toc-section-end\"><\/span><\/h3>\n\n\n\n<p>Boracay Adas\u0131, balay\u0131 \u00e7iftlerinin s\u0131kl\u0131kla tercih etti\u011fi destinasyonlar\u0131n ba\u015f\u0131nda geliyor. Ada, kristal gibi berrak sular\u0131, kar beyaz\u0131 kumsallar\u0131 ve canl\u0131 e\u011flence hayat\u0131yla adeta bir cennet niteli\u011fi ta\u015f\u0131yor. Yemye\u015fil tropik bitki \u00f6rt\u00fcs\u00fcyle \u00e7evrili bu harika yer, romantik g\u00fcn bat\u0131mlar\u0131 ve s\u0131cak tropik iklimi ile ziyaret\u00e7ilerine unutulmaz anlar ya\u015fat\u0131yor. \u00d6zellikle su sporlar\u0131, dal\u0131\u015f  gibi aktiviteler i\u00e7in ideal olan Boracay, ayn\u0131 zamanda leziz deniz \u00fcr\u00fcnleri restoranlar\u0131 ve samimi barlar\u0131yla da dikkat \u00e7ekiyor.<\/p>\n\n\n\n<h3 class=\"wp-block-heading has-text-align-center has-neeon-button-dark-gray-color has-text-color has-link-color wp-elements-cb7587cc11274afdf6a62ddb0968eab0\"><span class=\"ez-toc-section\" id=\"3_palawan_adasi\"><\/span><strong>3. Palawan Adas\u0131<\/strong><span class=\"ez-toc-section-end\"><\/span><\/h3>\n\n\n\n<p>Modern ya\u015fam\u0131 do\u011fan\u0131n bakir ve vah\u015fi g\u00fczelli\u011fiyle harmanlayan \u015fa\u015f\u0131rt\u0131c\u0131 bir tatil adresi olan Palawan Adas\u0131\u2019nda; d\u00fcnyan\u0131n en iyi plajlar\u0131nda y\u00fcz\u00fcp, bakir ormanlar ve milli parklar aras\u0131nda dola\u015ft\u0131ktan sonra, kendinizi l\u00fcks bir e\u011flencenin ortas\u0131nda bulabilirsiniz.<\/p>\n\n\n\n<h3 class=\"wp-block-heading has-text-align-center has-neeon-button-dark-gray-color has-text-color has-link-color wp-elements-3bb95d776af557a7718cdfcba8058b12\"><span class=\"ez-toc-section\" id=\"4_sumilon_adasi\"><\/span><strong>4. Sumilon Adas\u0131<\/strong><span class=\"ez-toc-section-end\"><\/span><\/h3>\n\n\n\n<figure class=\"wp-block-image\"><img width=\"800\" height=\"500\" data-public-id=\"Sumilon_rvzylw\/Sumilon_rvzylw.jpg\" decoding=\"async\" src=\"https:\/\/res.cloudinary.com\/turna\/images\/w_800,h_500,c_scale\/f_auto,q_auto:low\/v1518008361\/Sumilon_rvzylw\/Sumilon_rvzylw.jpg?_i=AA\" alt=\"\" class=\"wp-post-11572 wp-image-11602\" data-format=\"jpg\" data-transformations=\"f_auto,q_auto:low\" data-version=\"1518008361\" data-seo=\"1\" srcset=\"https:\/\/res.cloudinary.com\/turna\/images\/f_auto,q_auto:low\/v1518008361\/Sumilon_rvzylw\/Sumilon_rvzylw.jpg?_i=AA 800w, https:\/\/res.cloudinary.com\/turna\/images\/w_300,h_188,c_scale\/f_auto,q_auto:low\/v1518008361\/Sumilon_rvzylw\/Sumilon_rvzylw.jpg?_i=AA 300w, https:\/\/res.cloudinary.com\/turna\/images\/w_672,h_420,c_scale\/f_auto,q_auto:low\/v1518008361\/Sumilon_rvzylw\/Sumilon_rvzylw.jpg?_i=AA 672w, https:\/\/res.cloudinary.com\/turna\/images\/w_640,h_400,c_scale\/f_auto,q_auto:low\/v1518008361\/Sumilon_rvzylw\/Sumilon_rvzylw.jpg?_i=AA 640w, https:\/\/res.cloudinary.com\/turna\/images\/w_681,h_426,c_scale\/f_auto,q_auto:low\/v1518008361\/Sumilon_rvzylw\/Sumilon_rvzylw.jpg?_i=AA 681w\" sizes=\"(max-width: 800px) 100vw, 800px\" \/><\/figure>\n\n\n\n<p>E\u011fer dal\u0131\u015f yapmak sizin i\u00e7in vazge\u00e7ilmez bir tutkuya d\u00f6n\u00fc\u015ft\u00fcyse ve kendinize yeni dal\u0131\u015f noktalar\u0131 ar\u0131yorsan\u0131z, Sumilon Adas\u0131\u2019n\u0131 mutlaka g\u00f6rmelisiniz. Harita \u00fczerinde yerini bulmakta zorlansan\u0131z da bu k\u00fc\u00e7\u00fck adada kar\u015f\u0131la\u015faca\u011f\u0131n\u0131z huzurlu ve zengin do\u011fal ya\u015fama inanamayacaks\u0131n\u0131z. Dingin ve ke\u015fif dolu bir seyahat i\u00e7in Sumilon Adas\u0131 do\u011fru tercih.<\/p>\n\n\n\n<h3 class=\"wp-block-heading has-text-align-center has-neeon-button-dark-gray-color has-text-color has-link-color wp-elements-99ab4835b208976b131943ddcb0401e6\"><span class=\"ez-toc-section\" id=\"5_intramuros\"><\/span><strong>5. Intramuros<\/strong><span class=\"ez-toc-section-end\"><\/span><\/h3>\n\n\n\n<p>Intramuros, Manila&#8217;n\u0131n tarihle i\u00e7 i\u00e7e olan ve \u0130spanyol koloni d\u00f6neminden kalma tarihi yap\u0131lar\u0131yla \u00fcnl\u00fc bir b\u00f6lgesi. \u015eehir merkezinin sadece \u00fc\u00e7 kilometre uza\u011f\u0131nda konumlanan bu eski \u015fehir, ziyaret\u00e7ilerine zamanda bir yolculuk sunuyor. Burada, korunmu\u015f sur duvarlar\u0131 ve antik kal\u0131nt\u0131lar aras\u0131nda dola\u015f\u0131rken, Filipinler&#8217;in kolonyal ge\u00e7mi\u015fine tan\u0131kl\u0131k edebilirsiniz. Nostaljik fayton gezileri ile bu tarihi dokuda keyifli bir ke\u015fif yapabilirsiniz.<\/p>\n\n\n\n<h3 class=\"wp-block-heading has-text-align-center has-neeon-button-dark-gray-color has-text-color has-link-color wp-elements-de3ffc7d9fc8f46a43e1546825e2189e\"><span class=\"ez-toc-section\" id=\"6_sumaguing_magarasi\"><\/span><strong>6. Sumaguing Ma\u011faras\u0131<\/strong><span class=\"ez-toc-section-end\"><\/span><\/h3>\n\n\n\n<p>Rehberler e\u015fli\u011finde yap\u0131lan zorlu ama macera dolu bir geziyle derinliklerini ke\u015ffedebilece\u011finiz harika bir yer olan Sumaguing Ma\u011faras\u0131, Luzon Adas\u0131\u2019nda konumlan\u0131yor. Lumiang Ma\u011faralar\u0131 ve Sumaguing Ma\u011faras\u0131 aras\u0131ndaki bu trekking rotas\u0131, ortalama iki kilometre kadar s\u00fcr\u00fcyor ve her ad\u0131mda konuklar\u0131n\u0131 do\u011fan\u0131n gizemli derinliklerine davet ediyor.<\/p>\n\n\n\n<h3 class=\"wp-block-heading has-text-align-center has-neeon-button-dark-gray-color has-text-color has-link-color wp-elements-03fbd8fba143c0bdfadb38c2c0f9c88c\"><span class=\"ez-toc-section\" id=\"7_taal_volkani\"><\/span><strong>7. Taal Volkan\u0131<\/strong><span class=\"ez-toc-section-end\"><\/span><\/h3>\n\n\n\n<figure class=\"wp-block-image\"><img width=\"800\" height=\"500\" data-public-id=\"Taal-Volkani_rt3z67\/Taal-Volkani_rt3z67.jpg\" decoding=\"async\" src=\"https:\/\/res.cloudinary.com\/turna\/images\/w_800,h_500,c_scale\/f_auto,q_auto:low\/v1518008310\/Taal-Volkani_rt3z67\/Taal-Volkani_rt3z67.jpg?_i=AA\" alt=\"\" class=\"wp-post-11572 wp-image-11600\" data-format=\"jpg\" data-transformations=\"f_auto,q_auto:low\" data-version=\"1518008310\" data-seo=\"1\" srcset=\"https:\/\/res.cloudinary.com\/turna\/images\/f_auto,q_auto:low\/v1518008310\/Taal-Volkani_rt3z67\/Taal-Volkani_rt3z67.jpg?_i=AA 800w, https:\/\/res.cloudinary.com\/turna\/images\/w_300,h_188,c_scale\/f_auto,q_auto:low\/v1518008310\/Taal-Volkani_rt3z67\/Taal-Volkani_rt3z67.jpg?_i=AA 300w, https:\/\/res.cloudinary.com\/turna\/images\/w_672,h_420,c_scale\/f_auto,q_auto:low\/v1518008310\/Taal-Volkani_rt3z67\/Taal-Volkani_rt3z67.jpg?_i=AA 672w, https:\/\/res.cloudinary.com\/turna\/images\/w_640,h_400,c_scale\/f_auto,q_auto:low\/v1518008310\/Taal-Volkani_rt3z67\/Taal-Volkani_rt3z67.jpg?_i=AA 640w, https:\/\/res.cloudinary.com\/turna\/images\/w_681,h_426,c_scale\/f_auto,q_auto:low\/v1518008310\/Taal-Volkani_rt3z67\/Taal-Volkani_rt3z67.jpg?_i=AA 681w\" sizes=\"(max-width: 800px) 100vw, 800px\" \/><\/figure>\n\n\n\n<p>G\u00fcn\u00fcm\u00fczden yakla\u015f\u0131k 500 y\u0131l \u00f6nce volkanik hareketler sonucunda olu\u015fan Taal Volkan\u0131, Manila\u2019n\u0131n 60 kilometre g\u00fcneybat\u0131s\u0131ndaki Tagatay \u015fehri yak\u0131n\u0131nda bulunuyor. 311 metre y\u00fcksekli\u011findeki bu volkan, ziyaret\u00e7ilerini enfes g\u00f6r\u00fcnt\u00fclerle kar\u015f\u0131l\u0131yor.<\/p>\n\n\n\n<h3 class=\"wp-block-heading has-text-align-center has-neeon-button-dark-gray-color has-text-color has-link-color wp-elements-42cb6fd40564df78e3be3a42132831a2\"><span class=\"ez-toc-section\" id=\"8_filipinler_ulusal_muzesi\"><\/span><strong>8. Filipinler Ulusal M\u00fczesi<\/strong><span class=\"ez-toc-section-end\"><\/span><\/h3>\n\n\n\n<p>Filipinler Ulusal M\u00fczesi, \u00fclkenin zengin k\u00fclt\u00fcrel ve tarihi miras\u0131n\u0131 sergileyen bir hazine niteli\u011fi ta\u015f\u0131yor. M\u00fcze, \u00e7e\u015fitli d\u00f6nemlere ait sanat eserleri ve tarihi eserlerle dolu, bu koleksiyonlar Filipinler&#8217;in ge\u00e7mi\u015fini ve k\u00fclt\u00fcr\u00fcn\u00fc anlamak i\u00e7in paha bi\u00e7ilemez kaynaklar sunuyor. Ziyaret\u00e7ilere, Filipinler&#8217;in etnografik, arkeolojik ve do\u011fal tarihini kapsaml\u0131 bir \u015fekilde ke\u015ffetme f\u0131rsat\u0131 sunan bu m\u00fcze, \u00f6zellikle tarih ve sanat merakl\u0131lar\u0131 i\u00e7in ideal bir destinasyon. Etkileyici sergiler ve interaktif g\u00f6sterimlerle donat\u0131lm\u0131\u015f olan Filipinler Ulusal M\u00fczesi, \u00fclkenin k\u00fclt\u00fcrel zenginliklerini bir araya getirerek, her ya\u015ftan ziyaret\u00e7iyi bilgilendiriyor ve ilham veriyor.<\/p>\n\n\n\n<h3 class=\"wp-block-heading has-text-align-center has-neeon-button-dark-gray-color has-text-color has-link-color wp-elements-98c230fd464838b9b563fa3bf552ab90\"><span class=\"ez-toc-section\" id=\"9_kalibo\"><\/span><strong>9. Kalibo<\/strong><span class=\"ez-toc-section-end\"><\/span><\/h3>\n\n\n\n<figure class=\"wp-block-image size-large\"><img width=\"1024\" height=\"640\" loading=\"lazy\" decoding=\"async\" src=\"data:image\/svg+xml;base64,PHN2ZyB4bWxucz0iaHR0cDovL3d3dy53My5vcmcvMjAwMC9zdmciIHdpZHRoPSIxMDI0IiBoZWlnaHQ9IjY0MCI+PHJlY3Qgd2lkdGg9IjEwMCUiIGhlaWdodD0iMTAwJSI+PGFuaW1hdGUgYXR0cmlidXRlTmFtZT0iZmlsbCIgdmFsdWVzPSJyZ2JhKDE1MywxNTMsMTUzLDAuNSk7cmdiYSgxNTMsMTUzLDE1MywwLjEpO3JnYmEoMTUzLDE1MywxNTMsMC41KSIgZHVyPSIycyIgcmVwZWF0Q291bnQ9ImluZGVmaW5pdGUiIC8+PC9yZWN0Pjwvc3ZnPg==\" alt=\"Kalibo\" class=\"wp-post-11572 wp-image-18065\" data-public-id=\"Kalibo\/Kalibo.jpg\" data-format=\"jpg\" data-transformations=\"f_auto,q_auto:low\" data-version=\"1608567616\" data-seo=\"1\" data-size=\"1024 640\" data-srcset=\"https:\/\/res.cloudinary.com\/turna\/images\/f_auto,q_auto:low\/v1608567616\/Kalibo\/Kalibo.jpg?_i=AA 1024w, https:\/\/res.cloudinary.com\/turna\/images\/w_800,h_500,c_scale\/f_auto,q_auto:low\/v1608567616\/Kalibo\/Kalibo.jpg?_i=AA 800w, https:\/\/res.cloudinary.com\/turna\/images\/w_300,h_188,c_scale\/f_auto,q_auto:low\/v1608567616\/Kalibo\/Kalibo.jpg?_i=AA 300w, https:\/\/res.cloudinary.com\/turna\/images\/w_672,h_420,c_scale\/f_auto,q_auto:low\/v1608567616\/Kalibo\/Kalibo.jpg?_i=AA 672w, https:\/\/res.cloudinary.com\/turna\/images\/w_640,h_400,c_scale\/f_auto,q_auto:low\/v1608567616\/Kalibo\/Kalibo.jpg?_i=AA 640w, https:\/\/res.cloudinary.com\/turna\/images\/w_681,h_426,c_scale\/f_auto,q_auto:low\/v1608567616\/Kalibo\/Kalibo.jpg?_i=AA 681w\" data-sizes=\"(max-width: 1024px) 100vw, 1024px\" data-delivery=\"upload\" onload=\";window.CLDBind?CLDBind(this):null;\" data-cloudinary=\"lazy\" \/><\/figure>\n\n\n\n<p>Kalibo, Panay adas\u0131n\u0131n kuzeybat\u0131s\u0131nda yer alan deniz kenar\u0131nda bir \u015fehir. \u00dcnl\u00fc Boracay adas\u0131na ula\u015f\u0131m bu ada \u00fczerinden sa\u011flan\u0131yor. \u015eehir denize d\u00f6k\u00fclen Aklan Nehri&#8217;nin hemen denize d\u00f6k\u00fcld\u00fc\u011f\u00fc yere kurulmu\u015f. Ekonomisi ise turizm, pirin\u00e7 ve hindistancevizine dayan\u0131yor. Bakhawan Eko Park\u0131 (Bakhawan Ecopark), Akean M\u00fczesi (Museo It Akean), Aklan Freedom Shrine, Tigayon Tepesi (Tigayon Hill), Pastrana Park, Cathedral Parish of St. John the Baptist, Solteo Beach Resort, Navitas Beach Kalibo&#8217;nun belli ba\u015fl\u0131 g\u00f6r\u00fclecek yerleri.<\/p>\n\n\n\n<h3 class=\"wp-block-heading has-text-align-center has-neeon-button-dark-gray-color has-text-color has-link-color wp-elements-6c76df769fc9d764addf6151c990fae7\"><span class=\"ez-toc-section\" id=\"10_davao\"><\/span><strong>10. Davao<\/strong><span class=\"ez-toc-section-end\"><\/span><\/h3>\n\n\n\n<figure class=\"wp-block-image size-large\"><img width=\"1024\" height=\"640\" loading=\"lazy\" decoding=\"async\" src=\"data:image\/svg+xml;base64,PHN2ZyB4bWxucz0iaHR0cDovL3d3dy53My5vcmcvMjAwMC9zdmciIHdpZHRoPSIxMDI0IiBoZWlnaHQ9IjY0MCI+PHJlY3Qgd2lkdGg9IjEwMCUiIGhlaWdodD0iMTAwJSI+PGFuaW1hdGUgYXR0cmlidXRlTmFtZT0iZmlsbCIgdmFsdWVzPSJyZ2JhKDE1MywxNTMsMTUzLDAuNSk7cmdiYSgxNTMsMTUzLDE1MywwLjEpO3JnYmEoMTUzLDE1MywxNTMsMC41KSIgZHVyPSIycyIgcmVwZWF0Q291bnQ9ImluZGVmaW5pdGUiIC8+PC9yZWN0Pjwvc3ZnPg==\" alt=\"Davao\" class=\"wp-post-11572 wp-image-18067\" data-public-id=\"Davao\/Davao.jpg\" data-format=\"jpg\" data-transformations=\"f_auto,q_auto:low\" data-version=\"1608567924\" data-seo=\"1\" data-size=\"1024 640\" data-srcset=\"https:\/\/res.cloudinary.com\/turna\/images\/f_auto,q_auto:low\/v1608567924\/Davao\/Davao.jpg?_i=AA 1024w, https:\/\/res.cloudinary.com\/turna\/images\/w_800,h_500,c_scale\/f_auto,q_auto:low\/v1608567924\/Davao\/Davao.jpg?_i=AA 800w, https:\/\/res.cloudinary.com\/turna\/images\/w_300,h_188,c_scale\/f_auto,q_auto:low\/v1608567924\/Davao\/Davao.jpg?_i=AA 300w, https:\/\/res.cloudinary.com\/turna\/images\/w_672,h_420,c_scale\/f_auto,q_auto:low\/v1608567924\/Davao\/Davao.jpg?_i=AA 672w, https:\/\/res.cloudinary.com\/turna\/images\/w_640,h_400,c_scale\/f_auto,q_auto:low\/v1608567924\/Davao\/Davao.jpg?_i=AA 640w, https:\/\/res.cloudinary.com\/turna\/images\/w_681,h_426,c_scale\/f_auto,q_auto:low\/v1608567924\/Davao\/Davao.jpg?_i=AA 681w\" data-sizes=\"(max-width: 1024px) 100vw, 1024px\" data-delivery=\"upload\" onload=\";window.CLDBind?CLDBind(this):null;\" data-cloudinary=\"lazy\" \/><\/figure>\n\n\n\n<p>Davao,&nbsp;Filipinler&#8217;in en b\u00fcy\u00fck adalar\u0131ndan biri olan Mindanao Adas\u0131 \u00fczerine kurulmu\u015f ve  Filipinler&#8217;in en kalabal\u0131k \u00fc\u00e7\u00fcnc\u00fc yerle\u015fim yeri. Davao B\u00f6lgesi&#8217;nin merkezi konumunda bulunan \u015fehir, adadaki ticaret ve end\u00fcstri anlam\u0131nda da geli\u015fmi\u015f. Davao turistlere ve gezginlere farkl\u0131 deneyimler ve gezilip g\u00f6r\u00fclecek pek \u00e7ok yer sunuyor. Samal Adas\u0131, macera dolu Eden Nature Park, Malagos Garden Resort ve Chocolate Museum, Timsah Park\u0131 (The Davao Crocodile Park), Philippine Eagle Center, Davao People&#8217;s Park, Jack&#8217;s Ridge,&nbsp;Roxas Night Market, Museo Dabawenyo mutlaka g\u00f6r\u00fclmeli.<\/p>\n\n\n\n<h3 class=\"wp-block-heading has-text-align-center has-neeon-button-dark-gray-color has-text-color has-link-color wp-elements-33285b76c4ee5afccedbcb18475c8a00\"><span class=\"ez-toc-section\" id=\"11_legazpi\"><\/span><strong>11. Legazpi<\/strong><span class=\"ez-toc-section-end\"><\/span><\/h3>\n\n\n\n<figure class=\"wp-block-image size-large\"><img width=\"1024\" height=\"640\" loading=\"lazy\" decoding=\"async\" src=\"data:image\/svg+xml;base64,PHN2ZyB4bWxucz0iaHR0cDovL3d3dy53My5vcmcvMjAwMC9zdmciIHdpZHRoPSIxMDI0IiBoZWlnaHQ9IjY0MCI+PHJlY3Qgd2lkdGg9IjEwMCUiIGhlaWdodD0iMTAwJSI+PGFuaW1hdGUgYXR0cmlidXRlTmFtZT0iZmlsbCIgdmFsdWVzPSJyZ2JhKDE1MywxNTMsMTUzLDAuNSk7cmdiYSgxNTMsMTUzLDE1MywwLjEpO3JnYmEoMTUzLDE1MywxNTMsMC41KSIgZHVyPSIycyIgcmVwZWF0Q291bnQ9ImluZGVmaW5pdGUiIC8+PC9yZWN0Pjwvc3ZnPg==\" alt=\"legazpi\" class=\"wp-post-11572 wp-image-18069\" data-public-id=\"legazpi\/legazpi.jpg\" data-format=\"jpg\" data-transformations=\"f_auto,q_auto:low\" data-version=\"1608567725\" data-seo=\"1\" data-size=\"1024 640\" data-srcset=\"https:\/\/res.cloudinary.com\/turna\/images\/f_auto,q_auto:low\/v1608567725\/legazpi\/legazpi.jpg?_i=AA 1024w, https:\/\/res.cloudinary.com\/turna\/images\/w_800,h_500,c_scale\/f_auto,q_auto:low\/v1608567725\/legazpi\/legazpi.jpg?_i=AA 800w, https:\/\/res.cloudinary.com\/turna\/images\/w_300,h_188,c_scale\/f_auto,q_auto:low\/v1608567725\/legazpi\/legazpi.jpg?_i=AA 300w, https:\/\/res.cloudinary.com\/turna\/images\/w_672,h_420,c_scale\/f_auto,q_auto:low\/v1608567725\/legazpi\/legazpi.jpg?_i=AA 672w, https:\/\/res.cloudinary.com\/turna\/images\/w_640,h_400,c_scale\/f_auto,q_auto:low\/v1608567725\/legazpi\/legazpi.jpg?_i=AA 640w, https:\/\/res.cloudinary.com\/turna\/images\/w_681,h_426,c_scale\/f_auto,q_auto:low\/v1608567725\/legazpi\/legazpi.jpg?_i=AA 681w\" data-sizes=\"(max-width: 1024px) 100vw, 1024px\" data-delivery=\"upload\" onload=\";window.CLDBind?CLDBind(this):null;\" data-cloudinary=\"lazy\" \/><\/figure>\n\n\n\n<p>Legazpi, Manila&#8217;n\u0131n do\u011fusunda yer alan Luzon Adas\u0131&#8217;nda bir \u015fehir. Albay b\u00f6lgesinin ba\u015fkenti olan Legazpi, Legazpi Liman\u0131 ve Eski Albay Mahallesi olmak \u00fczere iki b\u00f6lgeden olu\u015fuyor. Legazpi e\u011flence ve macera \u015fehri olarak tan\u0131n\u0131yor. Aktif olan Mayon yanarda\u011f\u0131 Legazpi s\u0131n\u0131rlar\u0131na \u00e7ok yak\u0131n. \u015eehirde \u00e7ok say\u0131da tarihi nokta, do\u011fal alan ve al\u0131\u015fveri\u015f noktalar\u0131 var. Yani anlayaca\u011f\u0131n\u0131z, burada s\u0131k\u0131lmak imkans\u0131z. Cagsawa Harabeleri Park\u0131, Mayon Volkan\u0131 Ulusal Park\u0131, Vera \u015eelaleleri, Japon T\u00fcnelleri, Quitinday Yeralt\u0131 Nehri, Daraga Kilisesi, Lignon Hill Do\u011fa Park\u0131, Albay Park\u0131, Albay Capitol Atrium Sanat Galerisi gezilecek yerler listesinin en ba\u015f\u0131na eklenmeli.<\/p>\n\n\n\n<h3 class=\"wp-block-heading has-text-align-center has-neeon-button-dark-gray-color has-text-color has-link-color wp-elements-e41fc27fbf2eeb49be4bc125af614f34\"><span class=\"ez-toc-section\" id=\"12_cotabato\"><\/span><strong>12. Cotabato<\/strong><span class=\"ez-toc-section-end\"><\/span><\/h3>\n\n\n\n<figure class=\"wp-block-image size-large\"><img width=\"1024\" height=\"640\" loading=\"lazy\" decoding=\"async\" src=\"data:image\/svg+xml;base64,PHN2ZyB4bWxucz0iaHR0cDovL3d3dy53My5vcmcvMjAwMC9zdmciIHdpZHRoPSIxMDI0IiBoZWlnaHQ9IjY0MCI+PHJlY3Qgd2lkdGg9IjEwMCUiIGhlaWdodD0iMTAwJSI+PGFuaW1hdGUgYXR0cmlidXRlTmFtZT0iZmlsbCIgdmFsdWVzPSJyZ2JhKDE1MywxNTMsMTUzLDAuNSk7cmdiYSgxNTMsMTUzLDE1MywwLjEpO3JnYmEoMTUzLDE1MywxNTMsMC41KSIgZHVyPSIycyIgcmVwZWF0Q291bnQ9ImluZGVmaW5pdGUiIC8+PC9yZWN0Pjwvc3ZnPg==\" alt=\"Seven Falls, Lake Sebu, South Cotabato\" class=\"wp-post-11572 wp-image-18068\" data-public-id=\"Cotabato\/Cotabato.jpg\" data-format=\"jpg\" data-transformations=\"f_auto,q_auto:low\" data-version=\"1608567616\" data-seo=\"1\" data-size=\"1024 640\" data-srcset=\"https:\/\/res.cloudinary.com\/turna\/images\/f_auto,q_auto:low\/v1608567616\/Cotabato\/Cotabato.jpg?_i=AA 1024w, https:\/\/res.cloudinary.com\/turna\/images\/w_800,h_500,c_scale\/f_auto,q_auto:low\/v1608567616\/Cotabato\/Cotabato.jpg?_i=AA 800w, https:\/\/res.cloudinary.com\/turna\/images\/w_300,h_188,c_scale\/f_auto,q_auto:low\/v1608567616\/Cotabato\/Cotabato.jpg?_i=AA 300w, https:\/\/res.cloudinary.com\/turna\/images\/w_672,h_420,c_scale\/f_auto,q_auto:low\/v1608567616\/Cotabato\/Cotabato.jpg?_i=AA 672w, https:\/\/res.cloudinary.com\/turna\/images\/w_640,h_400,c_scale\/f_auto,q_auto:low\/v1608567616\/Cotabato\/Cotabato.jpg?_i=AA 640w, https:\/\/res.cloudinary.com\/turna\/images\/w_681,h_426,c_scale\/f_auto,q_auto:low\/v1608567616\/Cotabato\/Cotabato.jpg?_i=AA 681w\" data-sizes=\"(max-width: 1024px) 100vw, 1024px\" data-delivery=\"upload\" onload=\";window.CLDBind?CLDBind(this):null;\" data-cloudinary=\"lazy\" \/><\/figure>\n\n\n\n<p>Cotabato, Filipinler&#8217;in Mindano adas\u0131 \u00fczerinde yer al\u0131yor. Adan\u0131n bat\u0131s\u0131ndaki Cotabato,&nbsp;Bangsamoro&nbsp;\u00d6zerk B\u00f6lgesinin merkezi ve n\u00fcfusun \u00e7o\u011funlu\u011fu M\u00fcsl\u00fcmanlardan olu\u015fuyor. Di\u011fer \u015fehirlerin aksine burada \u0130spanyol mimarisinin ve k\u00fclt\u00fcr\u00fcn\u00fcn etkisi daha az. Kolonyal d\u00f6nemden kalma mimari eser ise neredeyse yok denecek kadar az.<\/p>\n\n\n\n<p>Cotabato&#8217;da en dikkat \u00e7ekici eserler ise muhte\u015fem mimarilere sahip camiler. Bir\u00e7ok binan\u0131n ve kamu kurumlar\u0131n\u0131n pembeye boyand\u0131\u011f\u0131 Datu Saudi Ampatuan kasabas\u0131n\u0131 mutlaka gezilecek yerler listenize eklemelisiniz. Pembe Camii, Mescid Dimaukom da mutlaka g\u00f6r\u00fclmeli. Tamontaka Kilisesi, Sultan Haji Hassanal Bolkiah Mescidi, Kutawato Ma\u011faras\u0131 \u015fehrin en turistik yerleri aras\u0131nda.<\/p>\n\n\n\n<h3 class=\"wp-block-heading has-text-align-center has-neeon-button-dark-gray-color has-text-color has-link-color wp-elements-632370ae87b2add80298b068e9dc1e8e\"><span class=\"ez-toc-section\" id=\"13_puerto_princesa_yeralti_nehri\"><\/span><strong>13. Puerto Princesa Yeralt\u0131 Nehri<\/strong><span class=\"ez-toc-section-end\"><\/span><\/h3>\n\n\n\n<p>Palawan&#8217;da konumlanan bu yeralt\u0131 nehri, UNESCO D\u00fcnya Miras\u0131 Listesi&#8217;ne dahil edilmi\u015f. Ma\u011fara sistemi, 8 kilometre uzunlu\u011funda bir nehre ev sahipli\u011fi yap\u0131yor ve ziyaret\u00e7ilere bot turlar\u0131yla ke\u015fif olana\u011f\u0131 sa\u011flan\u0131yor. Bu tur, kat\u0131l\u0131mc\u0131lara karanl\u0131k sular\u0131n alt\u0131nda sakl\u0131 kalm\u0131\u015f, b\u00fcy\u00fcleyici kire\u00e7ta\u015f\u0131 olu\u015fumlar\u0131n\u0131 ve nadir g\u00f6r\u00fclen ma\u011fara canl\u0131lar\u0131n\u0131 yak\u0131ndan g\u00f6rmek i\u00e7in e\u015fsiz bir f\u0131rsat sunuyor.<\/p>\n\n\n\n<h3 class=\"wp-block-heading has-text-align-center has-neeon-button-dark-gray-color has-text-color has-link-color wp-elements-8dbb7b88811bdd39ee20cc6603f96ab8\"><span class=\"ez-toc-section\" id=\"14_chocolate_hills\"><\/span><strong>14. Chocolate Hills<\/strong><span class=\"ez-toc-section-end\"><\/span><\/h3>\n\n\n\n<p>Bohol Adas\u0131&#8217;nda konumlanan Chocolate Hills, ad\u0131n\u0131 ya\u011fmur mevsimi d\u0131\u015f\u0131nda kahverengiye d\u00f6n\u00fc\u015fen otsu \u00f6rt\u00fcs\u00fcnden al\u0131yor. Yakla\u015f\u0131k 1,268 tepecikten olu\u015fan bu ilgin\u00e7 do\u011fa harikas\u0131, adan\u0131n en pop\u00fcler turistik cazibe noktalar\u0131ndan biri olarak konuklar\u0131na e\u015fsiz manzaralara tan\u0131kl\u0131k etme olana\u011f\u0131 sunuyor.<\/p>\n\n\n\n<h3 class=\"wp-block-heading has-text-align-center has-neeon-button-dark-gray-color has-text-color has-link-color wp-elements-31c02c6a2710bd88e041474b780bc3fb\"><span class=\"ez-toc-section\" id=\"15_iloilo_city\"><\/span>15. Iloilo City<span class=\"ez-toc-section-end\"><\/span><\/h3>\n\n\n\n<figure class=\"wp-block-image size-large\"><img width=\"1024\" height=\"640\" loading=\"lazy\" decoding=\"async\" src=\"data:image\/svg+xml;base64,PHN2ZyB4bWxucz0iaHR0cDovL3d3dy53My5vcmcvMjAwMC9zdmciIHdpZHRoPSIxMDI0IiBoZWlnaHQ9IjY0MCI+PHJlY3Qgd2lkdGg9IjEwMCUiIGhlaWdodD0iMTAwJSI+PGFuaW1hdGUgYXR0cmlidXRlTmFtZT0iZmlsbCIgdmFsdWVzPSJyZ2JhKDE1MywxNTMsMTUzLDAuNSk7cmdiYSgxNTMsMTUzLDE1MywwLjEpO3JnYmEoMTUzLDE1MywxNTMsMC41KSIgZHVyPSIycyIgcmVwZWF0Q291bnQ9ImluZGVmaW5pdGUiIC8+PC9yZWN0Pjwvc3ZnPg==\" alt=\"iloilo\" class=\"wp-post-11572 wp-image-18070\" data-public-id=\"iloilo\/iloilo.jpg\" data-format=\"jpg\" data-transformations=\"f_auto,q_auto:low\" data-version=\"1608567892\" data-seo=\"1\" data-size=\"1024 640\" data-srcset=\"https:\/\/res.cloudinary.com\/turna\/images\/f_auto,q_auto:low\/v1608567892\/iloilo\/iloilo.jpg?_i=AA 1024w, https:\/\/res.cloudinary.com\/turna\/images\/w_800,h_500,c_scale\/f_auto,q_auto:low\/v1608567892\/iloilo\/iloilo.jpg?_i=AA 800w, https:\/\/res.cloudinary.com\/turna\/images\/w_300,h_188,c_scale\/f_auto,q_auto:low\/v1608567892\/iloilo\/iloilo.jpg?_i=AA 300w, https:\/\/res.cloudinary.com\/turna\/images\/w_672,h_420,c_scale\/f_auto,q_auto:low\/v1608567892\/iloilo\/iloilo.jpg?_i=AA 672w, https:\/\/res.cloudinary.com\/turna\/images\/w_640,h_400,c_scale\/f_auto,q_auto:low\/v1608567892\/iloilo\/iloilo.jpg?_i=AA 640w, https:\/\/res.cloudinary.com\/turna\/images\/w_681,h_426,c_scale\/f_auto,q_auto:low\/v1608567892\/iloilo\/iloilo.jpg?_i=AA 681w\" data-sizes=\"(max-width: 1024px) 100vw, 1024px\" data-delivery=\"upload\" onload=\";window.CLDBind?CLDBind(this):null;\" data-cloudinary=\"lazy\" \/><\/figure>\n\n\n\n<p>Iloilo City, Filipinler&#8217;de&nbsp;Bat\u0131 Visayas&nbsp;b\u00f6lgesinde konumlanan bir \u015fehir. Manila&#8217;n\u0131n g\u00fcneyinde Panay adas\u0131 \u00fczerinde bulunan Iloilo \u015fehri Guimiras Adas\u0131&#8217;n\u0131n tam kar\u015f\u0131 k\u0131y\u0131s\u0131nda kal\u0131yor. Do\u011fal g\u00fczellikleri, palmiyeleri k\u0131y\u0131lar\u0131 ve harika plajlar\u0131yla Filipinler&#8217;in en \u00e7ok ilgi \u00e7eken \u015fehirlerinden biri Iloilo.Gigantes Adalar\u0131, Jaro Katedrali, Iloilo River Esplanade, Molo Kilisesi, Camina Balay nga Bato, Iloilo \u00c7a\u011fda\u015f Sanat M\u00fczesi, Garin \u00c7iftli\u011fi, Calle Real Iloilo&#8217;nun en \u00e7ekici noktalar\u0131. <\/p>\n\n\n\n<p>Siz de Asya\u2019n\u0131n el de\u011fmemi\u015f do\u011fas\u0131, tertemiz sularla kapl\u0131 plajlar\u0131 ve g\u00fcler y\u00fczl\u00fc insanlar\u0131 aras\u0131nda unutulmaz bir tatil ge\u00e7irmek istiyorsan\u0131z, <a href=\"https:\/\/www.turna.com\/ucak-bileti\/filipinler\" target=\"_blank\" rel=\"noopener noreferrer\"><strong>Filipinler u\u00e7ak bileti<\/strong><\/a> kampanyalar\u0131na g\u00f6z atarak seyahatiniz i\u00e7in ilk ad\u0131mlar\u0131 atabilirsiniz.<\/p>\n\n\n\n<p>  Turna.com \u00fczerinden <strong><a rel=\"noreferrer noopener\" href=\"https:\/\/www.turna.com\/sikca-sorulan-sorular\/filipinler-vizesi\" target=\"_blank\">Filipinler vizesi<\/a><\/strong> bilgisine de detaylar\u0131yla ula\u015fabilirsiniz!  <\/p>\n\n    <div class=\"xs_social_share_widget xs_share_url after_content \t\tmain_content  wslu-style-1 wslu-share-box-shaped wslu-fill-colored wslu-none wslu-share-horizontal wslu-theme-font-no wslu-main_content\">\n\n\t\t\n        <ul>\n\t\t\t        <\/ul>\n    <\/div> \n","protected":false},"excerpt":{"rendered":"<p>E\u011fer kalbinizi Asya&#8217;n\u0131n egzotik adalar\u0131na kapt\u0131rmaya haz\u0131rsan\u0131z, rotan\u0131z\u0131 Filipinler&#8217;e \u00e7evirmelisiniz. Bu b\u00fcy\u00fcl\u00fc \u00fclke, ke\u015ffedilmeyi bekleyen yedi binden fazla ada ve adac\u0131kla sizi \u00e7a\u011f\u0131r\u0131yor. Filipinler&#8217;in kristal mavi sular\u0131, renkli kabile k\u00fclt\u00fcr\u00fc, b\u00fcy\u00fcleyici do\u011fal manzaralar\u0131 ile \u00e7evrili ormanlar\u0131, \u015felaleleri ve nehirleri, adeta b\u00fcy\u00fcl\u00fc bir d\u00fcnyan\u0131n kap\u0131lar\u0131n\u0131 aral\u0131yor. Bu destinasyonda her rota, unutulmaz an\u0131lar biriktirmek i\u00e7in harika bir [&hellip;]<\/p>\n","protected":false},"author":8,"featured_media":11601,"comment_status":"open","ping_status":"open","sticky":false,"template":"","format":"standard","meta":{"rop_custom_images_group":[],"rop_custom_messages_group":[],"rop_publish_now":"initial","rop_publish_now_accounts":[],"rop_publish_now_history":[],"rop_publish_now_status":"pending","_cloudinary_featured_overwrite":false,"footnotes":""},"categories":[390],"tags":[2722,405,2068,404,2724],"class_list":["post-11572","post","type-post","status-publish","format-standard","has-post-thumbnail","hentry","category-filipinler","tag-dipolog","tag-filipinler","tag-luzon-is-ncp","tag-manila","tag-zamboanga"],"_links":{"self":[{"href":"https:\/\/www.turna.com\/blog\/wp-json\/wp\/v2\/posts\/11572","targetHints":{"allow":["GET"]}}],"collection":[{"href":"https:\/\/www.turna.com\/blog\/wp-json\/wp\/v2\/posts"}],"about":[{"href":"https:\/\/www.turna.com\/blog\/wp-json\/wp\/v2\/types\/post"}],"author":[{"embeddable":true,"href":"https:\/\/www.turna.com\/blog\/wp-json\/wp\/v2\/users\/8"}],"replies":[{"embeddable":true,"href":"https:\/\/www.turna.com\/blog\/wp-json\/wp\/v2\/comments?post=11572"}],"version-history":[{"count":0,"href":"https:\/\/www.turna.com\/blog\/wp-json\/wp\/v2\/posts\/11572\/revisions"}],"wp:featuredmedia":[{"embeddable":true,"href":"https:\/\/www.turna.com\/blog\/wp-json\/wp\/v2\/media\/11601"}],"wp:attachment":[{"href":"https:\/\/www.turna.com\/blog\/wp-json\/wp\/v2\/media?parent=11572"}],"wp:term":[{"taxonomy":"category","embeddable":true,"href":"https:\/\/www.turna.com\/blog\/wp-json\/wp\/v2\/categories?post=11572"},{"taxonomy":"post_tag","embeddable":true,"href":"https:\/\/www.turna.com\/blog\/wp-json\/wp\/v2\/tags?post=11572"}],"curies":[{"name":"wp","href":"https:\/\/api.w.org\/{rel}","templated":true}]}}