{"id":11569,"date":"2023-10-18T12:51:00","date_gmt":"2023-10-18T09:51:00","guid":{"rendered":"https:\/\/www.turna.com\/blog\/?p=11569"},"modified":"2025-12-08T14:45:20","modified_gmt":"2025-12-08T11:45:20","slug":"fas-gezilecek-yerler","status":"publish","type":"post","link":"https:\/\/www.turna.com\/blog\/fas-gezilecek-yerler","title":{"rendered":"Fas Gezilecek Yerler: Fas&#8217;ta G\u00f6r\u00fclmesi Gereken 8 Yer"},"content":{"rendered":"<div id=\"ez-toc-container\" class=\"ez-toc-v2_0_82_2 counter-hierarchy ez-toc-counter ez-toc-black ez-toc-container-direction\">\n<div class=\"ez-toc-title-container\">\n<p class=\"ez-toc-title\" style=\"cursor:inherit\">\u0130\u00e7indekiler<\/p>\n<span class=\"ez-toc-title-toggle\"><a href=\"#\" class=\"ez-toc-pull-right ez-toc-btn ez-toc-btn-xs ez-toc-btn-default ez-toc-toggle\" aria-label=\"\u0130\u00e7indekiler Tablosunu A\u00e7\/Kapat\"><span class=\"ez-toc-js-icon-con\"><span class=\"\"><span class=\"eztoc-hide\" style=\"display:none;\">Toggle<\/span><span class=\"ez-toc-icon-toggle-span\"><svg style=\"fill: #ffffff;color:#ffffff\" xmlns=\"http:\/\/www.w3.org\/2000\/svg\" class=\"list-377408\" width=\"20px\" height=\"20px\" viewBox=\"0 0 24 24\" fill=\"none\"><path d=\"M6 6H4v2h2V6zm14 0H8v2h12V6zM4 11h2v2H4v-2zm16 0H8v2h12v-2zM4 16h2v2H4v-2zm16 0H8v2h12v-2z\" fill=\"currentColor\"><\/path><\/svg><svg style=\"fill: #ffffff;color:#ffffff\" class=\"arrow-unsorted-368013\" xmlns=\"http:\/\/www.w3.org\/2000\/svg\" width=\"10px\" height=\"10px\" viewBox=\"0 0 24 24\" version=\"1.2\" baseProfile=\"tiny\"><path d=\"M18.2 9.3l-6.2-6.3-6.2 6.3c-.2.2-.3.4-.3.7s.1.5.3.7c.2.2.4.3.7.3h11c.3 0 .5-.1.7-.3.2-.2.3-.5.3-.7s-.1-.5-.3-.7zM5.8 14.7l6.2 6.3 6.2-6.3c.2-.2.3-.5.3-.7s-.1-.5-.3-.7c-.2-.2-.4-.3-.7-.3h-11c-.3 0-.5.1-.7.3-.2.2-.3.5-.3.7s.1.5.3.7z\"\/><\/svg><\/span><\/span><\/span><\/a><\/span><\/div>\n<nav><ul class='ez-toc-list ez-toc-list-level-1 eztoc-toggle-hide-by-default' ><li class='ez-toc-page-1 ez-toc-heading-level-2'><a class=\"ez-toc-link ez-toc-heading-1\" href=\"https:\/\/www.turna.com\/blog\/fas-gezilecek-yerler\/#fasta_gormeniz_gereken_8_yer\" >Fas\u2019ta G\u00f6rmeniz Gereken 8 Yer<\/a><ul class='ez-toc-list-level-3' ><li class='ez-toc-heading-level-3'><a class=\"ez-toc-link ez-toc-heading-2\" href=\"https:\/\/www.turna.com\/blog\/fas-gezilecek-yerler\/#1_chefchaouen\" >1. Chefchaouen<\/a><\/li><li class='ez-toc-page-1 ez-toc-heading-level-3'><a class=\"ez-toc-link ez-toc-heading-3\" href=\"https:\/\/www.turna.com\/blog\/fas-gezilecek-yerler\/#2_jemaa_el-fna_meydani\" >2. Jemaa El-Fna Meydan\u0131<\/a><\/li><li class='ez-toc-page-1 ez-toc-heading-level-3'><a class=\"ez-toc-link ez-toc-heading-4\" href=\"https:\/\/www.turna.com\/blog\/fas-gezilecek-yerler\/#3_sahara_colu\" >3. Sahara \u00c7\u00f6l\u00fc<\/a><\/li><li class='ez-toc-page-1 ez-toc-heading-level-3'><a class=\"ez-toc-link ez-toc-heading-5\" href=\"https:\/\/www.turna.com\/blog\/fas-gezilecek-yerler\/#4_ben_yusuf_medresesi\" >4. Ben Yusuf Medresesi<\/a><\/li><li class='ez-toc-page-1 ez-toc-heading-level-3'><a class=\"ez-toc-link ez-toc-heading-6\" href=\"https:\/\/www.turna.com\/blog\/fas-gezilecek-yerler\/#5_chaouwara_tanneries\" >5. Chaouwara Tanneries<\/a><\/li><li class='ez-toc-page-1 ez-toc-heading-level-3'><a class=\"ez-toc-link ez-toc-heading-7\" href=\"https:\/\/www.turna.com\/blog\/fas-gezilecek-yerler\/#6_aid_ben_haddou\" >6. Aid Ben Haddou<\/a><\/li><li class='ez-toc-page-1 ez-toc-heading-level-3'><a class=\"ez-toc-link ez-toc-heading-8\" href=\"https:\/\/www.turna.com\/blog\/fas-gezilecek-yerler\/#7_fes_el_bali\" >7. Fes el Bali<\/a><\/li><li class='ez-toc-page-1 ez-toc-heading-level-3'><a class=\"ez-toc-link ez-toc-heading-9\" href=\"https:\/\/www.turna.com\/blog\/fas-gezilecek-yerler\/#8_mansur_kapisi\" >8. Mansur Kap\u0131s\u0131<\/a><\/li><\/ul><\/li><\/ul><\/nav><\/div>\n\n<p>Fas, kendine \u00f6zg\u00fc tarihi ve k\u00fclt\u00fcrel zenginlikleriyle bezeli, b\u00fcy\u00fcleyici bir Kuzey Afrika \u00fclkesi. &#8220;<strong>Fas gezilecek yerler<\/strong>&#8221; aray\u0131\u015f\u0131nda olanlar i\u00e7in bu b\u00fcy\u00fcl\u00fc \u00fclke, ke\u015ffedilecek bir\u00e7ok harika nokta sunuyor. Fas benzersiz co\u011frafyas\u0131, muhte\u015fem mimarisi ve tarihi dokusu ile gezginleri kendine \u00e7ekiyor. Her k\u00f6\u015fesinde gizlenmi\u015f bir hikaye, her sokak k\u00f6\u015fesinde beklenmedik bir s\u00fcrpriz bulabilirsiniz. Bu yaz\u0131da, Fas&#8217;\u0131n en etkileyici ve g\u00f6r\u00fclmeye de\u011fer yerlerini sizin i\u00e7in derledim. Haz\u0131r m\u0131s\u0131n\u0131z? \u00c7\u00fcnk\u00fc \u015fimdi Fas&#8217;\u0131n etkileyici d\u00fcnyas\u0131na birlikte dalaca\u011f\u0131z!<\/p>\n\n\n\n<h2 class=\"wp-block-heading has-text-align-center has-neeon-button-dark-gray-color has-text-color has-link-color wp-elements-22827c4e4468a82c59c5874089a87435\"><span class=\"ez-toc-section\" id=\"fasta_gormeniz_gereken_8_yer\"><\/span><strong>Fas\u2019ta G\u00f6rmeniz Gereken 8 Yer<\/strong><span class=\"ez-toc-section-end\"><\/span><\/h2>\n\n\n\n<figure class=\"wp-block-image size-large\"><img width=\"800\" height=\"500\" decoding=\"async\" src=\"data:image\/svg+xml;base64,PHN2ZyB4bWxucz0iaHR0cDovL3d3dy53My5vcmcvMjAwMC9zdmciIHdpZHRoPSI4MDAiIGhlaWdodD0iNTAwIj48cmVjdCB3aWR0aD0iMTAwJSIgaGVpZ2h0PSIxMDAlIj48YW5pbWF0ZSBhdHRyaWJ1dGVOYW1lPSJmaWxsIiB2YWx1ZXM9InJnYmEoMTUzLDE1MywxNTMsMC41KTtyZ2JhKDE1MywxNTMsMTUzLDAuMSk7cmdiYSgxNTMsMTUzLDE1MywwLjUpIiBkdXI9IjJzIiByZXBlYXRDb3VudD0iaW5kZWZpbml0ZSIgLz48L3JlY3Q+PC9zdmc+\" alt=\"Fas Gezilecek Yerler\" data-public-id=\"fas-gezilecek-yerler\/fas-gezilecek-yerler.jpg\" class=\"wp-post-11569 wp-image-18731\" data-format=\"jpg\" data-transformations=\"f_auto,q_auto:low\" data-version=\"1616691105\" data-seo=\"1\" data-size=\"800 500\" data-srcset=\"https:\/\/res.cloudinary.com\/turna\/images\/f_auto,q_auto:low\/v1616691105\/fas-gezilecek-yerler\/fas-gezilecek-yerler.jpg?_i=AA 800w, https:\/\/res.cloudinary.com\/turna\/images\/w_300,h_188,c_scale\/f_auto,q_auto:low\/v1616691105\/fas-gezilecek-yerler\/fas-gezilecek-yerler.jpg?_i=AA 300w, https:\/\/res.cloudinary.com\/turna\/images\/w_672,h_420,c_scale\/f_auto,q_auto:low\/v1616691105\/fas-gezilecek-yerler\/fas-gezilecek-yerler.jpg?_i=AA 672w, https:\/\/res.cloudinary.com\/turna\/images\/w_640,h_400,c_scale\/f_auto,q_auto:low\/v1616691105\/fas-gezilecek-yerler\/fas-gezilecek-yerler.jpg?_i=AA 640w, https:\/\/res.cloudinary.com\/turna\/images\/w_681,h_426,c_scale\/f_auto,q_auto:low\/v1616691105\/fas-gezilecek-yerler\/fas-gezilecek-yerler.jpg?_i=AA 681w\" data-sizes=\"(max-width: 800px) 100vw, 800px\" data-delivery=\"upload\" onload=\";window.CLDBind?CLDBind(this):null;\" data-cloudinary=\"lazy\" \/><\/figure>\n\n\n\n<p>Fas&#8217;\u0131 ke\u015ffetmek i\u00e7in yola \u00e7\u0131kt\u0131\u011f\u0131n\u0131zda, sizi b\u00fcy\u00fcleyecek bir\u00e7ok \u00f6nemli nokta sizi bekliyor olacak. Fas, tarih ve k\u00fclt\u00fcr\u00fcn b\u00fcy\u00fcl\u00fc bir bulu\u015fma noktas\u0131. Marrakech&#8217;in renkli \u00e7ar\u015f\u0131lar\u0131ndan Fes&#8217;in tarihi medreselerine, Sahara \u00c7\u00f6l\u00fc&#8217;n\u00fcn s\u0131cak kumlar\u0131ndan Atlas Da\u011flar\u0131&#8217;n\u0131n serin zirvelerine kadar Fas&#8217;\u0131n her k\u00f6\u015fesi, bir \u00f6yk\u00fc anlat\u0131yor.<\/p>\n\n\n\n<p>\u015eehirlerin karma\u015f\u0131kl\u0131\u011f\u0131 ve do\u011fan\u0131n s\u00fckuneti aras\u0131ndaki bu kontrast, Fas&#8217;\u0131 ke\u015ffetmek i\u00e7in benzersiz bir deneyim sunuyor. Fas&#8217;\u0131n her bir taraf\u0131nda sizi b\u00fcy\u00fcleyecek olan bu g\u00f6rkemli yerleri daha yak\u0131ndan inceleyece\u011fiz.<\/p>\n\n\n\n<h3 class=\"wp-block-heading has-text-align-center has-neeon-button-dark-gray-color has-text-color has-link-color wp-elements-20641dcad11f96160bd99464dfa2bb7a\"><span class=\"ez-toc-section\" id=\"1_chefchaouen\"><\/span><strong>1. Chefchaouen<\/strong><span class=\"ez-toc-section-end\"><\/span><\/h3>\n\n\n\n<figure class=\"wp-block-image\"><img width=\"800\" height=\"500\" data-public-id=\"Chefchaouen_asneab\/Chefchaouen_asneab.jpg\" fetchpriority=\"high\" decoding=\"async\" src=\"https:\/\/res.cloudinary.com\/turna\/images\/w_800,h_500,c_scale\/f_auto,q_auto:low\/v1518685186\/Chefchaouen_asneab\/Chefchaouen_asneab.jpg?_i=AA\" alt=\"Chefchaouen\" class=\"wp-post-11569 wp-image-11658\" data-format=\"jpg\" data-transformations=\"f_auto,q_auto:low\" data-version=\"1518685186\" data-seo=\"1\" srcset=\"https:\/\/res.cloudinary.com\/turna\/images\/f_auto,q_auto:low\/v1518685186\/Chefchaouen_asneab\/Chefchaouen_asneab.jpg?_i=AA 800w, https:\/\/res.cloudinary.com\/turna\/images\/w_300,h_188,c_scale\/f_auto,q_auto:low\/v1518685186\/Chefchaouen_asneab\/Chefchaouen_asneab.jpg?_i=AA 300w, https:\/\/res.cloudinary.com\/turna\/images\/w_672,h_420,c_scale\/f_auto,q_auto:low\/v1518685186\/Chefchaouen_asneab\/Chefchaouen_asneab.jpg?_i=AA 672w, https:\/\/res.cloudinary.com\/turna\/images\/w_640,h_400,c_scale\/f_auto,q_auto:low\/v1518685186\/Chefchaouen_asneab\/Chefchaouen_asneab.jpg?_i=AA 640w, https:\/\/res.cloudinary.com\/turna\/images\/w_681,h_426,c_scale\/f_auto,q_auto:low\/v1518685186\/Chefchaouen_asneab\/Chefchaouen_asneab.jpg?_i=AA 681w\" sizes=\"(max-width: 800px) 100vw, 800px\" \/><figcaption class=\"wp-element-caption\">Fas Gezilecek Yerler &#8211; \u015eaf\u015favan<\/figcaption><\/figure>\n\n\n\n<p>Fas denildi\u011finde akl\u0131n\u0131za mavi boyal\u0131 duvarlar\u0131yla \u00fcnl\u00fc evlerin oldu\u011fu sokaklar geliyorsa <strong><a href=\"https:\/\/maps.app.goo.gl\/XpDkosdTvqK4oATT8\" target=\"_blank\" rel=\"noreferrer noopener\">Chefchaouen<\/a> (Mavi \u015eehir)<\/strong>, sizin i\u00e7in harika bir ziyaret noktas\u0131 olabilir. Gizemli ve mistik foto\u011fraf kareleri yakalayabilece\u011finiz bu sokaklarda uzun y\u00fcr\u00fcy\u00fc\u015fler yapmay\u0131 ihmal etmeyin.<\/p>\n\n\n\n<p>Chefchaouen, Fas&#8217;\u0131n Kuzeybat\u0131 k\u00f6\u015fesinde, Riff Da\u011flar\u0131&#8217;n\u0131n eteklerine kurulmu\u015f olan masals\u0131 bir kasaba. Evlerin maviye boyanm\u0131\u015f olmas\u0131, Chefchaouen&#8217;i di\u011fer Fas kasabalar\u0131ndan ay\u0131r\u0131yor ve buraya mistik bir hava kat\u0131yor.<\/p>\n\n\n\n<h3 class=\"wp-block-heading has-text-align-center has-neeon-button-dark-gray-color has-text-color has-link-color wp-elements-312689b93641d97926b7658ee4c318b8\"><span class=\"ez-toc-section\" id=\"2_jemaa_el-fna_meydani\"><\/span><strong>2. Jemaa El-Fna Meydan\u0131<\/strong><span class=\"ez-toc-section-end\"><\/span><\/h3>\n\n\n\n<p>E\u011fer biraz hareket ve kalabal\u0131k g\u00f6rmek istiyorsan\u0131z, \u00fclkenin en \u00fcnl\u00fc meydan\u0131 olan <strong>Jemaa El-Fna Meydan\u0131<\/strong>\u2019na u\u011framal\u0131s\u0131n\u0131z. Marake\u015f \u015fehrindeki bu meydan gece ayr\u0131 g\u00fcnd\u00fcz ayr\u0131 bir g\u00f6r\u00fcnt\u00fcye sahip oldu\u011fu i\u00e7in sadece bir kere g\u00f6r\u00fcp ge\u00e7memelisiniz.<\/p>\n\n\n\n<p>G\u00fcnd\u00fczleri, meydan\u0131n \u00e7evresindeki \u00e7ar\u015f\u0131larda al\u0131\u015fveri\u015f yapabilir, yerel lezzetleri tatmak i\u00e7in sokak sat\u0131c\u0131lar\u0131n\u0131 ke\u015ffedebilirsiniz. Ancak ger\u00e7ek g\u00fczelli\u011fi g\u00fcne\u015f batarken ortaya \u00e7\u0131k\u0131yor. Meydan\u0131n atmosferi o zaman daha da g\u00fczelle\u015fiyor; akrobatlar, m\u00fczisyenler, hikaye anlat\u0131c\u0131lar\u0131 ve sokak sat\u0131c\u0131lar\u0131, gece boyunca meydan\u0131 adeta bir performans alan\u0131na d\u00f6n\u00fc\u015ft\u00fcr\u00fcyorlar.<\/p>\n\n\n\n<p>Konum <strong><a href=\"https:\/\/maps.app.goo.gl\/XpDkosdTvqK4oATT8\" target=\"_blank\" rel=\"noreferrer noopener\">burada.<\/a><\/strong><\/p>\n\n\n\n<h3 class=\"wp-block-heading has-text-align-center has-neeon-button-dark-gray-color has-text-color has-link-color wp-elements-e971c18bebb7c6be5a8b57d521e5edf4\"><span class=\"ez-toc-section\" id=\"3_sahara_colu\"><\/span><strong>3. Sahara \u00c7\u00f6l\u00fc<\/strong><span class=\"ez-toc-section-end\"><\/span><\/h3>\n\n\n\n<figure class=\"wp-block-image size-large\"><img width=\"800\" height=\"500\" decoding=\"async\" src=\"data:image\/svg+xml;base64,PHN2ZyB4bWxucz0iaHR0cDovL3d3dy53My5vcmcvMjAwMC9zdmciIHdpZHRoPSI4MDAiIGhlaWdodD0iNTAwIj48cmVjdCB3aWR0aD0iMTAwJSIgaGVpZ2h0PSIxMDAlIj48YW5pbWF0ZSBhdHRyaWJ1dGVOYW1lPSJmaWxsIiB2YWx1ZXM9InJnYmEoMTUzLDE1MywxNTMsMC41KTtyZ2JhKDE1MywxNTMsMTUzLDAuMSk7cmdiYSgxNTMsMTUzLDE1MywwLjUpIiBkdXI9IjJzIiByZXBlYXRDb3VudD0iaW5kZWZpbml0ZSIgLz48L3JlY3Q+PC9zdmc+\" alt=\"Sahara \u00c7\u00f6l\u00fc\" data-public-id=\"Fas_funkjk\/Fas_funkjk.jpg\" class=\"wp-post-11569 wp-image-22093\" data-format=\"jpg\" data-transformations=\"f_auto,q_auto:low\" data-version=\"1537954858\" data-seo=\"1\" data-size=\"800 500\" data-srcset=\"https:\/\/res.cloudinary.com\/turna\/images\/f_auto,q_auto:low\/v1537954858\/Fas_funkjk\/Fas_funkjk.jpg?_i=AA 800w, https:\/\/res.cloudinary.com\/turna\/images\/w_300,h_188,c_scale\/f_auto,q_auto:low\/v1537954858\/Fas_funkjk\/Fas_funkjk.jpg?_i=AA 300w, https:\/\/res.cloudinary.com\/turna\/images\/w_672,h_420,c_scale\/f_auto,q_auto:low\/v1537954858\/Fas_funkjk\/Fas_funkjk.jpg?_i=AA 672w, https:\/\/res.cloudinary.com\/turna\/images\/w_640,h_400,c_scale\/f_auto,q_auto:low\/v1537954858\/Fas_funkjk\/Fas_funkjk.jpg?_i=AA 640w, https:\/\/res.cloudinary.com\/turna\/images\/w_681,h_426,c_scale\/f_auto,q_auto:low\/v1537954858\/Fas_funkjk\/Fas_funkjk.jpg?_i=AA 681w\" data-sizes=\"(max-width: 800px) 100vw, 800px\" data-delivery=\"upload\" onload=\";window.CLDBind?CLDBind(this):null;\" data-cloudinary=\"lazy\" \/><\/figure>\n\n\n\n<p>Sonsuz kum tepeleri, alt\u0131n rengi kumullar ve geni\u015f \u00e7\u00f6l manzaralar\u0131yla Sahara, g\u00f6zlerinizi kama\u015ft\u0131ran bir g\u00fczelli\u011fe sahip. G\u00fcn bat\u0131m\u0131 ve g\u00fcn do\u011fumu s\u0131ras\u0131nda olu\u015fan renk \u015f\u00f6lenleri, ziyaret\u00e7ileri b\u00fcy\u00fcl\u00fcyor. Sahara, ayn\u0131 zamanda Bedevi k\u00fclt\u00fcr\u00fcn\u00fcn bir par\u00e7as\u0131 olan geleneksel \u00e7ad\u0131rlar\u0131n bulundu\u011fu bir b\u00f6lge. Safari turlar\u0131 ile e\u011flenceli anlar ge\u00e7irebilece\u011finiz bu \u00e7\u00f6lden, haf\u0131zalar\u0131n\u0131zdan silinmeyecek an\u0131lar ve ho\u015f foto\u011fraf kareleriyle ayr\u0131labilirsiniz.<\/p>\n\n\n\n<p>Konum <strong><a href=\"https:\/\/maps.app.goo.gl\/P2yXyRxddrYUiKpy7\" target=\"_blank\" rel=\"noreferrer noopener\">burada.<\/a><\/strong><\/p>\n\n\n\n<h3 class=\"wp-block-heading has-text-align-center has-neeon-button-dark-gray-color has-text-color has-link-color wp-elements-9b2a7709e73cea698a71164092b4154a\"><span class=\"ez-toc-section\" id=\"4_ben_yusuf_medresesi\"><\/span><strong>4. Ben Yusuf Medresesi<\/strong><span class=\"ez-toc-section-end\"><\/span><\/h3>\n\n\n\n<p><strong>Ben Yusuf Medresesi (Ben Youssef Madrasa)<\/strong>, \u00fclkedeki en b\u00fcy\u00fck medrese konumunda Marake\u015f \u015fehrinin en b\u00fcy\u00fcleyici yap\u0131lar\u0131ndan biri. 14. y\u00fczy\u0131lda Merinid Sultan\u0131 Abou al-Hassan bin Ali taraf\u0131ndan in\u015fa edilen bu medrese, d\u00f6nemin en b\u00fcy\u00fck dini ve e\u011fitim merkezlerinden biri olarak hizmet vermi\u015f.<\/p>\n\n\n\n<p>Medrese, geleneksel \u0130slam mimarisi ile s\u00fcslenmi\u015f olup, muhte\u015fem mozaikler, ah\u015fap oymac\u0131l\u0131\u011f\u0131 ve geometrik desenlerle s\u00fcsl\u00fc. \u0130\u00e7 avlusu, sessizlik ve huzur sunan g\u00fczel bir bah\u00e7eye sahip ve burada dola\u015f\u0131rken tarih ve sanat\u0131n b\u00fcy\u00fcleyici bir birle\u015fimini ya\u015fayabilirsiniz. Ben Yusuf Medresesi, hem tarihe duyulan hayranl\u0131\u011f\u0131 hem de g\u00fczel mimarisiyle ziyaret\u00e7ilerini b\u00fcy\u00fclemeye devam ediyor. Marake\u015f&#8217;e yolunuz d\u00fc\u015ft\u00fc\u011f\u00fcnde, bu b\u00fcy\u00fcleyici medresenin kap\u0131lar\u0131n\u0131 ke\u015ffetmeyi unutmay\u0131n.<\/p>\n\n\n\n<p>Konum <strong><a href=\"https:\/\/maps.app.goo.gl\/W6pZrVQcN3NcEqTW6\" target=\"_blank\" rel=\"noreferrer noopener\">burada.<\/a><\/strong><\/p>\n\n\n\n<h3 class=\"wp-block-heading has-text-align-center has-neeon-button-dark-gray-color has-text-color has-link-color wp-elements-7e5d271e18c888d34b5a055e8ec34b86\"><span class=\"ez-toc-section\" id=\"5_chaouwara_tanneries\"><\/span><strong>5. Chaouwara Tanneries<\/strong><span class=\"ez-toc-section-end\"><\/span><\/h3>\n\n\n\n<p>Chaouwara Tanneries, Fas&#8217;\u0131n Fez \u015fehrinde yer alan ve geleneksel deri i\u015f\u00e7ili\u011fi sanat\u0131n\u0131n en etkileyici \u00f6rneklerini sunan tarihi bir b\u00f6lge. Bu tesis, binlerce y\u0131l \u00f6ncesine dayanan geleneksel y\u00f6ntemlerle deri i\u015flemeyi s\u00fcrd\u00fcren bir\u00e7ok zanaatk\u00e2r\u0131n bulundu\u011fu bir yer. Burada, b\u00fcy\u00fck a\u00e7\u0131k hava havuzlar\u0131nda deriler do\u011fal malzemelerle i\u015flenir ve geleneksel y\u00f6ntemlerle boyan\u0131r.<\/p>\n\n\n\n<p>Tanneries, \u00f6zellikle derileri renklendirmek ve yumu\u015fatmak i\u00e7in kullan\u0131lan do\u011fal maddelerin yo\u011fun kokusu ile tan\u0131n\u0131r. Ziyaret\u00e7iler, bu \u00f6zel i\u015f\u00e7ilik s\u00fcrecini izlerken tarihi ve k\u00fclt\u00fcrel bir deneyim ya\u015farlar. Chaouwara Tanneries, Fas&#8217;\u0131n geleneksel el sanatlar\u0131na ve zanaatlar\u0131na olan derin ba\u011fl\u0131l\u0131\u011f\u0131n\u0131 ve zenginli\u011fini g\u00f6zler \u00f6n\u00fcne seren unutulmaz bir mekan olarak \u00f6n plana \u00e7\u0131k\u0131yor.<\/p>\n\n\n\n<p>Konum <strong><a href=\"https:\/\/maps.app.goo.gl\/xuBPxp3bE67N3BTk9\" target=\"_blank\" rel=\"noreferrer noopener\">burada.<\/a><\/strong><\/p>\n\n\n\n<h3 class=\"wp-block-heading has-text-align-center has-neeon-button-dark-gray-color has-text-color has-link-color wp-elements-66025d951974a726657d839a22808980\"><span class=\"ez-toc-section\" id=\"6_aid_ben_haddou\"><\/span><strong>6. Aid Ben Haddou<\/strong><span class=\"ez-toc-section-end\"><\/span><\/h3>\n\n\n\n<p>A\u00eft Ben Haddou, Fas&#8217;\u0131n g\u00fcneyinde, Atlas Da\u011flar\u0131 ile Sahara \u00c7\u00f6l\u00fc aras\u0131nda yer alan muhte\u015fem bir kum ta\u015f\u0131 kasabas\u0131. UNESCO D\u00fcnya Miras\u0131 Listesi&#8217;nde yer alan bu kasaba, tarihi ve k\u00fclt\u00fcrel zenginlikleri ile \u00fcnl\u00fc. Binlerce y\u0131l boyunca kullan\u0131lan bu kasaba, bir\u00e7ok \u00fcnl\u00fc film ve televizyon yap\u0131m\u0131na da ev sahipli\u011fi yapm\u0131\u015f, bu nedenle bir\u00e7ok insan i\u00e7in tan\u0131d\u0131k bir mekan olabilir. Tarihe, k\u00fclt\u00fcre ve nefes kesen manzaralara ilgi duyanlar i\u00e7in bu kasaba Fas seyahatinizin bir dura\u011f\u0131 olmay\u0131 fazlas\u0131yla hak ediyor.<\/p>\n\n\n\n<p>Konum <strong><a href=\"https:\/\/maps.app.goo.gl\/zGKow5xaZssFTbQ86\" target=\"_blank\" rel=\"noreferrer noopener\">burada.<\/a><\/strong><\/p>\n\n\n\n<h3 class=\"wp-block-heading has-text-align-center has-neeon-button-dark-gray-color has-text-color has-link-color wp-elements-d8053a1718ffd21a570d140470004d32\"><span class=\"ez-toc-section\" id=\"7_fes_el_bali\"><\/span><strong>7. Fes el Bali<\/strong><span class=\"ez-toc-section-end\"><\/span><\/h3>\n\n\n\n<figure class=\"wp-block-image\"><img width=\"800\" height=\"500\" data-public-id=\"Fes-el-Bali_feupia\/Fes-el-Bali_feupia.jpg\" decoding=\"async\" src=\"https:\/\/res.cloudinary.com\/turna\/images\/w_800,h_500,c_scale\/f_auto,q_auto:low\/v1518685138\/Fes-el-Bali_feupia\/Fes-el-Bali_feupia.jpg?_i=AA\" alt=\"Fes el Bali Fas gezilecek yerler\" class=\"wp-post-11569 wp-image-11656\" data-format=\"jpg\" data-transformations=\"f_auto,q_auto:low\" data-version=\"1518685138\" data-seo=\"1\" srcset=\"https:\/\/res.cloudinary.com\/turna\/images\/f_auto,q_auto:low\/v1518685138\/Fes-el-Bali_feupia\/Fes-el-Bali_feupia.jpg?_i=AA 800w, https:\/\/res.cloudinary.com\/turna\/images\/w_300,h_188,c_scale\/f_auto,q_auto:low\/v1518685138\/Fes-el-Bali_feupia\/Fes-el-Bali_feupia.jpg?_i=AA 300w, https:\/\/res.cloudinary.com\/turna\/images\/w_672,h_420,c_scale\/f_auto,q_auto:low\/v1518685138\/Fes-el-Bali_feupia\/Fes-el-Bali_feupia.jpg?_i=AA 672w, https:\/\/res.cloudinary.com\/turna\/images\/w_640,h_400,c_scale\/f_auto,q_auto:low\/v1518685138\/Fes-el-Bali_feupia\/Fes-el-Bali_feupia.jpg?_i=AA 640w, https:\/\/res.cloudinary.com\/turna\/images\/w_681,h_426,c_scale\/f_auto,q_auto:low\/v1518685138\/Fes-el-Bali_feupia\/Fes-el-Bali_feupia.jpg?_i=AA 681w\" sizes=\"(max-width: 800px) 100vw, 800px\" \/><figcaption class=\"wp-element-caption\">Fas Gezilecek Yerler &#8211; Fes  El Bali<\/figcaption><\/figure>\n\n\n\n<p>Fes el-Bali, Fas&#8217;\u0131n en eski ve en etkileyici \u015fehirlerinden biri olan Fes&#8217;in tarihi merkezi. Bu antik medina, tarihi ve k\u00fclt\u00fcrel zenginlikleri ile \u00fcnl\u00fc ve UNESCO D\u00fcnya Miras\u0131 Listesi&#8217;nde yer al\u0131yor. Fes el-Bali, darac\u0131k labirent gibi sokaklar\u0131, geleneksel ah\u015fap oymac\u0131l\u0131\u011f\u0131, renkli seramikler ve tarihi yap\u0131lardan olu\u015fan karma\u015f\u0131k bir dokusuyla dikkat \u00e7ekiyor.<\/p>\n\n\n\n<p>Bu b\u00f6lge, Marake\u015f ve Casablanca gibi b\u00fcy\u00fck \u015fehirlerin h\u0131zl\u0131 modernle\u015fmesine ra\u011fmen geleneksel Fas ya\u015fam tarz\u0131n\u0131 ve el sanatlar\u0131n\u0131 s\u00fcrd\u00fcren bir\u00e7ok zanaatkara ev sahipli\u011fi yap\u0131yor. Fes el-Bali, tarihe bir yolculuk yapmak isteyenler ve Fas&#8217;\u0131n derin k\u00fclt\u00fcrel k\u00f6klerini ke\u015ffetmek isteyenler i\u00e7in g\u00f6z ard\u0131 edilemez bir destinasyon.<\/p>\n\n\n\n<p>Konum <strong><a href=\"https:\/\/maps.app.goo.gl\/jS6HUhfaUzBprsGn6\" target=\"_blank\" rel=\"noreferrer noopener\">burada.<\/a><\/strong><\/p>\n\n\n\n<h3 class=\"wp-block-heading has-text-align-center has-neeon-button-dark-gray-color has-text-color has-link-color wp-elements-2f86508d4b015998e2f8f98aca3d56a4\"><span class=\"ez-toc-section\" id=\"8_mansur_kapisi\"><\/span><strong>8. Mansur Kap\u0131s\u0131<\/strong><span class=\"ez-toc-section-end\"><\/span><\/h3>\n\n\n\n<p>Mansur Kap\u0131s\u0131, Fas&#8217;\u0131n ba\u015fkenti olan Rabat&#8217;\u0131n tarihi ve k\u00fclt\u00fcrel miras\u0131n\u0131n \u00f6nemli bir par\u00e7as\u0131. Bu b\u00fcy\u00fcleyici kap\u0131, kasaban\u0131n eski medina b\u00f6lgesinin giri\u015fini koruyor ve ge\u00e7mi\u015fi y\u00fczy\u0131llar \u00f6ncesine dayanan bir\u00e7ok \u00f6yk\u00fcy\u00fc bar\u0131nd\u0131r\u0131yor. Kap\u0131, hem tarihi hem de mimari a\u00e7\u0131dan b\u00fcy\u00fcleyici bir yap\u0131ya sahip. \u0130ki b\u00fcy\u00fck kule ve muhte\u015fem mozaiklerle s\u00fcsl\u00fc bir kap\u0131 kemerine sahip. Bu etkileyici yap\u0131, Rabat&#8217;a gelen herkesin g\u00f6rmesi gereken bir yer.<\/p>\n\n\n\n<p>Konum <strong><a href=\"https:\/\/maps.app.goo.gl\/aAwhuNsfAg4Yph6JA\" target=\"_blank\" rel=\"noreferrer noopener\">burada.<\/a><\/strong><\/p>\n\n\n\n<p>E\u011fer siz de Fas\u2019\u0131n rengarenk g\u00fczellikler saklayan ya\u015fam\u0131n\u0131 yak\u0131ndan g\u00f6rmek istiyorsan\u0131z, <strong><a href=\"https:\/\/www.turna.com\/ucak-bileti\/fas\" target=\"_blank\" rel=\"noopener noreferrer\">Fas u\u00e7ak bileti<\/a><\/strong> kampanyalar\u0131na g\u00f6z atabilirsiniz.<\/p>\n\n\n\n<p><strong>NOT:<\/strong> <strong><a href=\"https:\/\/www.turna.com\/sikca-sorulan-sorular\/fas-vizesi\" target=\"_blank\" rel=\"noreferrer noopener\">Fas vizesi<\/a><\/strong> hakk\u0131nda detayl\u0131 bilgilere de Turna.com \u00fczerinden ula\u015fabilirsiniz.<\/p>\n\n\n\n<p><\/p>\n\n    <div class=\"xs_social_share_widget xs_share_url after_content \t\tmain_content  wslu-style-1 wslu-share-box-shaped wslu-fill-colored wslu-none wslu-share-horizontal wslu-theme-font-no wslu-main_content\">\n\n\t\t\n        <ul>\n\t\t\t        <\/ul>\n    <\/div> \n","protected":false},"excerpt":{"rendered":"<p>Fas, kendine \u00f6zg\u00fc tarihi ve k\u00fclt\u00fcrel zenginlikleriyle bezeli, b\u00fcy\u00fcleyici bir Kuzey Afrika \u00fclkesi. &#8220;Fas gezilecek yerler&#8221; aray\u0131\u015f\u0131nda olanlar i\u00e7in bu b\u00fcy\u00fcl\u00fc \u00fclke, ke\u015ffedilecek bir\u00e7ok harika nokta sunuyor. Fas benzersiz co\u011frafyas\u0131, muhte\u015fem mimarisi ve tarihi dokusu ile gezginleri kendine \u00e7ekiyor. Her k\u00f6\u015fesinde gizlenmi\u015f bir hikaye, her sokak k\u00f6\u015fesinde beklenmedik bir s\u00fcrpriz bulabilirsiniz. Bu yaz\u0131da, Fas&#8217;\u0131n en etkileyici ve g\u00f6r\u00fclmeye de\u011fer yerlerini sizin i\u00e7in derledim. Haz\u0131r m\u0131s\u0131n\u0131z? \u00c7\u00fcnk\u00fc \u015fimdi Fas&#8217;\u0131n etkileyici d\u00fcnyas\u0131na birlikte dalaca\u011f\u0131z!<\/p>\n","protected":false},"author":34,"featured_media":18731,"comment_status":"open","ping_status":"open","sticky":false,"template":"","format":"standard","meta":{"rop_custom_images_group":[],"rop_custom_messages_group":[],"rop_publish_now":"initial","rop_publish_now_accounts":[],"rop_publish_now_history":[],"rop_publish_now_status":"pending","_cloudinary_featured_overwrite":false,"footnotes":""},"categories":[872],"tags":[2743,857,1540,873,875,874],"class_list":["post-11569","post","type-post","status-publish","format-standard","has-post-thumbnail","hentry","category-fas","tag-agadir","tag-fas","tag-fes","tag-kazablanka","tag-marakes","tag-rabat"],"_links":{"self":[{"href":"https:\/\/www.turna.com\/blog\/wp-json\/wp\/v2\/posts\/11569","targetHints":{"allow":["GET"]}}],"collection":[{"href":"https:\/\/www.turna.com\/blog\/wp-json\/wp\/v2\/posts"}],"about":[{"href":"https:\/\/www.turna.com\/blog\/wp-json\/wp\/v2\/types\/post"}],"author":[{"embeddable":true,"href":"https:\/\/www.turna.com\/blog\/wp-json\/wp\/v2\/users\/34"}],"replies":[{"embeddable":true,"href":"https:\/\/www.turna.com\/blog\/wp-json\/wp\/v2\/comments?post=11569"}],"version-history":[{"count":0,"href":"https:\/\/www.turna.com\/blog\/wp-json\/wp\/v2\/posts\/11569\/revisions"}],"wp:featuredmedia":[{"embeddable":true,"href":"https:\/\/www.turna.com\/blog\/wp-json\/wp\/v2\/media\/18731"}],"wp:attachment":[{"href":"https:\/\/www.turna.com\/blog\/wp-json\/wp\/v2\/media?parent=11569"}],"wp:term":[{"taxonomy":"category","embeddable":true,"href":"https:\/\/www.turna.com\/blog\/wp-json\/wp\/v2\/categories?post=11569"},{"taxonomy":"post_tag","embeddable":true,"href":"https:\/\/www.turna.com\/blog\/wp-json\/wp\/v2\/tags?post=11569"}],"curies":[{"name":"wp","href":"https:\/\/api.w.org\/{rel}","templated":true}]}}