{"id":1151,"date":"2025-02-03T11:33:13","date_gmt":"2025-02-03T08:33:13","guid":{"rendered":"https:\/\/www.turna.com\/blog\/?p=1151"},"modified":"2025-07-09T14:59:08","modified_gmt":"2025-07-09T11:59:08","slug":"kis-turizmi-cenneti-uludag","status":"publish","type":"post","link":"https:\/\/www.turna.com\/blog\/kis-turizmi-cenneti-uludag","title":{"rendered":"K\u0131\u015f Turizmi Cenneti Uluda\u011f"},"content":{"rendered":"<div id=\"ez-toc-container\" class=\"ez-toc-v2_0_82_2 counter-hierarchy ez-toc-counter ez-toc-black ez-toc-container-direction\">\n<div class=\"ez-toc-title-container\">\n<p class=\"ez-toc-title\" style=\"cursor:inherit\">\u0130\u00e7indekiler<\/p>\n<span class=\"ez-toc-title-toggle\"><a href=\"#\" class=\"ez-toc-pull-right ez-toc-btn ez-toc-btn-xs ez-toc-btn-default ez-toc-toggle\" aria-label=\"\u0130\u00e7indekiler Tablosunu A\u00e7\/Kapat\"><span class=\"ez-toc-js-icon-con\"><span class=\"\"><span class=\"eztoc-hide\" style=\"display:none;\">Toggle<\/span><span class=\"ez-toc-icon-toggle-span\"><svg style=\"fill: #ffffff;color:#ffffff\" xmlns=\"http:\/\/www.w3.org\/2000\/svg\" class=\"list-377408\" width=\"20px\" height=\"20px\" viewBox=\"0 0 24 24\" fill=\"none\"><path d=\"M6 6H4v2h2V6zm14 0H8v2h12V6zM4 11h2v2H4v-2zm16 0H8v2h12v-2zM4 16h2v2H4v-2zm16 0H8v2h12v-2z\" fill=\"currentColor\"><\/path><\/svg><svg style=\"fill: #ffffff;color:#ffffff\" class=\"arrow-unsorted-368013\" xmlns=\"http:\/\/www.w3.org\/2000\/svg\" width=\"10px\" height=\"10px\" viewBox=\"0 0 24 24\" version=\"1.2\" baseProfile=\"tiny\"><path d=\"M18.2 9.3l-6.2-6.3-6.2 6.3c-.2.2-.3.4-.3.7s.1.5.3.7c.2.2.4.3.7.3h11c.3 0 .5-.1.7-.3.2-.2.3-.5.3-.7s-.1-.5-.3-.7zM5.8 14.7l6.2 6.3 6.2-6.3c.2-.2.3-.5.3-.7s-.1-.5-.3-.7c-.2-.2-.4-.3-.7-.3h-11c-.3 0-.5.1-.7.3-.2.2-.3.5-.3.7s.1.5.3.7z\"\/><\/svg><\/span><\/span><\/span><\/a><\/span><\/div>\n<nav><ul class='ez-toc-list ez-toc-list-level-1 eztoc-toggle-hide-by-default' ><li class='ez-toc-page-1 ez-toc-heading-level-2'><a class=\"ez-toc-link ez-toc-heading-1\" href=\"https:\/\/www.turna.com\/blog\/kis-turizmi-cenneti-uludag\/#uludagin_tarihi\" >Uluda\u011f\u2019\u0131n Tarihi<\/a><\/li><li class='ez-toc-page-1 ez-toc-heading-level-2'><a class=\"ez-toc-link ez-toc-heading-2\" href=\"https:\/\/www.turna.com\/blog\/kis-turizmi-cenneti-uludag\/#uludagda_nerede_kalinir\" >Uluda\u011f\u2019da Nerede Kal\u0131n\u0131r?<\/a><\/li><li class='ez-toc-page-1 ez-toc-heading-level-2'><a class=\"ez-toc-link ez-toc-heading-3\" href=\"https:\/\/www.turna.com\/blog\/kis-turizmi-cenneti-uludag\/#uludagda_2_gunluk_hafta_sonu_turu\" >Uluda\u011f\u2019da 2 G\u00fcnl\u00fck Hafta Sonu Turu<\/a><\/li><li class='ez-toc-page-1 ez-toc-heading-level-2'><a class=\"ez-toc-link ez-toc-heading-4\" href=\"https:\/\/www.turna.com\/blog\/kis-turizmi-cenneti-uludag\/#uludaga_nasil_gidilir\" >Uluda\u011f\u2019a Nas\u0131l Gidilir<\/a><\/li><\/ul><\/nav><\/div>\n\n<p>T\u00fcrkiye\u2019de k\u0131\u015f turizmi denildi\u011finde ilk akla gelen yerlerden biri olan <strong>Uluda\u011f<\/strong>, 2,543 metrelik y\u00fcksekli\u011fi ile Marmara B\u00f6lgesi\u2019nin en y\u00fcksek da\u011f\u0131. <strong>Bursa<\/strong> s\u0131n\u0131rlar\u0131nda bulunan Uluda\u011f, \u00fclkemizin en b\u00fcy\u00fck do\u011fa sporlar\u0131 ve k\u0131\u015f turizmi merkezi.<\/p>\n\n\n\n<p>Geni\u015fli\u011fi 15-20 km, uzunlu\u011fu ise 40 km\u2019lik bir alan\u0131 kaplayan Uluda\u011f\u2019\u0131n Bursa\u2019ya bakan tepeleri kademeli bir g\u00f6r\u00fcn\u00fcm sergilerken, Orhaneli\u2019ne bakan tepeleri ise d\u00fcz ve dik bir yap\u0131 g\u00f6steriyor. B\u00f6lgenin en y\u00fcksek tepesi olan ve Uluda\u011f Tepe ya da Karatepe olarak adland\u0131r\u0131lan zirve 2,543 metre y\u00fcksekli\u011fe sahip. Oteller b\u00f6lgesinden rahatl\u0131kla g\u00f6r\u00fclen ve yayg\u0131n olarak yanl\u0131\u015f bilinen ve da\u011f\u0131n zirvesi zannedilen Ke\u015fi\u015ftepe 2,486 metre y\u00fckseklikte.<\/p>\n\n\n\n<p>Do\u011fa sporlar\u0131 ve bir\u00e7ok farkl\u0131 aktivitenin rahatl\u0131kla ger\u00e7ekle\u015ftirilebildi\u011fi Uluda\u011f\u2019\u0131n \u00e7evresinde Sar\u0131alan, Kirazl\u0131, Kad\u0131, Sobra yaylalar\u0131 bulunuyor. Kayak, trekking, oryantering, kamping gibi etkinliklerin yap\u0131labildi\u011fi ve \u00f6zellikle k\u0131\u015f aylar\u0131nda ziyaret\u00e7i say\u0131s\u0131n\u0131n artt\u0131\u011f\u0131 da\u011f ve \u00e7evresi \u00fclkemizin en \u00e7ok tan\u0131nan turistik merkezlerinden biri.<\/p>\n\n\n\n<h2 class=\"wp-block-heading has-text-align-center has-neeon-button-dark-gray-color has-text-color has-link-color wp-elements-7bf97d46e247a7014504344749f04860\"><span class=\"ez-toc-section\" id=\"uludagin_tarihi\"><\/span><strong><strong><strong><strong><strong><strong><strong>Uluda\u011f\u2019\u0131n Tarihi<\/strong><\/strong><\/strong><\/strong><\/strong><\/strong><\/strong><span class=\"ez-toc-section-end\"><\/span><\/h2>\n\n\n\n<figure class=\"wp-block-image size-large\"><img width=\"800\" height=\"500\" data-public-id=\"Uludag_lkhzx6\/Uludag_lkhzx6.jpg\" decoding=\"async\" src=\"https:\/\/res.cloudinary.com\/turna\/images\/w_800,h_500,c_scale\/f_auto,q_auto:low\/v1484064464\/Uludag_lkhzx6\/Uludag_lkhzx6.jpg?_i=AA\" alt=\"\" class=\"wp-post-0 wp-image-6026\" data-format=\"jpg\" data-transformations=\"f_auto,q_auto:low\" data-version=\"1484064464\" data-seo=\"1\" srcset=\"https:\/\/res.cloudinary.com\/turna\/images\/f_auto,q_auto:low\/v1484064464\/Uludag_lkhzx6\/Uludag_lkhzx6.jpg?_i=AA 800w, https:\/\/res.cloudinary.com\/turna\/images\/w_300,h_188,c_scale\/f_auto,q_auto:low\/v1484064464\/Uludag_lkhzx6\/Uludag_lkhzx6.jpg?_i=AA 300w, https:\/\/res.cloudinary.com\/turna\/images\/w_672,h_420,c_scale\/f_auto,q_auto:low\/v1484064464\/Uludag_lkhzx6\/Uludag_lkhzx6.jpg?_i=AA 672w, https:\/\/res.cloudinary.com\/turna\/images\/w_640,h_400,c_scale\/f_auto,q_auto:low\/v1484064464\/Uludag_lkhzx6\/Uludag_lkhzx6.jpg?_i=AA 640w, https:\/\/res.cloudinary.com\/turna\/images\/w_681,h_426,c_scale\/f_auto,q_auto:low\/v1484064464\/Uludag_lkhzx6\/Uludag_lkhzx6.jpg?_i=AA 681w\" sizes=\"(max-width: 800px) 100vw, 800px\" \/><\/figure>\n\n\n\n<p>\u0130lk olarak Almanlar\u0131n ke\u015ffetti\u011fi Uluda\u011f, 1933 y\u0131l\u0131nda bir otel ve yap\u0131lan \u015fose yolla birlikte \u00f6nemli bir k\u0131\u015f sporu merkezine d\u00f6n\u00fc\u015fme yolunda ilk ad\u0131mla tan\u0131\u015fm\u0131\u015f. D\u00fczenli otob\u00fcs seferleri, asfalt yol \u00e7al\u0131\u015fmalar\u0131 merkezin daha da geli\u015fmesi ve tan\u0131nmas\u0131na yard\u0131mc\u0131 olurken, as\u0131l d\u00f6n\u00fcm noktas\u0131 1963 y\u0131l\u0131nda hizmete a\u00e7\u0131lan T\u00fcrkiye\u2019nin ilk teleferi\u011fi ile olmu\u015f.<\/p>\n\n\n\n<p>T\u00fcrkiye\u2019nin en b\u00fcy\u00fck kayak merkezi olan Uluda\u011f, Bursa\u2019n\u0131n \u00fclkemizin belli ba\u015fl\u0131 \u015fehirlerine olan uygun konumundan g\u00fc\u00e7 alm\u0131\u015f. Ekimden nisana kadar \u00fczerinde kar bulunan tesisler ve muhte\u015fem manzara bu g\u00fczel yeri ziyaret etmek i\u00e7in en \u00f6nemli sebepler aras\u0131nda.<\/p>\n\n\n\n<p>15\u2019i a\u015fk\u0131n otel, 12 resmi konaklama tesisi, telesiyej ve teleski hatlar\u0131yla nitelikli konaklama imkan\u0131 da sunan b\u00f6lge \u00f6zellikle tur ve k\u00fc\u00e7\u00fck gruplarla seyahat edenlerin ilgisini \u00e7ekiyor.<\/p>\n\n\n\n<h2 class=\"wp-block-heading has-text-align-center has-neeon-button-dark-gray-color has-text-color has-link-color wp-elements-eb8ca34cf252c1e293538e6892604713\"><span class=\"ez-toc-section\" id=\"uludagda_nerede_kalinir\"><\/span><strong><strong><strong><strong><strong><strong><strong>Uluda\u011f\u2019da Nerede Kal\u0131n\u0131r?<\/strong><\/strong><\/strong><\/strong><\/strong><\/strong><\/strong><span class=\"ez-toc-section-end\"><\/span><\/h2>\n\n\n\n<figure class=\"wp-block-image size-large\"><img width=\"800\" height=\"500\" data-public-id=\"Uludag-Bursa_qoi24r\/Uludag-Bursa_qoi24r.jpg\" decoding=\"async\" src=\"https:\/\/res.cloudinary.com\/turna\/images\/w_800,h_500,c_scale\/f_auto,q_auto:low\/v1483870210\/Uludag-Bursa_qoi24r\/Uludag-Bursa_qoi24r.jpg?_i=AA\" alt=\"\" class=\"wp-post-0 wp-image-6011\" data-format=\"jpg\" data-transformations=\"f_auto,q_auto:low\" data-version=\"1483870210\" data-seo=\"1\" srcset=\"https:\/\/res.cloudinary.com\/turna\/images\/f_auto,q_auto:low\/v1483870210\/Uludag-Bursa_qoi24r\/Uludag-Bursa_qoi24r.jpg?_i=AA 800w, https:\/\/res.cloudinary.com\/turna\/images\/w_300,h_188,c_scale\/f_auto,q_auto:low\/v1483870210\/Uludag-Bursa_qoi24r\/Uludag-Bursa_qoi24r.jpg?_i=AA 300w, https:\/\/res.cloudinary.com\/turna\/images\/w_672,h_420,c_scale\/f_auto,q_auto:low\/v1483870210\/Uludag-Bursa_qoi24r\/Uludag-Bursa_qoi24r.jpg?_i=AA 672w, https:\/\/res.cloudinary.com\/turna\/images\/w_640,h_400,c_scale\/f_auto,q_auto:low\/v1483870210\/Uludag-Bursa_qoi24r\/Uludag-Bursa_qoi24r.jpg?_i=AA 640w, https:\/\/res.cloudinary.com\/turna\/images\/w_681,h_426,c_scale\/f_auto,q_auto:low\/v1483870210\/Uludag-Bursa_qoi24r\/Uludag-Bursa_qoi24r.jpg?_i=AA 681w\" sizes=\"(max-width: 800px) 100vw, 800px\" \/><\/figure>\n\n\n\n<p>T\u00fcrkiye&#8217;nin en pop\u00fcler k\u0131\u015f turizm merkezlerinden biri olan Uluda\u011f, her y\u0131l yerli ve yabanc\u0131 turistleri a\u011f\u0131rlayan birbirinden konforlu otellere ev sahipli\u011fi yap\u0131yor. Zirvede konaklamak isteyenler i\u00e7in 1. ve 2. b\u00f6lgede yer alan oteller, kayak pistlerine kolay eri\u015fim sa\u011flamalar\u0131yla \u00f6ne \u00e7\u0131k\u0131yor. L\u00fcks otellerden butik konaklama se\u00e7eneklerine kadar geni\u015f bir yelpazede hizmet sunan tesisler; kayak ekipman\u0131 kiralama, kayak dersi, spa &amp; wellness hizmetleri, kapal\u0131 havuz, \u015f\u00f6mine keyfi ve zengin a\u00e7\u0131k b\u00fcfe kahvalt\u0131 gibi imkanlarla misafirlerini a\u011f\u0131rl\u0131yor. Baz\u0131 otellerin gece kaya\u011f\u0131 ve tematik partiler gibi etkinlikler sundu\u011funu da belirtmek gerekiyor.<\/p>\n\n\n\n<p>E\u011fer ailecek keyifli bir tatil planl\u0131yorsan\u0131z \u00e7ocuk dostu otellerde animasyon programlar\u0131, oyun alanlar\u0131 ve kayak okullar\u0131 gibi hizmetlerden faydalanabiliyorsunuz. B\u00f6ylelikle hem minik misafirler hem de ebeveynler rahat ve g\u00fcvenli bir tatil yapabiliyor. Daha sakin bir konaklama isteyenler i\u00e7in ise da\u011f evleri ve bungalovlar s\u0131cak ve samimi bir atmosfer sunuyor. Le Chalet Yaz\u0131c\u0131, A\u011fao\u011flu My Mountain Hotel, Bof Hotels Uluda\u011f Ski &amp; Luxury Resort All Inclusive, Swissotel Uluda\u011f Bursa se\u00e7eneklerinizden sadece birka\u00e7\u0131 ve k\u0131\u015f sezonunda otellerde yo\u011funluk ya\u015fand\u0131\u011f\u0131 i\u00e7in erken rezervasyon yapt\u0131rmak b\u00fcy\u00fck avantaj sa\u011fl\u0131yor. Her b\u00fct\u00e7eye ve tatil anlay\u0131\u015f\u0131na hitap eden <a href=\"https:\/\/www.turna.com\/otel\/uludag-bursa\"><strong>Uluda\u011f otelleri<\/strong><\/a>, k\u0131\u015f tatilinizi unutulmaz k\u0131lmak i\u00e7in bir\u00e7ok se\u00e7enek sunuyor ve turna.com <a href=\"https:\/\/www.turna.com\/otel\"><strong>otel rezervasyonu<\/strong><\/a> i\u015flemlerinizde her ad\u0131mda yan\u0131n\u0131zda!<\/p>\n\n\n\n<h2 class=\"wp-block-heading has-text-align-center has-neeon-button-dark-gray-color has-text-color has-link-color wp-elements-935125370ffd97192f2fb2f4ed46c4ed\"><span class=\"ez-toc-section\" id=\"uludagda_2_gunluk_hafta_sonu_turu\"><\/span><strong><strong><strong><strong><strong><strong><strong>Uluda\u011f\u2019da 2 G\u00fcnl\u00fck Hafta Sonu Turu<\/strong><\/strong><\/strong><\/strong><\/strong><\/strong><\/strong><span class=\"ez-toc-section-end\"><\/span><\/h2>\n\n\n\n<p>Hafta sonunu do\u011fayla i\u00e7 i\u00e7e, temiz hava ve bol oksijen e\u015fli\u011finde ge\u00e7irmek isteyenler i\u00e7in Uluda\u011f harika bir rota. Hem b\u00fcy\u00fck \u015fehirlere yak\u0131nl\u0131\u011f\u0131yla hem de \u00f6zellikle k\u0131\u015f aylar\u0131nda bembeyaz kar \u00f6rt\u00fcs\u00fcyle b\u00fcy\u00fcleyici bir atmosfere b\u00fcr\u00fcnen Uluda\u011f, kayak severler i\u00e7in adeta bir cennet. Ancak sadece k\u0131\u015f sporlar\u0131 de\u011fil, y\u0131l\u0131n her d\u00f6neminde sundu\u011fu do\u011fa y\u00fcr\u00fcy\u00fc\u015fleri, lezzet duraklar\u0131 ve huzurlu manzaralarla da olduk\u00e7a cazip. \u0130\u015fte, Uluda\u011f\u2019da dolu dolu ge\u00e7irebilece\u011finiz 2 g\u00fcnl\u00fck bir hafta sonu turu rehberi!<\/p>\n\n\n\n<figure class=\"wp-block-image size-large\"><img decoding=\"async\" src=\"https:\/\/res.cloudinary.com\/turna\/image\/upload\/v1738567021\/wordpress-contents\/uludagg.jpg\" alt=\"\"\/><\/figure>\n\n\n\n<p><strong>1. G\u00fcn<\/strong><\/p>\n\n\n\n<p>Sabah erken saatlerde Bursa\u2019ya do\u011fru yola \u00e7\u0131k\u0131yoruz. \u0130stanbul\u2019dan gelecekler i\u00e7in Osmangazi K\u00f6pr\u00fcs\u00fc ve Bursa Teleferik iyi bir se\u00e7enek olabiliyor. Bursa merkezden teleferi\u011fe binerek 20 dakikal\u0131k keyifli bir yolculukla Uluda\u011f\u2019a ula\u015fabiliyorsunuz. Alternatif olarak \u00f6zel ara\u00e7la da gidebiliyorsunuz.&nbsp;<\/p>\n\n\n\n<p>Uluda\u011f\u2019a vard\u0131\u011f\u0131n\u0131zda ilk i\u015f olarak otelinize yerle\u015fin ve biraz dinlendikten sonra ke\u015ffe \u00e7\u0131k\u0131n. E\u011fer k\u0131\u015f sezonundaysan\u0131z kayak tak\u0131mlar\u0131n\u0131z\u0131 al\u0131p pistlere y\u00f6nelin. Kayak yapmay\u0131 bilmiyorsan\u0131z, b\u00f6lgede kayak ve snowboard dersleri alabiliyorsunuz.<\/p>\n\n\n\n<p>\u00d6\u011fle yeme\u011fi i\u00e7in Uluda\u011f\u2019\u0131n me\u015fhur sucuk ekme\u011fini tatman\u0131z\u0131 \u00f6neririm. Ard\u0131ndan telesiyej ile zirveye \u00e7\u0131k\u0131p enfes manzaray\u0131 izleyebilirsiniz. Foto\u011fraf \u00e7ekmek i\u00e7in \u00f6zellikle Bakacak Tepesi\u2019ni ziyaret etmelisiniz. Buradan Bursa\u2019n\u0131n mute\u015fem panoramik g\u00f6r\u00fcnt\u00fcs\u00fcn\u00fc yakalayabiliyorsunuz.<\/p>\n\n\n\n<p>Ak\u015fam saatlerinde otelinize d\u00f6n\u00fcp s\u0131cak bir i\u00e7ecek e\u015fli\u011finde \u015f\u00f6mine ba\u015f\u0131nda dinlenmek g\u00fczel bir se\u00e7enek olacakt\u0131r. Ak\u015fam yeme\u011finde ise y\u00f6resel lezzetlerden \u0130skender kebap veya kestane \u015fekeri deneyebilirsiniz.<\/p>\n\n\n\n<p><strong>2. G\u00fcn<\/strong><\/p>\n\n\n\n<p>Sabah erkenden g\u00fczel bir kahvalt\u0131yla g\u00fcne ba\u015flay\u0131n ve enerji depolay\u0131n. Sonras\u0131nda g\u00fcn\u00fcbirlik y\u00fcr\u00fcy\u00fc\u015fler i\u00e7in muhte\u015fem rotalar ke\u015ffedebilirsiniz. Softabo\u011fan \u015eelalesi ve Kirazl\u0131yayla bu y\u00fcr\u00fcy\u00fc\u015fler i\u00e7in ideal alanlardan. E\u011fer k\u0131\u015f mevsimindeyseniz, karla kapl\u0131 orman i\u00e7inde k\u0131sa bir y\u00fcr\u00fcy\u00fc\u015f yapmak unutulmaz bir deneyim olacakt\u0131r.<\/p>\n\n\n\n<p>Daha sonra Uluda\u011f Milli Park\u0131\u2019nda vakit ge\u00e7irebilir, temiz havan\u0131n tad\u0131n\u0131 \u00e7\u0131karabilirsiniz. Bahar ve yaz aylar\u0131nda ziyaret ediyorsan\u0131z, piknik yaparak keyifli bir g\u00fcn ge\u00e7irebilirsiniz.<\/p>\n\n\n\n<p>D\u00f6n\u00fc\u015f yoluna ge\u00e7meden \u00f6nce Bursa merkeze u\u011frayarak tarihi ve k\u00fclt\u00fcrel yerlere k\u0131sa bir g\u00f6z atmal\u0131s\u0131n\u0131z. Ulu Camii, Koza Han ve Tophane, mutlaka g\u00f6r\u00fclmesi gereken noktalar aras\u0131nda. Bursa\u2019dan d\u00f6nerken kestane \u015fekeri ve pideli k\u00f6fte gibi y\u00f6resel lezzetleri tatmadan gitmemelisiniz hatta imkan\u0131n\u0131z varsa sevdiklerinize ve kendinize de k\u00fc\u00e7\u00fck hediyeler almay\u0131 unutmay\u0131n!<\/p>\n\n\n\n<figure class=\"wp-block-image size-large\"><img width=\"800\" height=\"500\" data-public-id=\"Ulu-Cami-Bursa_zoyalp\/Ulu-Cami-Bursa_zoyalp.jpg\" decoding=\"async\" src=\"https:\/\/res.cloudinary.com\/turna\/images\/w_800,h_500,c_scale\/f_auto,q_auto:low\/v1480507663\/Ulu-Cami-Bursa_zoyalp\/Ulu-Cami-Bursa_zoyalp.jpg?_i=AA\" alt=\"\" class=\"wp-post-0 wp-image-5473\" data-format=\"jpg\" data-transformations=\"f_auto,q_auto:low\" data-version=\"1480507663\" data-seo=\"1\" srcset=\"https:\/\/res.cloudinary.com\/turna\/images\/f_auto,q_auto:low\/v1480507663\/Ulu-Cami-Bursa_zoyalp\/Ulu-Cami-Bursa_zoyalp.jpg?_i=AA 800w, https:\/\/res.cloudinary.com\/turna\/images\/w_300,h_188,c_scale\/f_auto,q_auto:low\/v1480507663\/Ulu-Cami-Bursa_zoyalp\/Ulu-Cami-Bursa_zoyalp.jpg?_i=AA 300w, https:\/\/res.cloudinary.com\/turna\/images\/w_672,h_420,c_scale\/f_auto,q_auto:low\/v1480507663\/Ulu-Cami-Bursa_zoyalp\/Ulu-Cami-Bursa_zoyalp.jpg?_i=AA 672w, https:\/\/res.cloudinary.com\/turna\/images\/w_640,h_400,c_scale\/f_auto,q_auto:low\/v1480507663\/Ulu-Cami-Bursa_zoyalp\/Ulu-Cami-Bursa_zoyalp.jpg?_i=AA 640w, https:\/\/res.cloudinary.com\/turna\/images\/w_681,h_426,c_scale\/f_auto,q_auto:low\/v1480507663\/Ulu-Cami-Bursa_zoyalp\/Ulu-Cami-Bursa_zoyalp.jpg?_i=AA 681w\" sizes=\"(max-width: 800px) 100vw, 800px\" \/><\/figure>\n\n\n\n<p>\u0130ster macera dolu bir kayak tatili, ister huzurlu bir hafta sonu ar\u0131yor olun, Uluda\u011f her mevsim harika bir ka\u00e7amak sunuyor. Hem do\u011fas\u0131yla hem de sundu\u011fu aktivitelerle dolu dolu bir hafta sonu ge\u00e7irmeniz m\u00fcmk\u00fcn.&nbsp;<\/p>\n\n\n\n<h2 class=\"wp-block-heading has-text-align-center has-neeon-button-dark-gray-color has-text-color has-link-color wp-elements-5e6e002376df388e975ad0898493884d\"><span class=\"ez-toc-section\" id=\"uludaga_nasil_gidilir\"><\/span><strong><strong><strong><strong><strong><strong><strong>Uluda\u011f\u2019a Nas\u0131l Gidilir<\/strong><\/strong><\/strong><\/strong><\/strong><\/strong><\/strong><span class=\"ez-toc-section-end\"><\/span><\/h2>\n\n\n\n<figure class=\"wp-block-image size-large\"><img decoding=\"async\" src=\"https:\/\/res.cloudinary.com\/turna\/image\/upload\/v1526401605\/Images\/Blog\/Uludag-Bursa-800x500.jpg\" alt=\"\"\/><\/figure>\n\n\n\n<p>Bursa s\u0131n\u0131rlar\u0131nda bulunan Uluda\u011f\u2019a gitmenin en kolay yolu Bursa Yeni\u015fehir Havaliman\u0131\u2019na u\u00e7ak yolculu\u011fu ger\u00e7ekle\u015ftirmek. Ankara, Diyarbak\u0131r, Erzurum, Mu\u015f, Samsun ve Trabzon\u2019dan direkt u\u00e7u\u015flar\u0131n ger\u00e7ekle\u015ftirildi\u011fi Bursa Yeni\u015fehir Havaliman\u0131\u2019na y\u0131l\u0131n her d\u00f6nemi uygun u\u00e7ak bileti bulunabiliyor. <strong><a href=\"https:\/\/www.turna.com\/ucak-bileti\/bursa\" target=\"_blank\" rel=\"noopener noreferrer\">Bursa u\u00e7ak bileti<\/a><\/strong> alarak Uluda\u011f seyahatinin ilk ad\u0131m\u0131n\u0131 atmak m\u00fcmk\u00fcn.<\/p>\n\n\n\n<p>\u00dclkemizin en pop\u00fcler kayak merkezlerinden biri olan Uluda\u011f, her mevsim do\u011fayla ba\u015f ba\u015fa kalmak i\u00e7in en iyi se\u00e7eneklerden biri.<\/p>\n\n    <div class=\"xs_social_share_widget xs_share_url after_content \t\tmain_content  wslu-style-1 wslu-share-box-shaped wslu-fill-colored wslu-none wslu-share-horizontal wslu-theme-font-no wslu-main_content\">\n\n\t\t\n        <ul>\n\t\t\t        <\/ul>\n    <\/div> \n","protected":false},"excerpt":{"rendered":"<p>T\u00fcrkiye\u2019de k\u0131\u015f turizmi denildi\u011finde ilk akla gelen yerlerden biri olan Uluda\u011f, 2,543 metrelik y\u00fcksekli\u011fi ile Marmara B\u00f6lgesi\u2019nin en y\u00fcksek da\u011f\u0131. Bursa s\u0131n\u0131rlar\u0131nda bulunan Uluda\u011f, \u00fclkemizin en b\u00fcy\u00fck do\u011fa sporlar\u0131 ve k\u0131\u015f turizmi merkezi. Geni\u015fli\u011fi 15-20 km, uzunlu\u011fu ise 40 km\u2019lik bir alan\u0131 kaplayan Uluda\u011f\u2019\u0131n Bursa\u2019ya bakan tepeleri kademeli bir g\u00f6r\u00fcn\u00fcm sergilerken, Orhaneli\u2019ne bakan tepeleri ise [&hellip;]<\/p>\n","protected":false},"author":45,"featured_media":1154,"comment_status":"open","ping_status":"open","sticky":false,"template":"","format":"standard","meta":{"rop_custom_images_group":[],"rop_custom_messages_group":[],"rop_publish_now":"initial","rop_publish_now_accounts":[],"rop_publish_now_history":[],"rop_publish_now_status":"pending","_cloudinary_featured_overwrite":false,"footnotes":""},"categories":[84,1820],"tags":[347,346],"class_list":["post-1151","post","type-post","status-publish","format-standard","has-post-thumbnail","hentry","category-turkiye","category-bursa","tag-bursa","tag-uludag"],"_links":{"self":[{"href":"https:\/\/www.turna.com\/blog\/wp-json\/wp\/v2\/posts\/1151","targetHints":{"allow":["GET"]}}],"collection":[{"href":"https:\/\/www.turna.com\/blog\/wp-json\/wp\/v2\/posts"}],"about":[{"href":"https:\/\/www.turna.com\/blog\/wp-json\/wp\/v2\/types\/post"}],"author":[{"embeddable":true,"href":"https:\/\/www.turna.com\/blog\/wp-json\/wp\/v2\/users\/45"}],"replies":[{"embeddable":true,"href":"https:\/\/www.turna.com\/blog\/wp-json\/wp\/v2\/comments?post=1151"}],"version-history":[{"count":0,"href":"https:\/\/www.turna.com\/blog\/wp-json\/wp\/v2\/posts\/1151\/revisions"}],"wp:featuredmedia":[{"embeddable":true,"href":"https:\/\/www.turna.com\/blog\/wp-json\/wp\/v2\/media\/1154"}],"wp:attachment":[{"href":"https:\/\/www.turna.com\/blog\/wp-json\/wp\/v2\/media?parent=1151"}],"wp:term":[{"taxonomy":"category","embeddable":true,"href":"https:\/\/www.turna.com\/blog\/wp-json\/wp\/v2\/categories?post=1151"},{"taxonomy":"post_tag","embeddable":true,"href":"https:\/\/www.turna.com\/blog\/wp-json\/wp\/v2\/tags?post=1151"}],"curies":[{"name":"wp","href":"https:\/\/api.w.org\/{rel}","templated":true}]}}