{"id":1098,"date":"2016-01-25T00:15:58","date_gmt":"2016-01-24T22:15:58","guid":{"rendered":"https:\/\/www.turna.com\/blog\/?p=1098"},"modified":"2024-06-22T18:01:10","modified_gmt":"2024-06-22T15:01:10","slug":"ates-ve-suyun-hikayesi-balikligol","status":"publish","type":"post","link":"https:\/\/www.turna.com\/blog\/ates-ve-suyun-hikayesi-balikligol","title":{"rendered":"Ate\u015f ve Suyun Hikayesi: Bal\u0131kl\u0131g\u00f6l"},"content":{"rendered":"\n<p>G\u00fcneydo\u011fu Anadolu B\u00f6lgesi\u2019nin en etkileyici \u015fehirlerinden <strong>\u015eanl\u0131urfa<\/strong>\u2019da bulunan <strong>Bal\u0131kl\u0131g\u00f6l<\/strong>, kentin en \u00f6nemli turistik \u00e7ekim merkezlerinden biri. <strong>Aynzeliha<\/strong> ve <strong>Halil-\u00fcr Rahman<\/strong> g\u00f6llerine verilen Bal\u0131kl\u0131g\u00f6l isminin tarihi ge\u00e7mi\u015fte farkl\u0131 hikaye ve efsanelere konu oldu\u011fu biliniyor.<\/p>\n\n\n\n<p>\u015eanl\u0131urfa \u015fehir merkezinde yer alan Bal\u0131kl\u0131g\u00f6l, her y\u0131l yerli ve yabanc\u0131 y\u00fczbinlerce insan\u0131n ziyaret etti\u011fi, dini ve mistik atmosferiyle insan\u0131 etkileyen bir merkez.<\/p>\n\n\n\n<p>\u015eanl\u0131urfa gezilecek yerler denildi\u011finde ilk akla gelen yerlerden biri olan Bal\u0131kl\u0131g\u00f6l, \u015eanl\u0131urfa \u015fehir merkezinin g\u00fcneybat\u0131s\u0131nda bulunuyor. Peygamberler \u015eehri olarak da an\u0131lan Urfa\u2019da, \u0130brahim Peygamber\u2019in ate\u015fe at\u0131ld\u0131\u011f\u0131nda d\u00fc\u015ft\u00fc\u011f\u00fc yer olarak kabul edilen iki g\u00f6l, kutsal bal\u0131klar\u0131, tarihi ve k\u00fclt\u00fcrel eserleri ile b\u00f6lgenin en pop\u00fcler noktalar\u0131ndan.<\/p>\n\n\n\n<p><strong>Not:<\/strong> Bal\u0131kl\u0131g\u00f6l&#8217;e giderseniz buraya \u00e7ok yak\u0131n konumda olan mekanlarda Urfa S\u0131ra Gecelerine kat\u0131lmay\u0131 unutmay\u0131n.<\/p>\n\n\n<div class=\"wp-block-image\">\n<figure class=\"alignright\"><img width=\"800\" height=\"500\" data-public-id=\"Balikligol-Nasil-Gidilir_jikb5n\/Balikligol-Nasil-Gidilir_jikb5n.jpg\" fetchpriority=\"high\" decoding=\"async\" src=\"https:\/\/res.cloudinary.com\/turna\/images\/w_800,h_500,c_scale\/f_auto,q_auto:low\/v1461740314\/Balikligol-Nasil-Gidilir_jikb5n\/Balikligol-Nasil-Gidilir_jikb5n.jpg?_i=AA\" alt=\"Balikligol-Nasil-Gidilir\" class=\"wp-post-1098 wp-image-1100\" data-format=\"jpg\" data-transformations=\"f_auto,q_auto:low\" data-version=\"1461740314\" data-seo=\"1\" srcset=\"https:\/\/res.cloudinary.com\/turna\/images\/f_auto,q_auto:low\/v1461740314\/Balikligol-Nasil-Gidilir_jikb5n\/Balikligol-Nasil-Gidilir_jikb5n.jpg?_i=AA 800w, https:\/\/res.cloudinary.com\/turna\/images\/w_300,h_188,c_scale\/f_auto,q_auto:low\/v1461740314\/Balikligol-Nasil-Gidilir_jikb5n\/Balikligol-Nasil-Gidilir_jikb5n.jpg?_i=AA 300w, https:\/\/res.cloudinary.com\/turna\/images\/w_672,h_420,c_scale\/f_auto,q_auto:low\/v1461740314\/Balikligol-Nasil-Gidilir_jikb5n\/Balikligol-Nasil-Gidilir_jikb5n.jpg?_i=AA 672w, https:\/\/res.cloudinary.com\/turna\/images\/w_640,h_400,c_scale\/f_auto,q_auto:low\/v1461740314\/Balikligol-Nasil-Gidilir_jikb5n\/Balikligol-Nasil-Gidilir_jikb5n.jpg?_i=AA 640w, https:\/\/res.cloudinary.com\/turna\/images\/w_681,h_426,c_scale\/f_auto,q_auto:low\/v1461740314\/Balikligol-Nasil-Gidilir_jikb5n\/Balikligol-Nasil-Gidilir_jikb5n.jpg?_i=AA 681w\" sizes=\"(max-width: 800px) 100vw, 800px\" \/><\/figure>\n<\/div>\n\n\n<p>Hikayeye g\u00f6re devrin zalim h\u00fck\u00fcmdar\u0131 Nemrut ve onun halk\u0131n\u0131n tapt\u0131\u011f\u0131 putlarla m\u00fccadele etmeye niyetlenen \u0130brahim Peygamber, tek tanr\u0131 fikrini savunmaya ba\u015flay\u0131nca bir anda hedefe d\u00f6n\u00fc\u015f\u00fcr. G\u00fcn\u00fcm\u00fczde Urfa Kalesi\u2019nin de yer ald\u0131\u011f\u0131 tepeden Nemrut taraf\u0131ndan ate\u015fe at\u0131lan \u0130brahim Peygamber, mucizevi bir \u015fekilde hayatta kal\u0131r.<\/p>\n\n\n\n<p>\u0130brahim Peygamber\u2019in tepeden at\u0131lmas\u0131 s\u0131ras\u0131nda Allah taraf\u0131ndan ate\u015fe verilen \u2018Ey ate\u015f, \u0130brahim&#8217;e kar\u015f\u0131 serin ve selamet ol\u2019 emri \u00fczerine ate\u015f suya, odunlar ise bal\u0131\u011fa d\u00f6n\u00fc\u015f\u00fcr. \u00c7evrede olu\u015fan g\u00fcl bah\u00e7esinin i\u00e7erisinde d\u00fc\u015fen \u0130brahim Peygamber hayatta kal\u0131r. Yine hikayeye g\u00f6re bu g\u00fcl bah\u00e7esi g\u00fcn\u00fcm\u00fczde Halil-\u00fcr Rahman G\u00f6l\u00fc olarak kabul ediliyor.<\/p>\n\n\n\n<p>Nemrut\u2019un g\u00fczeller g\u00fczeli k\u0131z\u0131 Zeliha da \u0130brahim\u2019in savundu\u011fu tek tanr\u0131 inanc\u0131n\u0131 benimsedi\u011finden o da kurban se\u00e7ilir. \u0130brahim Peygamber\u2019in ard\u0131ndan ate\u015fe at\u0131lan Zeliha\u2019n\u0131n d\u00fc\u015ft\u00fc\u011f\u00fc yerde Aynzeliha G\u00f6l\u00fc olu\u015fur.<\/p>\n\n\n<div class=\"wp-block-image\">\n<figure class=\"alignright\"><img width=\"800\" height=\"500\" data-public-id=\"Balikligol-Ucak-Bileti_sx3ee5\/Balikligol-Ucak-Bileti_sx3ee5.jpg\" decoding=\"async\" src=\"https:\/\/res.cloudinary.com\/turna\/images\/w_800,h_500,c_scale\/f_auto,q_auto:low\/v1461740312\/Balikligol-Ucak-Bileti_sx3ee5\/Balikligol-Ucak-Bileti_sx3ee5.jpg?_i=AA\" alt=\"Balikligol-Ucak-Bileti\" class=\"wp-post-1098 wp-image-1101\" data-format=\"jpg\" data-transformations=\"f_auto,q_auto:low\" data-version=\"1461740312\" data-seo=\"1\" srcset=\"https:\/\/res.cloudinary.com\/turna\/images\/f_auto,q_auto:low\/v1461740312\/Balikligol-Ucak-Bileti_sx3ee5\/Balikligol-Ucak-Bileti_sx3ee5.jpg?_i=AA 800w, https:\/\/res.cloudinary.com\/turna\/images\/w_300,h_188,c_scale\/f_auto,q_auto:low\/v1461740312\/Balikligol-Ucak-Bileti_sx3ee5\/Balikligol-Ucak-Bileti_sx3ee5.jpg?_i=AA 300w, https:\/\/res.cloudinary.com\/turna\/images\/w_672,h_420,c_scale\/f_auto,q_auto:low\/v1461740312\/Balikligol-Ucak-Bileti_sx3ee5\/Balikligol-Ucak-Bileti_sx3ee5.jpg?_i=AA 672w, https:\/\/res.cloudinary.com\/turna\/images\/w_640,h_400,c_scale\/f_auto,q_auto:low\/v1461740312\/Balikligol-Ucak-Bileti_sx3ee5\/Balikligol-Ucak-Bileti_sx3ee5.jpg?_i=AA 640w, https:\/\/res.cloudinary.com\/turna\/images\/w_681,h_426,c_scale\/f_auto,q_auto:low\/v1461740312\/Balikligol-Ucak-Bileti_sx3ee5\/Balikligol-Ucak-Bileti_sx3ee5.jpg?_i=AA 681w\" sizes=\"(max-width: 800px) 100vw, 800px\" \/><\/figure>\n<\/div>\n\n\n<p>\u015eanl\u0131urfa\u2019n\u0131n y\u0131l\u0131n her d\u00f6nemi ziyaret\u00e7i ak\u0131n\u0131na u\u011frayan bu iki g\u00f6l\u00fc, farkl\u0131 kaynaklarda farkl\u0131 anlat\u0131mlara konu oluyor. Anlat\u0131mlarda ate\u015f, su, odun ve bal\u0131klar hemen hemen benzer tasvir ediliyor.<\/p>\n\n\n\n<h2 class=\"wp-block-heading\"><strong>Bal\u0131kl\u0131g\u00f6l\u2019e Nas\u0131l Gidilir<\/strong><\/h2>\n\n\n\n<p>Bal\u0131kl\u0131g\u00f6l\u2019e en kolay gitmenin yolu hava yolu yolculu\u011funu tercih etmek. Bunun i\u00e7in <strong><a href=\"https:\/\/www.turna.com\/ucak-bileti\/sanliurfa\" target=\"_blank\" rel=\"noopener noreferrer\">\u015eanl\u0131urfa u\u00e7ak bileti<\/a><\/strong> almak gerekiyor. \u015eanl\u0131urfa\u2019ya \u0130stanbul, Ankara, \u0130zmir, Kayseri ve Lefko\u015fa\u2019dan direkt u\u00e7ak seferleri ger\u00e7ekle\u015ftiriliyor. \u015eanl\u0131urfa GAP Havaliman\u0131, \u015fehir merkezine 37 km mesafede. T\u00fcrkiye\u2019nin bir\u00e7ok yerinden bir <strong>u\u00e7ak bileti<\/strong> ile ula\u015f\u0131labilen, tarihi zengin \u015fehre, bir\u00e7ok \u015fehir ve il\u00e7eden otob\u00fcs ba\u011flant\u0131s\u0131 da bulunuyor.<\/p>\n\n\n\n<p>Bal\u0131kl\u0131g\u00f6l, yaln\u0131zca \u015eanl\u0131urfa\u2019n\u0131n de\u011fil \u00fclkemizin de en g\u00fczel turistik g\u00f6r\u00fclmesi gereken yerlerinden. Bu g\u00fczel yeri g\u00f6rmek i\u00e7in u\u00e7ak bileti se\u00e7eneklerine g\u00f6z atmak ve harekete ge\u00e7mek gerekiyor.<\/p>\n\n    <div class=\"xs_social_share_widget xs_share_url after_content \t\tmain_content  wslu-style-1 wslu-share-box-shaped wslu-fill-colored wslu-none wslu-share-horizontal wslu-theme-font-no wslu-main_content\">\n\n\t\t\n        <ul>\n\t\t\t        <\/ul>\n    <\/div> \n","protected":false},"excerpt":{"rendered":"<p>G\u00fcneydo\u011fu Anadolu B\u00f6lgesi\u2019nin en etkileyici \u015fehirlerinden \u015eanl\u0131urfa\u2019da bulunan Bal\u0131kl\u0131g\u00f6l, kentin en \u00f6nemli turistik \u00e7ekim merkezlerinden biri. Aynzeliha ve Halil-\u00fcr Rahman g\u00f6llerine verilen Bal\u0131kl\u0131g\u00f6l isminin tarihi ge\u00e7mi\u015fte farkl\u0131 hikaye ve efsanelere konu oldu\u011fu biliniyor. \u015eanl\u0131urfa \u015fehir merkezinde yer alan Bal\u0131kl\u0131g\u00f6l, her y\u0131l yerli ve yabanc\u0131 y\u00fczbinlerce insan\u0131n ziyaret etti\u011fi, dini ve mistik atmosferiyle insan\u0131 etkileyen bir [&hellip;]<\/p>\n","protected":false},"author":9,"featured_media":1099,"comment_status":"open","ping_status":"open","sticky":false,"template":"","format":"standard","meta":{"rop_custom_images_group":[],"rop_custom_messages_group":[],"rop_publish_now":"initial","rop_publish_now_accounts":[],"rop_publish_now_history":[],"rop_publish_now_status":"pending","_cloudinary_featured_overwrite":false,"footnotes":""},"categories":[84,1867],"tags":[329,328],"class_list":["post-1098","post","type-post","status-publish","format-standard","has-post-thumbnail","hentry","category-turkiye","category-sanliurfa","tag-balikligol","tag-sanliurfa"],"_links":{"self":[{"href":"https:\/\/www.turna.com\/blog\/wp-json\/wp\/v2\/posts\/1098","targetHints":{"allow":["GET"]}}],"collection":[{"href":"https:\/\/www.turna.com\/blog\/wp-json\/wp\/v2\/posts"}],"about":[{"href":"https:\/\/www.turna.com\/blog\/wp-json\/wp\/v2\/types\/post"}],"author":[{"embeddable":true,"href":"https:\/\/www.turna.com\/blog\/wp-json\/wp\/v2\/users\/9"}],"replies":[{"embeddable":true,"href":"https:\/\/www.turna.com\/blog\/wp-json\/wp\/v2\/comments?post=1098"}],"version-history":[{"count":0,"href":"https:\/\/www.turna.com\/blog\/wp-json\/wp\/v2\/posts\/1098\/revisions"}],"wp:featuredmedia":[{"embeddable":true,"href":"https:\/\/www.turna.com\/blog\/wp-json\/wp\/v2\/media\/1099"}],"wp:attachment":[{"href":"https:\/\/www.turna.com\/blog\/wp-json\/wp\/v2\/media?parent=1098"}],"wp:term":[{"taxonomy":"category","embeddable":true,"href":"https:\/\/www.turna.com\/blog\/wp-json\/wp\/v2\/categories?post=1098"},{"taxonomy":"post_tag","embeddable":true,"href":"https:\/\/www.turna.com\/blog\/wp-json\/wp\/v2\/tags?post=1098"}],"curies":[{"name":"wp","href":"https:\/\/api.w.org\/{rel}","templated":true}]}}