{"id":10888,"date":"2018-01-04T11:22:30","date_gmt":"2018-01-04T08:22:30","guid":{"rendered":"https:\/\/www.turna.com\/blog\/?p=10888"},"modified":"2022-01-17T14:39:34","modified_gmt":"2022-01-17T11:39:34","slug":"guadeloupe-gezilecek-yerler","status":"publish","type":"post","link":"https:\/\/www.turna.com\/blog\/guadeloupe-gezilecek-yerler","title":{"rendered":"Guadeloupe Gezilecek Yerler: G\u00f6r\u00fclmesi Gereken 4 Yer"},"content":{"rendered":"<div id=\"ez-toc-container\" class=\"ez-toc-v2_0_82_2 counter-hierarchy ez-toc-counter ez-toc-black ez-toc-container-direction\">\n<div class=\"ez-toc-title-container\">\n<p class=\"ez-toc-title\" style=\"cursor:inherit\">\u0130\u00e7indekiler<\/p>\n<span class=\"ez-toc-title-toggle\"><a href=\"#\" class=\"ez-toc-pull-right ez-toc-btn ez-toc-btn-xs ez-toc-btn-default ez-toc-toggle\" aria-label=\"\u0130\u00e7indekiler Tablosunu A\u00e7\/Kapat\"><span class=\"ez-toc-js-icon-con\"><span class=\"\"><span class=\"eztoc-hide\" style=\"display:none;\">Toggle<\/span><span class=\"ez-toc-icon-toggle-span\"><svg style=\"fill: #ffffff;color:#ffffff\" xmlns=\"http:\/\/www.w3.org\/2000\/svg\" class=\"list-377408\" width=\"20px\" height=\"20px\" viewBox=\"0 0 24 24\" fill=\"none\"><path d=\"M6 6H4v2h2V6zm14 0H8v2h12V6zM4 11h2v2H4v-2zm16 0H8v2h12v-2zM4 16h2v2H4v-2zm16 0H8v2h12v-2z\" fill=\"currentColor\"><\/path><\/svg><svg style=\"fill: #ffffff;color:#ffffff\" class=\"arrow-unsorted-368013\" xmlns=\"http:\/\/www.w3.org\/2000\/svg\" width=\"10px\" height=\"10px\" viewBox=\"0 0 24 24\" version=\"1.2\" baseProfile=\"tiny\"><path d=\"M18.2 9.3l-6.2-6.3-6.2 6.3c-.2.2-.3.4-.3.7s.1.5.3.7c.2.2.4.3.7.3h11c.3 0 .5-.1.7-.3.2-.2.3-.5.3-.7s-.1-.5-.3-.7zM5.8 14.7l6.2 6.3 6.2-6.3c.2-.2.3-.5.3-.7s-.1-.5-.3-.7c-.2-.2-.4-.3-.7-.3h-11c-.3 0-.5.1-.7.3-.2.2-.3.5-.3.7s.1.5.3.7z\"\/><\/svg><\/span><\/span><\/span><\/a><\/span><\/div>\n<nav><ul class='ez-toc-list ez-toc-list-level-1 eztoc-toggle-hide-by-default' ><li class='ez-toc-page-1 ez-toc-heading-level-2'><a class=\"ez-toc-link ez-toc-heading-1\" href=\"https:\/\/www.turna.com\/blog\/guadeloupe-gezilecek-yerler\/#guadeloupede_gorebileceginiz_4_yer\" >Guadeloupe&#8217;de G\u00f6rebilece\u011finiz 4 Yer\u00a0<\/a><ul class='ez-toc-list-level-3' ><li class='ez-toc-heading-level-3'><a class=\"ez-toc-link ez-toc-heading-2\" href=\"https:\/\/www.turna.com\/blog\/guadeloupe-gezilecek-yerler\/#1_parc_archeologique_des_roches_gravees\" >1.\u00a0Parc Arch\u00e9ologique des Roches Grav\u00e9es<\/a><\/li><li class='ez-toc-page-1 ez-toc-heading-level-3'><a class=\"ez-toc-link ez-toc-heading-3\" href=\"https:\/\/www.turna.com\/blog\/guadeloupe-gezilecek-yerler\/#2_carbet_falls\" >2.\u00a0Carbet Falls<\/a><\/li><li class='ez-toc-page-1 ez-toc-heading-level-3'><a class=\"ez-toc-link ez-toc-heading-4\" href=\"https:\/\/www.turna.com\/blog\/guadeloupe-gezilecek-yerler\/#3_parc_national_de_la_guadeloupe\" >3.\u00a0Parc National de la Guadeloupe<\/a><\/li><li class='ez-toc-page-1 ez-toc-heading-level-3'><a class=\"ez-toc-link ez-toc-heading-5\" href=\"https:\/\/www.turna.com\/blog\/guadeloupe-gezilecek-yerler\/#4_fort_napoleon_des_saintes\" >4.\u00a0Fort Napol\u00e9on des Saintes<\/a><\/li><\/ul><\/li><\/ul><\/nav><\/div>\n<p>G\u00fcne\u015fin ve g\u00fczel havan\u0131n tad\u0131n\u0131 \u00e7\u0131karabilece\u011finiz huzur dolu bir tatil adresi ar\u0131yorsan\u0131z rotan\u0131z\u0131\u00a0<strong>Guadeloupe<\/strong>&#8216;e do\u011fru \u00e7evirebilirsiniz. Karayipler&#8217;de bulunan bir Frans\u0131z s\u00f6m\u00fcrgesi olan bu ada, s\u0131cak ve samimi atmosferi, ekonomik tatil f\u0131rsatlar\u0131 ve \u015fahane plajlar\u0131yla biliniyor.\u00a0Subtropikal iklimin hakim oldu\u011fu Guadeloupe&#8217;de, haziran ve ekim aylar\u0131 aras\u0131ndaki d\u00f6nemde kas\u0131rgalar g\u00f6r\u00fclebiliyor. Bu nedenle seyahat planlar\u0131n\u0131z\u0131 yaparken kas\u0131rga mevsimini hesaba katmay\u0131 unutmay\u0131n. Yumu\u015fak ve incecik kumlar\u0131yla ruhunuzu ok\u015fayan kumsallar\u0131, enfes g\u00fcnbat\u0131m\u0131 manzaralar\u0131, g\u00f6z kama\u015ft\u0131ran do\u011fal g\u00fczellikleri ve berrak sular\u0131yla b\u00fcy\u00fcleyen bu Karayip adas\u0131, Kuzey Amerika&#8217;n\u0131n en renkli tatil duraklar\u0131ndan.<\/p>\n<h2><span class=\"ez-toc-section\" id=\"guadeloupede_gorebileceginiz_4_yer\"><\/span><strong>Guadeloupe&#8217;de G\u00f6rebilece\u011finiz 4 Yer\u00a0<\/strong><span class=\"ez-toc-section-end\"><\/span><\/h2>\n<h3><span class=\"ez-toc-section\" id=\"1_parc_archeologique_des_roches_gravees\"><\/span><strong>1.\u00a0Parc Arch\u00e9ologique des Roches Grav\u00e9es<\/strong><span class=\"ez-toc-section-end\"><\/span><\/h3>\n<p><img width=\"800\" height=\"500\" data-public-id=\"Roches-Gravees_epdox9\/Roches-Gravees_epdox9.jpg\" fetchpriority=\"high\" decoding=\"async\" class=\"alignnone wp-post-10888 wp-image-11238\" src=\"https:\/\/res.cloudinary.com\/turna\/images\/w_800,h_500,c_scale\/f_auto,q_auto:low\/v1515144367\/Roches-Gravees_epdox9\/Roches-Gravees_epdox9.jpg?_i=AA\" data-format=\"jpg\" data-transformations=\"f_auto,q_auto:low\" data-version=\"1515144367\" data-seo=\"1\" srcset=\"https:\/\/res.cloudinary.com\/turna\/images\/w_300,h_188,c_scale\/f_auto,q_auto:low\/v1515144367\/Roches-Gravees_epdox9\/Roches-Gravees_epdox9.jpg?_i=AA 300w, https:\/\/res.cloudinary.com\/turna\/images\/w_672,h_420,c_scale\/f_auto,q_auto:low\/v1515144367\/Roches-Gravees_epdox9\/Roches-Gravees_epdox9.jpg?_i=AA 672w, https:\/\/res.cloudinary.com\/turna\/images\/w_640,h_400,c_scale\/f_auto,q_auto:low\/v1515144367\/Roches-Gravees_epdox9\/Roches-Gravees_epdox9.jpg?_i=AA 640w, https:\/\/res.cloudinary.com\/turna\/images\/w_681,h_426,c_scale\/f_auto,q_auto:low\/v1515144367\/Roches-Gravees_epdox9\/Roches-Gravees_epdox9.jpg?_i=AA 681w, https:\/\/res.cloudinary.com\/turna\/images\/f_auto,q_auto:low\/v1515144367\/Roches-Gravees_epdox9\/Roches-Gravees_epdox9.jpg?_i=AA 800w\" sizes=\"(max-width: 800px) 100vw, 800px\" \/><\/p>\n<p><strong>Parc Arch\u00e9ologique des Roches Grav\u00e9es (Roches-Grav\u00e9es Arkeoloji Park\u0131)<\/strong>,\u00a0Arawak K\u0131z\u0131lderililerinden kalma oyulmu\u015f kayalar\u0131 ve adaya \u00f6zg\u00fc bitki t\u00fcrlerinin yer ald\u0131\u011f\u0131 etkileyici do\u011fas\u0131yla \u00f6ne \u00e7\u0131k\u0131yor. Trois-Rivi\u00e8res kasabas\u0131ndaki en pop\u00fcler ziyaret noktalar\u0131ndan biri olan\u00a0Parc Arch\u00e9ologique des Roches Grav\u00e9es&#8217;taki kaya oymalar\u0131, 1974 y\u0131l\u0131ndan bu yana tarihi an\u0131t stat\u00fcs\u00fcnde.<\/p>\n<h3><span class=\"ez-toc-section\" id=\"2_carbet_falls\"><\/span><strong>2.\u00a0Carbet Falls<\/strong><span class=\"ez-toc-section-end\"><\/span><\/h3>\n<p>Christopher Columbus&#8217;un seyahat g\u00fcnl\u00fcklerinde de ismi ge\u00e7en bir do\u011fa harikas\u0131 olan\u00a0<strong>Carbet Falls<\/strong>, y\u0131lda yakla\u015f\u0131k 400 bin ki\u015fi taraf\u0131ndan ziyaret ediliyor.\u00a0La Soufri\u00e8re\u00a0yanarda\u011f\u0131n\u0131n\u00a0alt yamac\u0131nda, Guadeloupe Ulusal Park\u0131&#8217;ndaki tropik ya\u011fmur ormanlar\u0131n\u0131n aras\u0131nda yer alan\u00a0Carbet Falls, \u00fc\u00e7 farkl\u0131 \u015felaleden olu\u015fuyor. Bu \u015felalelerin ikisi y\u00fckseklikleri sebebiyle profesyonel y\u00fcr\u00fcy\u00fc\u015f\u00e7\u00fclerin eri\u015fimine daha uygun. \u0130kinci \u015felale ise daha g\u00fcvenli ve kolay ula\u015f\u0131labilir bir b\u00f6lgede bulunuyor.<\/p>\n<h3><span class=\"ez-toc-section\" id=\"3_parc_national_de_la_guadeloupe\"><\/span><strong>3.\u00a0Parc National de la Guadeloupe<\/strong><span class=\"ez-toc-section-end\"><\/span><\/h3>\n<p><img width=\"800\" height=\"500\" data-public-id=\"Parc-National-Guadeloupe_wlgtva\/Parc-National-Guadeloupe_wlgtva.jpg\" decoding=\"async\" class=\"alignnone wp-post-10888 wp-image-11239\" src=\"https:\/\/res.cloudinary.com\/turna\/images\/w_800,h_500,c_scale\/f_auto,q_auto:low\/v1515144383\/Parc-National-Guadeloupe_wlgtva\/Parc-National-Guadeloupe_wlgtva.jpg?_i=AA\" data-format=\"jpg\" data-transformations=\"f_auto,q_auto:low\" data-version=\"1515144383\" data-seo=\"1\" srcset=\"https:\/\/res.cloudinary.com\/turna\/images\/f_auto,q_auto:low\/v1515144383\/Parc-National-Guadeloupe_wlgtva\/Parc-National-Guadeloupe_wlgtva.jpg?_i=AA 800w, https:\/\/res.cloudinary.com\/turna\/images\/w_300,h_188,c_scale\/f_auto,q_auto:low\/v1515144383\/Parc-National-Guadeloupe_wlgtva\/Parc-National-Guadeloupe_wlgtva.jpg?_i=AA 300w, https:\/\/res.cloudinary.com\/turna\/images\/w_672,h_420,c_scale\/f_auto,q_auto:low\/v1515144383\/Parc-National-Guadeloupe_wlgtva\/Parc-National-Guadeloupe_wlgtva.jpg?_i=AA 672w, https:\/\/res.cloudinary.com\/turna\/images\/w_640,h_400,c_scale\/f_auto,q_auto:low\/v1515144383\/Parc-National-Guadeloupe_wlgtva\/Parc-National-Guadeloupe_wlgtva.jpg?_i=AA 640w, https:\/\/res.cloudinary.com\/turna\/images\/w_681,h_426,c_scale\/f_auto,q_auto:low\/v1515144383\/Parc-National-Guadeloupe_wlgtva\/Parc-National-Guadeloupe_wlgtva.jpg?_i=AA 681w\" sizes=\"(max-width: 800px) 100vw, 800px\" \/>La Soufri\u00e8re Yanarda\u011f\u0131na ev sahipli\u011fi yapan b\u00fcy\u00fcleyici bir do\u011fal park olan\u00a0<strong>Parc National de la Guadeloupe (Guadeloupe Ulusal Park\u0131)<\/strong>, kusursuz do\u011fas\u0131yla oldu\u011fu kadar y\u00fcr\u00fcy\u00fc\u015f parkurlar\u0131yla da haf\u0131zalara kaz\u0131n\u0131yor. Parc National de la Guadeloupe, trekking merakl\u0131lar\u0131 ve do\u011fa a\u015f\u0131klar\u0131 i\u00e7in olduk\u00e7a cezbedici olan bu y\u00fcr\u00fcy\u00fc\u015f parkurlar\u0131n\u0131n yan\u0131 s\u0131ra g\u00f6rkemli \u015felaleleri ve \u015fifal\u0131 sulara sahip kapl\u0131calar\u0131yla da g\u00f6renleri kendine hayran b\u0131rak\u0131yor.<\/p>\n<h3><span class=\"ez-toc-section\" id=\"4_fort_napoleon_des_saintes\"><\/span><strong>4.\u00a0Fort Napol\u00e9on des Saintes<\/strong><span class=\"ez-toc-section-end\"><\/span><\/h3>\n<p><img width=\"800\" height=\"500\" data-public-id=\"Fort-Napoleon-Saintes_u6yurw\/Fort-Napoleon-Saintes_u6yurw.jpg\" decoding=\"async\" class=\"alignnone wp-post-10888 wp-image-11241\" src=\"https:\/\/res.cloudinary.com\/turna\/images\/w_800,h_500,c_scale\/f_auto,q_auto\/f_auto,q_auto:low\/v1515144411\/Fort-Napoleon-Saintes_u6yurw\/Fort-Napoleon-Saintes_u6yurw.jpg?_i=AA\" data-format=\"jpg\" data-transformations=\"f_auto,q_auto\/f_auto,q_auto:low\" data-version=\"1515144411\" data-seo=\"1\" srcset=\"https:\/\/res.cloudinary.com\/turna\/images\/f_auto,q_auto\/f_auto,q_auto\/f_auto,q_auto:low\/v1515144411\/Fort-Napoleon-Saintes_u6yurw\/Fort-Napoleon-Saintes_u6yurw.jpg?_i=AA 800w, https:\/\/res.cloudinary.com\/turna\/images\/w_300,h_188,c_scale\/f_auto,q_auto\/f_auto,q_auto\/f_auto,q_auto:low\/v1515144411\/Fort-Napoleon-Saintes_u6yurw\/Fort-Napoleon-Saintes_u6yurw.jpg?_i=AA 300w, https:\/\/res.cloudinary.com\/turna\/images\/w_672,h_420,c_scale\/f_auto,q_auto\/f_auto,q_auto\/f_auto,q_auto:low\/v1515144411\/Fort-Napoleon-Saintes_u6yurw\/Fort-Napoleon-Saintes_u6yurw.jpg?_i=AA 672w, https:\/\/res.cloudinary.com\/turna\/images\/w_640,h_400,c_scale\/f_auto,q_auto\/f_auto,q_auto\/f_auto,q_auto:low\/v1515144411\/Fort-Napoleon-Saintes_u6yurw\/Fort-Napoleon-Saintes_u6yurw.jpg?_i=AA 640w, https:\/\/res.cloudinary.com\/turna\/images\/w_681,h_426,c_scale\/f_auto,q_auto\/f_auto,q_auto\/f_auto,q_auto:low\/v1515144411\/Fort-Napoleon-Saintes_u6yurw\/Fort-Napoleon-Saintes_u6yurw.jpg?_i=AA 681w\" sizes=\"(max-width: 800px) 100vw, 800px\" \/><\/p>\n<p>Terre-de-Haut\u00a0adas\u0131nda yer alan tarihi bir yap\u0131 olan <strong>Fort Napoleon (Napoleon Kalesi)<\/strong>, in\u015fa edildi\u011fi ilk y\u0131llarda\u00a0Fort Louis ismiyle an\u0131l\u0131yordu.\u00a0Sava\u015f d\u00f6neminde hasar g\u00f6ren ve\u00a01867 y\u0131l\u0131nda yeniden yap\u0131lan kale, g\u00fcn\u00fcm\u00fczde tarihi ve k\u00fclt\u00fcrel eserlerin sergilendi\u011fi bir m\u00fcze olarak kullan\u0131l\u0131yor.\u00a0Saintes Tarih M\u00fczesi ismini ta\u015f\u0131yan bu m\u00fczede, adan\u0131n tarihi ge\u00e7mi\u015fi ve k\u00fclt\u00fcrel de\u011ferleri hakk\u0131nda ilgin\u00e7 bilgiler bulabilirsiniz.<\/p>\n<p>E\u011fer siz de bu g\u00f6z al\u0131c\u0131 ada \u00fclkesini daha yak\u0131ndan ke\u015ffetmek ve stresten uzak bir tatil yapmak istiyorsan\u0131z\u00a0<strong><a href=\"https:\/\/www.turna.com\/ucak-bileti\/guadeloupe\" target=\"_blank\" rel=\"noopener noreferrer\">Guadeloupe u\u00e7ak bileti<\/a><\/strong> f\u0131rsatlar\u0131na g\u00f6z atabilirsiniz.<\/p>\n\n    <div class=\"xs_social_share_widget xs_share_url after_content \t\tmain_content  wslu-style-1 wslu-share-box-shaped wslu-fill-colored wslu-none wslu-share-horizontal wslu-theme-font-no wslu-main_content\">\n\n\t\t\n        <ul>\n\t\t\t        <\/ul>\n    <\/div> \n","protected":false},"excerpt":{"rendered":"<p>G\u00fcne\u015fin ve g\u00fczel havan\u0131n tad\u0131n\u0131 \u00e7\u0131karabilece\u011finiz huzur dolu bir tatil adresi ar\u0131yorsan\u0131z rotan\u0131z\u0131\u00a0Guadeloupe&#8216;e do\u011fru \u00e7evirebilirsiniz. Karayipler&#8217;de bulunan bir Frans\u0131z s\u00f6m\u00fcrgesi olan bu ada, s\u0131cak ve samimi atmosferi, ekonomik tatil f\u0131rsatlar\u0131 ve \u015fahane plajlar\u0131yla biliniyor.\u00a0Subtropikal iklimin hakim oldu\u011fu Guadeloupe&#8217;de, haziran ve ekim aylar\u0131 aras\u0131ndaki d\u00f6nemde kas\u0131rgalar g\u00f6r\u00fclebiliyor. Bu nedenle seyahat planlar\u0131n\u0131z\u0131 yaparken kas\u0131rga mevsimini hesaba katmay\u0131 [&hellip;]<\/p>\n","protected":false},"author":9,"featured_media":11241,"comment_status":"open","ping_status":"open","sticky":false,"template":"","format":"standard","meta":{"rop_custom_images_group":[],"rop_custom_messages_group":[],"rop_publish_now":"initial","rop_publish_now_accounts":[],"rop_publish_now_history":[],"rop_publish_now_status":"pending","_cloudinary_featured_overwrite":false,"footnotes":""},"categories":[1455],"tags":[1456,2629,2759,2760],"class_list":["post-10888","post","type-post","status-publish","format-standard","has-post-thumbnail","hentry","category-guadeloupe","tag-guadeloupe","tag-pointe-a-pitre","tag-saint-barthelemy","tag-saint-martin"],"_links":{"self":[{"href":"https:\/\/www.turna.com\/blog\/wp-json\/wp\/v2\/posts\/10888","targetHints":{"allow":["GET"]}}],"collection":[{"href":"https:\/\/www.turna.com\/blog\/wp-json\/wp\/v2\/posts"}],"about":[{"href":"https:\/\/www.turna.com\/blog\/wp-json\/wp\/v2\/types\/post"}],"author":[{"embeddable":true,"href":"https:\/\/www.turna.com\/blog\/wp-json\/wp\/v2\/users\/9"}],"replies":[{"embeddable":true,"href":"https:\/\/www.turna.com\/blog\/wp-json\/wp\/v2\/comments?post=10888"}],"version-history":[{"count":0,"href":"https:\/\/www.turna.com\/blog\/wp-json\/wp\/v2\/posts\/10888\/revisions"}],"wp:featuredmedia":[{"embeddable":true,"href":"https:\/\/www.turna.com\/blog\/wp-json\/wp\/v2\/media\/11241"}],"wp:attachment":[{"href":"https:\/\/www.turna.com\/blog\/wp-json\/wp\/v2\/media?parent=10888"}],"wp:term":[{"taxonomy":"category","embeddable":true,"href":"https:\/\/www.turna.com\/blog\/wp-json\/wp\/v2\/categories?post=10888"},{"taxonomy":"post_tag","embeddable":true,"href":"https:\/\/www.turna.com\/blog\/wp-json\/wp\/v2\/tags?post=10888"}],"curies":[{"name":"wp","href":"https:\/\/api.w.org\/{rel}","templated":true}]}}