{"id":10849,"date":"2018-01-05T15:25:28","date_gmt":"2018-01-05T13:25:28","guid":{"rendered":"https:\/\/www.turna.com\/blog\/?p=10849"},"modified":"2024-01-03T18:37:36","modified_gmt":"2024-01-03T15:37:36","slug":"guernsey-gezilecek-yerler","status":"publish","type":"post","link":"https:\/\/www.turna.com\/blog\/guernsey-gezilecek-yerler","title":{"rendered":"Guernsey Gezilecek Yerler: Guernsey&#8217;de G\u00f6r\u00fclmesi Gereken 7 Yer"},"content":{"rendered":"<div id=\"ez-toc-container\" class=\"ez-toc-v2_0_82_2 counter-hierarchy ez-toc-counter ez-toc-black ez-toc-container-direction\">\n<div class=\"ez-toc-title-container\">\n<p class=\"ez-toc-title\" style=\"cursor:inherit\">\u0130\u00e7indekiler<\/p>\n<span class=\"ez-toc-title-toggle\"><a href=\"#\" class=\"ez-toc-pull-right ez-toc-btn ez-toc-btn-xs ez-toc-btn-default ez-toc-toggle\" aria-label=\"\u0130\u00e7indekiler Tablosunu A\u00e7\/Kapat\"><span class=\"ez-toc-js-icon-con\"><span class=\"\"><span class=\"eztoc-hide\" style=\"display:none;\">Toggle<\/span><span class=\"ez-toc-icon-toggle-span\"><svg style=\"fill: #ffffff;color:#ffffff\" xmlns=\"http:\/\/www.w3.org\/2000\/svg\" class=\"list-377408\" width=\"20px\" height=\"20px\" viewBox=\"0 0 24 24\" fill=\"none\"><path d=\"M6 6H4v2h2V6zm14 0H8v2h12V6zM4 11h2v2H4v-2zm16 0H8v2h12v-2zM4 16h2v2H4v-2zm16 0H8v2h12v-2z\" fill=\"currentColor\"><\/path><\/svg><svg style=\"fill: #ffffff;color:#ffffff\" class=\"arrow-unsorted-368013\" xmlns=\"http:\/\/www.w3.org\/2000\/svg\" width=\"10px\" height=\"10px\" viewBox=\"0 0 24 24\" version=\"1.2\" baseProfile=\"tiny\"><path d=\"M18.2 9.3l-6.2-6.3-6.2 6.3c-.2.2-.3.4-.3.7s.1.5.3.7c.2.2.4.3.7.3h11c.3 0 .5-.1.7-.3.2-.2.3-.5.3-.7s-.1-.5-.3-.7zM5.8 14.7l6.2 6.3 6.2-6.3c.2-.2.3-.5.3-.7s-.1-.5-.3-.7c-.2-.2-.4-.3-.7-.3h-11c-.3 0-.5.1-.7.3-.2.2-.3.5-.3.7s.1.5.3.7z\"\/><\/svg><\/span><\/span><\/span><\/a><\/span><\/div>\n<nav><ul class='ez-toc-list ez-toc-list-level-1 eztoc-toggle-hide-by-default' ><li class='ez-toc-page-1 ez-toc-heading-level-2'><a class=\"ez-toc-link ez-toc-heading-1\" href=\"https:\/\/www.turna.com\/blog\/guernsey-gezilecek-yerler\/#guernseyde_gorebileceginiz_7_yer\" >Guernsey&#8217;de G\u00f6rebilece\u011finiz 7 Yer<\/a><ul class='ez-toc-list-level-3' ><li class='ez-toc-heading-level-3'><a class=\"ez-toc-link ez-toc-heading-2\" href=\"https:\/\/www.turna.com\/blog\/guernsey-gezilecek-yerler\/#1_kucuk_sapel\" >1.\u00a0K\u00fc\u00e7\u00fck \u015eapel<\/a><\/li><li class='ez-toc-page-1 ez-toc-heading-level-3'><a class=\"ez-toc-link ez-toc-heading-3\" href=\"https:\/\/www.turna.com\/blog\/guernsey-gezilecek-yerler\/#2_guernsey_muzesi_ve_sanat_galerisi\" >2. Guernsey M\u00fczesi ve Sanat Galerisi<\/a><\/li><li class='ez-toc-page-1 ez-toc-heading-level-3'><a class=\"ez-toc-link ez-toc-heading-4\" href=\"https:\/\/www.turna.com\/blog\/guernsey-gezilecek-yerler\/#3_victor_hugo_evi\" >3. Victor Hugo Evi<\/a><\/li><li class='ez-toc-page-1 ez-toc-heading-level-3'><a class=\"ez-toc-link ez-toc-heading-5\" href=\"https:\/\/www.turna.com\/blog\/guernsey-gezilecek-yerler\/#4_kale_kornet\" >4.\u00a0Kale Kornet<\/a><\/li><li class='ez-toc-page-1 ez-toc-heading-level-3'><a class=\"ez-toc-link ez-toc-heading-6\" href=\"https:\/\/www.turna.com\/blog\/guernsey-gezilecek-yerler\/#5_fort_grey_shipwreck_museum\" >5. Fort Grey Shipwreck Museum<\/a><\/li><li class='ez-toc-page-1 ez-toc-heading-level-3'><a class=\"ez-toc-link ez-toc-heading-7\" href=\"https:\/\/www.turna.com\/blog\/guernsey-gezilecek-yerler\/#6_la_valette_yeralti_askeri_muzesi\" >6. La Valette Yeralt\u0131 Askeri M\u00fczesi<\/a><\/li><li class='ez-toc-page-1 ez-toc-heading-level-3'><a class=\"ez-toc-link ez-toc-heading-8\" href=\"https:\/\/www.turna.com\/blog\/guernsey-gezilecek-yerler\/#7_german_occupation_museum\" >7.\u00a0German Occupation Museum<\/a><\/li><\/ul><\/li><\/ul><\/nav><\/div>\n<p>Avrupa&#8217;da, Kuzey <a href=\"https:\/\/www.turna.com\/blog\/ulkeler\/avrupa\/fransa\" target=\"_blank\" rel=\"noopener noreferrer\"><strong>Fransa<\/strong><\/a>&#8216;n\u0131n\u00a0Normandiya\u00a0b\u00f6lgesi k\u0131y\u0131lar\u0131nda bulunan Kanal Adalar\u0131&#8217;n\u0131n ikinci b\u00fcy\u00fck adas\u0131 olan\u00a0<strong>Guernsey<\/strong>, \u0130kinci D\u00fcnya Sava\u015f\u0131 d\u00f6neminde Alman askeri birlikleri taraf\u0131ndan i\u015fgal edilen tek\u00a0\u0130ngiliz topra\u011f\u0131 olarak biliniyor. \u00dcnl\u00fc Frans\u0131z yazar\u00a0Victor Hugo&#8217;nun da 1856 ve 1870 y\u0131llar\u0131 aras\u0131nda s\u00fcrg\u00fcn hayat\u0131n\u0131 ge\u00e7irdi\u011fi bu ada \u00fclkesi, dar sokaklar\u0131, birbirinden ilgin\u00e7 eser ve e\u015fyalar\u0131n sergilendi\u011fi m\u00fczeleri, tarihi yap\u0131lar\u0131 ve d\u00fcnya mutfaklar\u0131n\u0131 ke\u015ffetmenizi sa\u011flayan restoranlar\u0131yla \u00f6ne \u00e7\u0131k\u0131yor.<\/p>\n<h2><span class=\"ez-toc-section\" id=\"guernseyde_gorebileceginiz_7_yer\"><\/span><strong>Guernsey&#8217;de G\u00f6rebilece\u011finiz 7 Yer<\/strong><span class=\"ez-toc-section-end\"><\/span><\/h2>\n<h3><span class=\"ez-toc-section\" id=\"1_kucuk_sapel\"><\/span><strong>1.\u00a0K\u00fc\u00e7\u00fck \u015eapel<\/strong><span class=\"ez-toc-section-end\"><\/span><\/h3>\n<p><img width=\"800\" height=\"500\" data-public-id=\"Guernsey-the-little-chapel_ij0yvb\/Guernsey-the-little-chapel_ij0yvb.jpg\" fetchpriority=\"high\" decoding=\"async\" class=\"alignnone wp-post-10849 wp-image-11259\" src=\"https:\/\/res.cloudinary.com\/turna\/images\/w_800,h_500,c_scale\/f_auto,q_auto:low\/v1515259274\/Guernsey-the-little-chapel_ij0yvb\/Guernsey-the-little-chapel_ij0yvb.jpg?_i=AA\" data-format=\"jpg\" data-transformations=\"f_auto,q_auto:low\" data-version=\"1515259274\" data-seo=\"1\" srcset=\"https:\/\/res.cloudinary.com\/turna\/images\/f_auto,q_auto:low\/v1515259274\/Guernsey-the-little-chapel_ij0yvb\/Guernsey-the-little-chapel_ij0yvb.jpg?_i=AA 800w, https:\/\/res.cloudinary.com\/turna\/images\/w_300,h_188,c_scale\/f_auto,q_auto:low\/v1515259274\/Guernsey-the-little-chapel_ij0yvb\/Guernsey-the-little-chapel_ij0yvb.jpg?_i=AA 300w, https:\/\/res.cloudinary.com\/turna\/images\/w_672,h_420,c_scale\/f_auto,q_auto:low\/v1515259274\/Guernsey-the-little-chapel_ij0yvb\/Guernsey-the-little-chapel_ij0yvb.jpg?_i=AA 672w, https:\/\/res.cloudinary.com\/turna\/images\/w_640,h_400,c_scale\/f_auto,q_auto:low\/v1515259274\/Guernsey-the-little-chapel_ij0yvb\/Guernsey-the-little-chapel_ij0yvb.jpg?_i=AA 640w, https:\/\/res.cloudinary.com\/turna\/images\/w_681,h_426,c_scale\/f_auto,q_auto:low\/v1515259274\/Guernsey-the-little-chapel_ij0yvb\/Guernsey-the-little-chapel_ij0yvb.jpg?_i=AA 681w\" sizes=\"(max-width: 800px) 100vw, 800px\" \/><\/p>\n<p>Guernsey&#8217;in en \u00e7ok ziyaret edilen yap\u0131s\u0131 olan <strong>K\u00fc\u00e7\u00fck \u015eapel (Little Chapel)<\/strong>&#8216;in d\u0131\u015f\u0131, renkli ta\u015flar, \u00e7ini par\u00e7alar\u0131 ve deniz kabuklar\u0131yla s\u00fcsl\u00fc. 1914 y\u0131l\u0131nda in\u015fa edilen bu k\u00fc\u00e7\u00fck \u015fapel, \u015firin g\u00f6r\u00fcnt\u00fcs\u00fcyle adaya gelen turistleri b\u00fcy\u00fcl\u00fcyor.<\/p>\n<h3><span class=\"ez-toc-section\" id=\"2_guernsey_muzesi_ve_sanat_galerisi\"><\/span><strong>2. Guernsey M\u00fczesi ve Sanat Galerisi<\/strong><span class=\"ez-toc-section-end\"><\/span><\/h3>\n<p><strong>Guernsey M\u00fczesi ve Sanat Galerisi (Guernsey Museum and Art Gallery)<\/strong>, 1978 y\u0131l\u0131nda hizmete girdi. 500&#8217;\u00fcn \u00fczerinde resim koleksiyonunun sergilendi\u011fi bu m\u00fcze \u00fclkenin en de\u011ferli sanat miraslar\u0131na ev sahipli\u011fi yap\u0131yor.<\/p>\n<h3><span class=\"ez-toc-section\" id=\"3_victor_hugo_evi\"><\/span><strong>3. Victor Hugo Evi<\/strong><span class=\"ez-toc-section-end\"><\/span><\/h3>\n<p><img width=\"800\" height=\"500\" data-public-id=\"Victor-Hugo-House-Dining-Room_frrilv\/Victor-Hugo-House-Dining-Room_frrilv.jpg\" decoding=\"async\" class=\"alignnone wp-post-10849 wp-image-11260\" src=\"https:\/\/res.cloudinary.com\/turna\/images\/w_800,h_500,c_scale\/f_auto,q_auto:low\/v1515259290\/Victor-Hugo-House-Dining-Room_frrilv\/Victor-Hugo-House-Dining-Room_frrilv.jpg?_i=AA\" data-format=\"jpg\" data-transformations=\"f_auto,q_auto:low\" data-version=\"1515259290\" data-seo=\"1\" srcset=\"https:\/\/res.cloudinary.com\/turna\/images\/f_auto,q_auto:low\/v1515259290\/Victor-Hugo-House-Dining-Room_frrilv\/Victor-Hugo-House-Dining-Room_frrilv.jpg?_i=AA 800w, https:\/\/res.cloudinary.com\/turna\/images\/w_300,h_188,c_scale\/f_auto,q_auto:low\/v1515259290\/Victor-Hugo-House-Dining-Room_frrilv\/Victor-Hugo-House-Dining-Room_frrilv.jpg?_i=AA 300w, https:\/\/res.cloudinary.com\/turna\/images\/w_672,h_420,c_scale\/f_auto,q_auto:low\/v1515259290\/Victor-Hugo-House-Dining-Room_frrilv\/Victor-Hugo-House-Dining-Room_frrilv.jpg?_i=AA 672w, https:\/\/res.cloudinary.com\/turna\/images\/w_640,h_400,c_scale\/f_auto,q_auto:low\/v1515259290\/Victor-Hugo-House-Dining-Room_frrilv\/Victor-Hugo-House-Dining-Room_frrilv.jpg?_i=AA 640w, https:\/\/res.cloudinary.com\/turna\/images\/w_681,h_426,c_scale\/f_auto,q_auto:low\/v1515259290\/Victor-Hugo-House-Dining-Room_frrilv\/Victor-Hugo-House-Dining-Room_frrilv.jpg?_i=AA 681w\" sizes=\"(max-width: 800px) 100vw, 800px\" \/><\/p>\n<p>Adada s\u00fcrg\u00fcn g\u00fcnlerini ge\u00e7iren d\u00fcnyaca \u00fcnl\u00fc yazar\u00a0Victor Hugo&#8217;nun 15 y\u0131l boyunca ya\u015fad\u0131\u011f\u0131 ev g\u00fcn\u00fcm\u00fczde m\u00fczeye d\u00f6n\u00fc\u015ft\u00fcr\u00fclerek ziyarete a\u00e7\u0131ld\u0131. Victor Hugo&#8217;nun torunlar\u0131 taraf\u0131ndan 1927 y\u0131l\u0131nda <a href=\"https:\/\/www.turna.com\/ucak-bileti\/paris\" target=\"_blank\" rel=\"noopener noreferrer\"><strong>Paris<\/strong><\/a> \u015fehrine hediye edilen <strong>Victor Hugo Ev<\/strong>i, yazar\u0131n ki\u015fisel e\u015fyalar\u0131 ve mobilyalar\u0131 yer al\u0131yor.<\/p>\n<h3><span class=\"ez-toc-section\" id=\"4_kale_kornet\"><\/span><strong>4.\u00a0Kale Kornet<\/strong><span class=\"ez-toc-section-end\"><\/span><\/h3>\n<p><strong>Kale Kornet (Castle Cornet)<\/strong>,\u00a0175 metre uzunlu\u011fundaki bir gelgit adas\u0131 \u00fczerinde yer al\u0131yor.\u00a0Cornet Rock\u00a0ve\u00a0Castle Rock\u00a0isimleriyle de an\u0131lan bu yap\u0131,\u00a01206 ve 1256 y\u0131llar\u0131 aras\u0131nda kaleye d\u00f6n\u00fc\u015ft\u00fcr\u00fcld\u00fc.<\/p>\n<h3><span class=\"ez-toc-section\" id=\"5_fort_grey_shipwreck_museum\"><\/span><strong>5. Fort Grey Shipwreck Museum<\/strong><span class=\"ez-toc-section-end\"><\/span><\/h3>\n<p>Guernsey&#8217;nin bat\u0131 sahilini savunmak i\u00e7in 1804 y\u0131l\u0131nda in\u015fa edilen Fort Gray,\u00a0Rocquaine K\u00f6rfezi&#8217;nde bulunan bir\u00a0Martello Kulesi. Kulede, g\u00fcn\u00fcm\u00fczde bat\u0131k gemilerden \u00e7\u0131kar\u0131lan \u00e7e\u015fitli e\u015fyalar\u0131n sergilendi\u011fi bir bat\u0131k gemi m\u00fczesi de yer al\u0131yor. <strong>Fort Grey Shipwreck Museum<\/strong> ismini ta\u015f\u0131yan bu m\u00fcze, adan\u0131n g\u00f6r\u00fclmeye de\u011fer yerlerinden biri.<\/p>\n<h3><span class=\"ez-toc-section\" id=\"6_la_valette_yeralti_askeri_muzesi\"><\/span><strong>6. La Valette Yeralt\u0131 Askeri M\u00fczesi<\/strong><span class=\"ez-toc-section-end\"><\/span><\/h3>\n<p><strong>La Valette Yeralt\u0131 Askeri M\u00fczesi (La Vallette Underground Military Museum)<\/strong>, \u0130kinci D\u00fcnya Sava\u015f\u0131 d\u00f6neminden kalma \u00e7ok say\u0131da silah, askeri \u00fcniforma, poster, madalya ve e\u015fyalar\u0131n sergilendi\u011fi \u00e7arp\u0131c\u0131 bir sergi mekan\u0131. M\u00fczenin yer ald\u0131\u011f\u0131 yap\u0131, sava\u015f d\u00f6neminde Almanlar taraf\u0131ndan yak\u0131t depolama tesisi olarak kullan\u0131l\u0131yordu.<\/p>\n<h3><span class=\"ez-toc-section\" id=\"7_german_occupation_museum\"><\/span><strong>7.\u00a0German Occupation Museum<\/strong><span class=\"ez-toc-section-end\"><\/span><\/h3>\n<p><img width=\"800\" height=\"500\" data-public-id=\"German-Occupation-Museum_cpbzmh\/German-Occupation-Museum_cpbzmh.jpg\" decoding=\"async\" class=\"alignnone wp-post-10849 wp-image-11258\" src=\"https:\/\/res.cloudinary.com\/turna\/images\/w_800,h_500,c_scale\/f_auto,q_auto:low\/v1515259254\/German-Occupation-Museum_cpbzmh\/German-Occupation-Museum_cpbzmh.jpg?_i=AA\" data-format=\"jpg\" data-transformations=\"f_auto,q_auto:low\" data-version=\"1515259254\" data-seo=\"1\" srcset=\"https:\/\/res.cloudinary.com\/turna\/images\/f_auto,q_auto:low\/v1515259254\/German-Occupation-Museum_cpbzmh\/German-Occupation-Museum_cpbzmh.jpg?_i=AA 800w, https:\/\/res.cloudinary.com\/turna\/images\/w_300,h_188,c_scale\/f_auto,q_auto:low\/v1515259254\/German-Occupation-Museum_cpbzmh\/German-Occupation-Museum_cpbzmh.jpg?_i=AA 300w, https:\/\/res.cloudinary.com\/turna\/images\/w_672,h_420,c_scale\/f_auto,q_auto:low\/v1515259254\/German-Occupation-Museum_cpbzmh\/German-Occupation-Museum_cpbzmh.jpg?_i=AA 672w, https:\/\/res.cloudinary.com\/turna\/images\/w_640,h_400,c_scale\/f_auto,q_auto:low\/v1515259254\/German-Occupation-Museum_cpbzmh\/German-Occupation-Museum_cpbzmh.jpg?_i=AA 640w, https:\/\/res.cloudinary.com\/turna\/images\/w_681,h_426,c_scale\/f_auto,q_auto:low\/v1515259254\/German-Occupation-Museum_cpbzmh\/German-Occupation-Museum_cpbzmh.jpg?_i=AA 681w\" sizes=\"(max-width: 800px) 100vw, 800px\" \/><strong>German Occupation Museum<\/strong>, \u0130kinci D\u00fcnya Sava\u015f\u0131 s\u0131ras\u0131nda t\u00fcnellerde saklanan e\u015fyalar\u0131n,silahlar\u0131n ve belgelerin sergilendi\u011fi etkileyici bir m\u00fcze. German Occupation Museum&#8217;da,\u00a0b\u00f6lgenin en \u00f6nemli caddelerinden olan\u00a0Occupation Street&#8217;in maket ve mankenlerle yeniden canland\u0131r\u0131ld\u0131\u011f\u0131 bir b\u00f6l\u00fcm de bulunuyor.<\/p>\n<p>E\u011fer siz de bu aday\u0131 ziyaret edip turistik yerlerini daha yak\u0131ndan g\u00f6rme planlar\u0131 kuruyorsan\u0131z <strong><a href=\"https:\/\/www.turna.com\/ucak-bileti\/fransa\" target=\"_blank\" rel=\"noopener noreferrer\">Fransa u\u00e7ak bileti<\/a><\/strong> f\u0131rsatlar\u0131na g\u00f6z atabilirsiniz.<\/p>\n\n    <div class=\"xs_social_share_widget xs_share_url after_content \t\tmain_content  wslu-style-1 wslu-share-box-shaped wslu-fill-colored wslu-none wslu-share-horizontal wslu-theme-font-no wslu-main_content\">\n\n\t\t\n        <ul>\n\t\t\t        <\/ul>\n    <\/div> \n","protected":false},"excerpt":{"rendered":"<p>Avrupa&#8217;da, Kuzey Fransa&#8216;n\u0131n\u00a0Normandiya\u00a0b\u00f6lgesi k\u0131y\u0131lar\u0131nda bulunan Kanal Adalar\u0131&#8217;n\u0131n ikinci b\u00fcy\u00fck adas\u0131 olan\u00a0Guernsey, \u0130kinci D\u00fcnya Sava\u015f\u0131 d\u00f6neminde Alman askeri birlikleri taraf\u0131ndan i\u015fgal edilen tek\u00a0\u0130ngiliz topra\u011f\u0131 olarak biliniyor. \u00dcnl\u00fc Frans\u0131z yazar\u00a0Victor Hugo&#8217;nun da 1856 ve 1870 y\u0131llar\u0131 aras\u0131nda s\u00fcrg\u00fcn hayat\u0131n\u0131 ge\u00e7irdi\u011fi bu ada \u00fclkesi, dar sokaklar\u0131, birbirinden ilgin\u00e7 eser ve e\u015fyalar\u0131n sergilendi\u011fi m\u00fczeleri, tarihi yap\u0131lar\u0131 ve d\u00fcnya mutfaklar\u0131n\u0131 [&hellip;]<\/p>\n","protected":false},"author":14,"featured_media":11258,"comment_status":"open","ping_status":"open","sticky":false,"template":"","format":"standard","meta":{"rop_custom_images_group":[],"rop_custom_messages_group":[],"rop_publish_now":"initial","rop_publish_now_accounts":[],"rop_publish_now_history":[],"rop_publish_now_status":"pending","_cloudinary_featured_overwrite":false,"footnotes":""},"categories":[1458],"tags":[379,1457],"class_list":["post-10849","post","type-post","status-publish","format-standard","has-post-thumbnail","hentry","category-guernsey","tag-fransa","tag-guernsey"],"_links":{"self":[{"href":"https:\/\/www.turna.com\/blog\/wp-json\/wp\/v2\/posts\/10849","targetHints":{"allow":["GET"]}}],"collection":[{"href":"https:\/\/www.turna.com\/blog\/wp-json\/wp\/v2\/posts"}],"about":[{"href":"https:\/\/www.turna.com\/blog\/wp-json\/wp\/v2\/types\/post"}],"author":[{"embeddable":true,"href":"https:\/\/www.turna.com\/blog\/wp-json\/wp\/v2\/users\/14"}],"replies":[{"embeddable":true,"href":"https:\/\/www.turna.com\/blog\/wp-json\/wp\/v2\/comments?post=10849"}],"version-history":[{"count":0,"href":"https:\/\/www.turna.com\/blog\/wp-json\/wp\/v2\/posts\/10849\/revisions"}],"wp:featuredmedia":[{"embeddable":true,"href":"https:\/\/www.turna.com\/blog\/wp-json\/wp\/v2\/media\/11258"}],"wp:attachment":[{"href":"https:\/\/www.turna.com\/blog\/wp-json\/wp\/v2\/media?parent=10849"}],"wp:term":[{"taxonomy":"category","embeddable":true,"href":"https:\/\/www.turna.com\/blog\/wp-json\/wp\/v2\/categories?post=10849"},{"taxonomy":"post_tag","embeddable":true,"href":"https:\/\/www.turna.com\/blog\/wp-json\/wp\/v2\/tags?post=10849"}],"curies":[{"name":"wp","href":"https:\/\/api.w.org\/{rel}","templated":true}]}}