{"id":10841,"date":"2018-01-03T10:45:10","date_gmt":"2018-01-03T07:45:10","guid":{"rendered":"https:\/\/www.turna.com\/blog\/?p=10841"},"modified":"2024-01-11T16:32:48","modified_gmt":"2024-01-11T13:32:48","slug":"fiji-gezilecek-yerler","status":"publish","type":"post","link":"https:\/\/www.turna.com\/blog\/fiji-gezilecek-yerler","title":{"rendered":"Fiji Gezilecek Yerler: Fiji&#8217;de G\u00f6r\u00fclmesi Gereken 4 Yer"},"content":{"rendered":"<div id=\"ez-toc-container\" class=\"ez-toc-v2_0_82_2 counter-hierarchy ez-toc-counter ez-toc-black ez-toc-container-direction\">\n<div class=\"ez-toc-title-container\">\n<p class=\"ez-toc-title\" style=\"cursor:inherit\">\u0130\u00e7indekiler<\/p>\n<span class=\"ez-toc-title-toggle\"><a href=\"#\" class=\"ez-toc-pull-right ez-toc-btn ez-toc-btn-xs ez-toc-btn-default ez-toc-toggle\" aria-label=\"\u0130\u00e7indekiler Tablosunu A\u00e7\/Kapat\"><span class=\"ez-toc-js-icon-con\"><span class=\"\"><span class=\"eztoc-hide\" style=\"display:none;\">Toggle<\/span><span class=\"ez-toc-icon-toggle-span\"><svg style=\"fill: #ffffff;color:#ffffff\" xmlns=\"http:\/\/www.w3.org\/2000\/svg\" class=\"list-377408\" width=\"20px\" height=\"20px\" viewBox=\"0 0 24 24\" fill=\"none\"><path d=\"M6 6H4v2h2V6zm14 0H8v2h12V6zM4 11h2v2H4v-2zm16 0H8v2h12v-2zM4 16h2v2H4v-2zm16 0H8v2h12v-2z\" fill=\"currentColor\"><\/path><\/svg><svg style=\"fill: #ffffff;color:#ffffff\" class=\"arrow-unsorted-368013\" xmlns=\"http:\/\/www.w3.org\/2000\/svg\" width=\"10px\" height=\"10px\" viewBox=\"0 0 24 24\" version=\"1.2\" baseProfile=\"tiny\"><path d=\"M18.2 9.3l-6.2-6.3-6.2 6.3c-.2.2-.3.4-.3.7s.1.5.3.7c.2.2.4.3.7.3h11c.3 0 .5-.1.7-.3.2-.2.3-.5.3-.7s-.1-.5-.3-.7zM5.8 14.7l6.2 6.3 6.2-6.3c.2-.2.3-.5.3-.7s-.1-.5-.3-.7c-.2-.2-.4-.3-.7-.3h-11c-.3 0-.5.1-.7.3-.2.2-.3.5-.3.7s.1.5.3.7z\"\/><\/svg><\/span><\/span><\/span><\/a><\/span><\/div>\n<nav><ul class='ez-toc-list ez-toc-list-level-1 eztoc-toggle-hide-by-default' ><li class='ez-toc-page-1 ez-toc-heading-level-2'><a class=\"ez-toc-link ez-toc-heading-1\" href=\"https:\/\/www.turna.com\/blog\/fiji-gezilecek-yerler\/#fijide_gormeniz_gereken_4_yer\" >Fiji&#8217;de G\u00f6rmeniz Gereken 4 Yer<\/a><ul class='ez-toc-list-level-3' ><li class='ez-toc-heading-level-3'><a class=\"ez-toc-link ez-toc-heading-2\" href=\"https:\/\/www.turna.com\/blog\/fiji-gezilecek-yerler\/#1_viti_levu\" >1.\u00a0Viti Levu<\/a><\/li><li class='ez-toc-page-1 ez-toc-heading-level-3'><a class=\"ez-toc-link ez-toc-heading-3\" href=\"https:\/\/www.turna.com\/blog\/fiji-gezilecek-yerler\/#2_vanua_levu\" >2.\u00a0Vanua Levu<\/a><\/li><li class='ez-toc-page-1 ez-toc-heading-level-3'><a class=\"ez-toc-link ez-toc-heading-4\" href=\"https:\/\/www.turna.com\/blog\/fiji-gezilecek-yerler\/#3_kuata_adasi\" >3.\u00a0Kuata Adas\u0131<\/a><\/li><li class='ez-toc-page-1 ez-toc-heading-level-3'><a class=\"ez-toc-link ez-toc-heading-5\" href=\"https:\/\/www.turna.com\/blog\/fiji-gezilecek-yerler\/#4_waya_lailai_adasi\" >4.\u00a0Waya LaiLai Adas\u0131<\/a><\/li><\/ul><\/li><\/ul><\/nav><\/div>\n<p>Okyanusya&#8217;da Pasifik Okyanusunun g\u00fcneyinde yer alan 322 ada ve 522 adac\u0131\u011fa sahip bir ada \u00fclkesi olan <strong>Fiji<\/strong>, g\u00fcn\u00fcm\u00fczden 150 milyon y\u0131l \u00f6nce meydana gelen volkanik hareketler sonucunda olu\u015ftu. Resmi ad\u0131 Fiji Cumhuriyeti olan \u00fclkenin 215 adas\u0131nda ise \u0131ss\u0131z bir ya\u015fam hakim. T\u00fcrkiye Cumhuriyeti vatanda\u015flar\u0131ndan vize istemeyen bu \u00fclke, inci tanelerini and\u0131ran kumlar\u0131yla \u00fcnl\u00fc plajlar\u0131, muhte\u015fem manzaralar olu\u015fturan ya\u011fmur ormanlar\u0131 ve zengin sualt\u0131 ya\u015fam\u0131yla hayranl\u0131k uyand\u0131r\u0131yor. <strong>Suva<\/strong>,\u00a0Lautoka\u00a0ve\u00a0<a href=\"https:\/\/www.turna.com\/ucak-bileti\/nadi\" target=\"_blank\" rel=\"noopener noreferrer\"><strong>Nadi<\/strong><\/a> gibi \u015fehirlerinin yan\u0131 s\u0131ra\u00a0Viti Levu, Vanua Levu, Kuata ve\u00a0Waya LaiLai gibi adalar\u0131yla da g\u00f6z kama\u015ft\u0131ran Fiji, keyif ve huzur dolu bir tatil i\u00e7in en uygun adreslerden biri. \u0130\u015fte bu \u015fahane ada \u00fclkesinde gezip g\u00f6rmeniz gereken birbirinden g\u00fczel yerlerden baz\u0131lar\u0131.<\/p>\n<h2><span class=\"ez-toc-section\" id=\"fijide_gormeniz_gereken_4_yer\"><\/span><strong>Fiji&#8217;de G\u00f6rmeniz Gereken 4 Yer<\/strong><span class=\"ez-toc-section-end\"><\/span><\/h2>\n<h3><span class=\"ez-toc-section\" id=\"1_viti_levu\"><\/span><strong>1.\u00a0Viti Levu<\/strong><span class=\"ez-toc-section-end\"><\/span><\/h3>\n<p><img width=\"800\" height=\"500\" data-public-id=\"Viti-Levu_fzhbbt\/Viti-Levu_fzhbbt.jpg\" fetchpriority=\"high\" decoding=\"async\" class=\"alignnone wp-post-10841 wp-image-11233\" src=\"https:\/\/res.cloudinary.com\/turna\/images\/w_800,h_500,c_scale\/f_auto,q_auto:low\/v1515055657\/Viti-Levu_fzhbbt\/Viti-Levu_fzhbbt.jpg?_i=AA\" data-format=\"jpg\" data-transformations=\"f_auto,q_auto:low\" data-version=\"1515055657\" data-seo=\"1\" srcset=\"https:\/\/res.cloudinary.com\/turna\/images\/f_auto,q_auto:low\/v1515055657\/Viti-Levu_fzhbbt\/Viti-Levu_fzhbbt.jpg?_i=AA 800w, https:\/\/res.cloudinary.com\/turna\/images\/w_300,h_188,c_scale\/f_auto,q_auto:low\/v1515055657\/Viti-Levu_fzhbbt\/Viti-Levu_fzhbbt.jpg?_i=AA 300w, https:\/\/res.cloudinary.com\/turna\/images\/w_672,h_420,c_scale\/f_auto,q_auto:low\/v1515055657\/Viti-Levu_fzhbbt\/Viti-Levu_fzhbbt.jpg?_i=AA 672w, https:\/\/res.cloudinary.com\/turna\/images\/w_640,h_400,c_scale\/f_auto,q_auto:low\/v1515055657\/Viti-Levu_fzhbbt\/Viti-Levu_fzhbbt.jpg?_i=AA 640w, https:\/\/res.cloudinary.com\/turna\/images\/w_681,h_426,c_scale\/f_auto,q_auto:low\/v1515055657\/Viti-Levu_fzhbbt\/Viti-Levu_fzhbbt.jpg?_i=AA 681w\" sizes=\"(max-width: 800px) 100vw, 800px\" \/><\/p>\n<p>Fiji&#8217;nin en b\u00fcy\u00fck adas\u0131 olan\u00a0<strong>Viti Levu<\/strong>, \u00fclkenin en hareketli ve kalabal\u0131k tatil yerlerinden. Ba\u015fkent Suva&#8217;n\u0131n da \u00fczerinde yer ald\u0131\u011f\u0131 bu adada yakla\u015f\u0131k 600 bin ki\u015fi ya\u015f\u0131yor. 10 bin 389 kilometrekare y\u00fcz\u00f6l\u00e7\u00fcm\u00fc bulunan adada;\u00a0Fiji Museum,\u00a0Thurston Gardens,\u00a0Colo-i-Suva Forest Reserve,\u00a0Mount Tomanivi, Albert Park,\u00a0Sacred Heart Cathedral ve\u00a0Sukuna Park gibi pek \u00e7ok turistik yer g\u00f6rebilirsiniz.<\/p>\n<h3><span class=\"ez-toc-section\" id=\"2_vanua_levu\"><\/span><strong>2.\u00a0Vanua Levu<\/strong><span class=\"ez-toc-section-end\"><\/span><\/h3>\n<p>Eskiden Sandalwood Adas\u0131 ismiyle bilinen <strong>Vanua Levu Adas\u0131<\/strong>, \u00fclkenin en b\u00fcy\u00fck ikinci adas\u0131 konumunda. Dal\u0131\u015f merakl\u0131lar\u0131 i\u00e7in olduk\u00e7a cezbedici noktalara sahip olan ada, \u00fclkeye gelen turistlerin u\u011frak ziyaret adreslerinden.\u00a0Labasa,\u00a0Savusavu ve\u00a0Nabouwalu \u015fehirleriyle yakla\u015f\u0131k 136 bin ki\u015filik bir n\u00fcfus bar\u0131nd\u0131ran ada, do\u011fal g\u00fczellikleri ve huzur dolu ortam\u0131yla ilgi \u00e7ekiyor.<\/p>\n<h3><span class=\"ez-toc-section\" id=\"3_kuata_adasi\"><\/span><strong>3.\u00a0Kuata Adas\u0131<\/strong><span class=\"ez-toc-section-end\"><\/span><\/h3>\n<p><img width=\"800\" height=\"500\" data-public-id=\"Kuata_bcyqqj\/Kuata_bcyqqj.jpg\" decoding=\"async\" class=\"alignnone wp-post-10841 wp-image-11232\" src=\"https:\/\/res.cloudinary.com\/turna\/images\/w_800,h_500,c_scale\/f_auto,q_auto:low\/v1515055645\/Kuata_bcyqqj\/Kuata_bcyqqj.jpg?_i=AA\" data-format=\"jpg\" data-transformations=\"f_auto,q_auto:low\" data-version=\"1515055645\" data-seo=\"1\" srcset=\"https:\/\/res.cloudinary.com\/turna\/images\/f_auto,q_auto:low\/v1515055645\/Kuata_bcyqqj\/Kuata_bcyqqj.jpg?_i=AA 800w, https:\/\/res.cloudinary.com\/turna\/images\/w_300,h_188,c_scale\/f_auto,q_auto:low\/v1515055645\/Kuata_bcyqqj\/Kuata_bcyqqj.jpg?_i=AA 300w, https:\/\/res.cloudinary.com\/turna\/images\/w_672,h_420,c_scale\/f_auto,q_auto:low\/v1515055645\/Kuata_bcyqqj\/Kuata_bcyqqj.jpg?_i=AA 672w, https:\/\/res.cloudinary.com\/turna\/images\/w_640,h_400,c_scale\/f_auto,q_auto:low\/v1515055645\/Kuata_bcyqqj\/Kuata_bcyqqj.jpg?_i=AA 640w, https:\/\/res.cloudinary.com\/turna\/images\/w_681,h_426,c_scale\/f_auto,q_auto:low\/v1515055645\/Kuata_bcyqqj\/Kuata_bcyqqj.jpg?_i=AA 681w\" sizes=\"(max-width: 800px) 100vw, 800px\" \/><\/p>\n<p>Deniz canl\u0131lar\u0131 ve deniz kabuklar\u0131n\u0131 g\u00f6rebilece\u011finiz berrak sular\u0131n\u0131n yan\u0131 s\u0131ra unutulmaz anlar ya\u015faman\u0131z\u0131 sa\u011flayan nefis g\u00fcnbat\u0131m\u0131 manzaras\u0131yla da b\u00fcy\u00fcleyen <strong>Kuata Adas\u0131<\/strong>nda pek \u00e7ok dal\u0131\u015f b\u00f6lgesi de bulunuyor. Teknelerle ula\u015f\u0131labilen bu b\u00f6lgelerde dal\u0131\u015f yaparak, k\u00f6pekbal\u0131klar\u0131, rengarenk bal\u0131k t\u00fcrleri ve mercanlarla dolu kocaman bir akvaryumda y\u00fczme deneyimi ya\u015fayabilirsiniz.<\/p>\n<h3><span class=\"ez-toc-section\" id=\"4_waya_lailai_adasi\"><\/span><strong>4.\u00a0Waya LaiLai Adas\u0131<\/strong><span class=\"ez-toc-section-end\"><\/span><\/h3>\n<p><img width=\"800\" height=\"500\" data-public-id=\"Waya-LaiLai_ado6sg\/Waya-LaiLai_ado6sg.jpg\" decoding=\"async\" class=\"alignnone wp-post-10841 wp-image-11231\" src=\"https:\/\/res.cloudinary.com\/turna\/images\/w_800,h_500,c_scale\/f_auto,q_auto\/f_auto,q_auto:low\/v1515055630\/Waya-LaiLai_ado6sg\/Waya-LaiLai_ado6sg.jpg?_i=AA\" data-format=\"jpg\" data-transformations=\"f_auto,q_auto\/f_auto,q_auto:low\" data-version=\"1515055630\" data-seo=\"1\" srcset=\"https:\/\/res.cloudinary.com\/turna\/images\/f_auto,q_auto\/f_auto,q_auto\/f_auto,q_auto:low\/v1515055630\/Waya-LaiLai_ado6sg\/Waya-LaiLai_ado6sg.jpg?_i=AA 800w, https:\/\/res.cloudinary.com\/turna\/images\/w_300,h_188,c_scale\/f_auto,q_auto\/f_auto,q_auto\/f_auto,q_auto:low\/v1515055630\/Waya-LaiLai_ado6sg\/Waya-LaiLai_ado6sg.jpg?_i=AA 300w, https:\/\/res.cloudinary.com\/turna\/images\/w_672,h_420,c_scale\/f_auto,q_auto\/f_auto,q_auto\/f_auto,q_auto:low\/v1515055630\/Waya-LaiLai_ado6sg\/Waya-LaiLai_ado6sg.jpg?_i=AA 672w, https:\/\/res.cloudinary.com\/turna\/images\/w_640,h_400,c_scale\/f_auto,q_auto\/f_auto,q_auto\/f_auto,q_auto:low\/v1515055630\/Waya-LaiLai_ado6sg\/Waya-LaiLai_ado6sg.jpg?_i=AA 640w, https:\/\/res.cloudinary.com\/turna\/images\/w_681,h_426,c_scale\/f_auto,q_auto\/f_auto,q_auto\/f_auto,q_auto:low\/v1515055630\/Waya-LaiLai_ado6sg\/Waya-LaiLai_ado6sg.jpg?_i=AA 681w\" sizes=\"(max-width: 800px) 100vw, 800px\" \/><\/p>\n<p>Fiji yerlilerinin ya\u015fam alanlar\u0131 aras\u0131nda bulunan Naboro k\u00f6y\u00fcyle bilinen <strong>Waya LaiLai Adas\u0131<\/strong>, \u00fclkenin en pop\u00fcler ziyaret noktalar\u0131ndan biri.\u00a0Waya LaiLai Adas\u0131,\u00a0Yasawa Adalar\u0131 grubuna ba\u011fl\u0131. Ekonomik ya\u015fant\u0131s\u0131yla s\u0131rt \u00e7antal\u0131 gezginler i\u00e7in de olduk\u00e7a ideal bir tatil noktas\u0131 olan ada, \u00fclkedeki yerel ya\u015fam\u0131 ve egzotik atmosferi ke\u015ffetmek isteyenleri cezbediyor. Adan\u0131n g\u00fclery\u00fczl\u00fc ve s\u0131cakkanl\u0131 insanlar\u0131 ise bu ortam\u0131 daha da renklendiriyor.<\/p>\n<p>E\u015fsiz g\u00fczellikteki manzaralar\u0131, bakir do\u011fas\u0131 ve berrak sulara sahip plajlar\u0131yla nefes kesen bu \u00fclkeyi ziyaret etmek i\u00e7in <strong><a href=\"https:\/\/www.turna.com\/ucak-bileti\/fiji\" target=\"_blank\" rel=\"noopener noreferrer\">Fiji u\u00e7ak bileti<\/a><\/strong> kampanyalar\u0131na g\u00f6z atabilirsiniz.<\/p>\n\n\n<p><strong>NOT:<\/strong> <strong><a aria-label=\"Fiji vizesi (yeni sekmede a\u00e7\u0131l\u0131r)\" href=\"https:\/\/www.turna.com\/sikca-sorulan-sorular\/fiji-vizesi\" target=\"_blank\" rel=\"noreferrer noopener\">Fiji vizesi<\/a><\/strong> hakk\u0131nda detayl\u0131 bilgilere de Turna.com \u00fczerinden ula\u015fabilirsiniz.                                           <\/p>\n\n    <div class=\"xs_social_share_widget xs_share_url after_content \t\tmain_content  wslu-style-1 wslu-share-box-shaped wslu-fill-colored wslu-none wslu-share-horizontal wslu-theme-font-no wslu-main_content\">\n\n\t\t\n        <ul>\n\t\t\t        <\/ul>\n    <\/div> \n","protected":false},"excerpt":{"rendered":"<p>Okyanusya&#8217;da Pasifik Okyanusunun g\u00fcneyinde yer alan 322 ada ve 522 adac\u0131\u011fa sahip bir ada \u00fclkesi olan Fiji, g\u00fcn\u00fcm\u00fczden 150 milyon y\u0131l \u00f6nce meydana gelen volkanik hareketler sonucunda olu\u015ftu. Resmi ad\u0131 Fiji Cumhuriyeti olan \u00fclkenin 215 adas\u0131nda ise \u0131ss\u0131z bir ya\u015fam hakim. T\u00fcrkiye Cumhuriyeti vatanda\u015flar\u0131ndan vize istemeyen bu \u00fclke, inci tanelerini and\u0131ran kumlar\u0131yla \u00fcnl\u00fc plajlar\u0131, muhte\u015fem [&hellip;]<\/p>\n","protected":false},"author":29,"featured_media":11231,"comment_status":"open","ping_status":"open","sticky":false,"template":"","format":"standard","meta":{"rop_custom_images_group":[],"rop_custom_messages_group":[],"rop_publish_now":"initial","rop_publish_now_accounts":[],"rop_publish_now_history":[],"rop_publish_now_status":"pending","_cloudinary_featured_overwrite":false,"footnotes":""},"categories":[1451],"tags":[866,1453,1454,1452],"class_list":["post-10841","post","type-post","status-publish","format-standard","has-post-thumbnail","hentry","category-fiji","tag-fiji","tag-lautoka","tag-nadi","tag-suva"],"_links":{"self":[{"href":"https:\/\/www.turna.com\/blog\/wp-json\/wp\/v2\/posts\/10841","targetHints":{"allow":["GET"]}}],"collection":[{"href":"https:\/\/www.turna.com\/blog\/wp-json\/wp\/v2\/posts"}],"about":[{"href":"https:\/\/www.turna.com\/blog\/wp-json\/wp\/v2\/types\/post"}],"author":[{"embeddable":true,"href":"https:\/\/www.turna.com\/blog\/wp-json\/wp\/v2\/users\/29"}],"replies":[{"embeddable":true,"href":"https:\/\/www.turna.com\/blog\/wp-json\/wp\/v2\/comments?post=10841"}],"version-history":[{"count":0,"href":"https:\/\/www.turna.com\/blog\/wp-json\/wp\/v2\/posts\/10841\/revisions"}],"wp:featuredmedia":[{"embeddable":true,"href":"https:\/\/www.turna.com\/blog\/wp-json\/wp\/v2\/media\/11231"}],"wp:attachment":[{"href":"https:\/\/www.turna.com\/blog\/wp-json\/wp\/v2\/media?parent=10841"}],"wp:term":[{"taxonomy":"category","embeddable":true,"href":"https:\/\/www.turna.com\/blog\/wp-json\/wp\/v2\/categories?post=10841"},{"taxonomy":"post_tag","embeddable":true,"href":"https:\/\/www.turna.com\/blog\/wp-json\/wp\/v2\/tags?post=10841"}],"curies":[{"name":"wp","href":"https:\/\/api.w.org\/{rel}","templated":true}]}}