{"id":10818,"date":"2018-01-21T21:19:16","date_gmt":"2018-01-21T19:19:16","guid":{"rendered":"https:\/\/www.turna.com\/blog\/?p=10818"},"modified":"2019-10-21T15:55:03","modified_gmt":"2019-10-21T12:55:03","slug":"curacao-gezilecek-yerler","status":"publish","type":"post","link":"https:\/\/www.turna.com\/blog\/curacao-gezilecek-yerler","title":{"rendered":"Cura\u00e7ao Gezilecek Yerler: Cura\u00e7ao&#8217;da G\u00f6r\u00fclmesi Gereken 5 Yer"},"content":{"rendered":"<div id=\"ez-toc-container\" class=\"ez-toc-v2_0_82_2 counter-hierarchy ez-toc-counter ez-toc-black ez-toc-container-direction\">\n<div class=\"ez-toc-title-container\">\n<p class=\"ez-toc-title\" style=\"cursor:inherit\">\u0130\u00e7indekiler<\/p>\n<span class=\"ez-toc-title-toggle\"><a href=\"#\" class=\"ez-toc-pull-right ez-toc-btn ez-toc-btn-xs ez-toc-btn-default ez-toc-toggle\" aria-label=\"\u0130\u00e7indekiler Tablosunu A\u00e7\/Kapat\"><span class=\"ez-toc-js-icon-con\"><span class=\"\"><span class=\"eztoc-hide\" style=\"display:none;\">Toggle<\/span><span class=\"ez-toc-icon-toggle-span\"><svg style=\"fill: #ffffff;color:#ffffff\" xmlns=\"http:\/\/www.w3.org\/2000\/svg\" class=\"list-377408\" width=\"20px\" height=\"20px\" viewBox=\"0 0 24 24\" fill=\"none\"><path d=\"M6 6H4v2h2V6zm14 0H8v2h12V6zM4 11h2v2H4v-2zm16 0H8v2h12v-2zM4 16h2v2H4v-2zm16 0H8v2h12v-2z\" fill=\"currentColor\"><\/path><\/svg><svg style=\"fill: #ffffff;color:#ffffff\" class=\"arrow-unsorted-368013\" xmlns=\"http:\/\/www.w3.org\/2000\/svg\" width=\"10px\" height=\"10px\" viewBox=\"0 0 24 24\" version=\"1.2\" baseProfile=\"tiny\"><path d=\"M18.2 9.3l-6.2-6.3-6.2 6.3c-.2.2-.3.4-.3.7s.1.5.3.7c.2.2.4.3.7.3h11c.3 0 .5-.1.7-.3.2-.2.3-.5.3-.7s-.1-.5-.3-.7zM5.8 14.7l6.2 6.3 6.2-6.3c.2-.2.3-.5.3-.7s-.1-.5-.3-.7c-.2-.2-.4-.3-.7-.3h-11c-.3 0-.5.1-.7.3-.2.2-.3.5-.3.7s.1.5.3.7z\"\/><\/svg><\/span><\/span><\/span><\/a><\/span><\/div>\n<nav><ul class='ez-toc-list ez-toc-list-level-1 eztoc-toggle-hide-by-default' ><li class='ez-toc-page-1 ez-toc-heading-level-2'><a class=\"ez-toc-link ez-toc-heading-1\" href=\"https:\/\/www.turna.com\/blog\/curacao-gezilecek-yerler\/#curacaoda_gorebileceginiz_5_yer\" >Cura\u00e7ao&#8217;da G\u00f6rebilece\u011finiz 5 Yer<\/a><ul class='ez-toc-list-level-3' ><li class='ez-toc-heading-level-3'><a class=\"ez-toc-link ez-toc-heading-2\" href=\"https:\/\/www.turna.com\/blog\/curacao-gezilecek-yerler\/#1_willemstad\" >1. Willemstad<\/a><\/li><li class='ez-toc-page-1 ez-toc-heading-level-3'><a class=\"ez-toc-link ez-toc-heading-3\" href=\"https:\/\/www.turna.com\/blog\/curacao-gezilecek-yerler\/#2_curacao_sualti_parki\" >2. Cura\u00e7ao Sualt\u0131 Park\u0131<\/a><\/li><li class='ez-toc-page-1 ez-toc-heading-level-3'><a class=\"ez-toc-link ez-toc-heading-4\" href=\"https:\/\/www.turna.com\/blog\/curacao-gezilecek-yerler\/#3_curacao_sea_aquarium\" >3. Curacao Sea Aquarium<\/a><\/li><li class='ez-toc-page-1 ez-toc-heading-level-3'><a class=\"ez-toc-link ez-toc-heading-5\" href=\"https:\/\/www.turna.com\/blog\/curacao-gezilecek-yerler\/#4_christoffel_park\" >4. Christoffel Park<\/a><\/li><li class='ez-toc-page-1 ez-toc-heading-level-3'><a class=\"ez-toc-link ez-toc-heading-6\" href=\"https:\/\/www.turna.com\/blog\/curacao-gezilecek-yerler\/#5_plajlar\" >5. Plajlar<\/a><\/li><\/ul><\/li><\/ul><\/nav><\/div>\n<p><a href=\"https:\/\/www.turna.com\/blog\/ulkeler\/guney-amerika\" target=\"_blank\" rel=\"noopener noreferrer\"><strong>G\u00fcney Amerika<\/strong><\/a>&#8216;da Hollanda Krall\u0131\u011f\u0131&#8217;n\u0131 meydana getiren d\u00f6rt \u00fclkeden biri olan <strong>Cura\u00e7ao<\/strong>, yakla\u015f\u0131k 160 bin ki\u015finin ya\u015fad\u0131\u011f\u0131 bir ada \u00fclkesi. G\u00fcn\u00fcm\u00fczde b\u00f6lgenin \u00f6nemli ve etkileyici turizm destinasyonlar\u0131 aras\u0131nda yer alan bu \u00fclke, 444 kilometrekare y\u00fcz\u00f6l\u00e7\u00fcm\u00fcne sahip. Karayip Denizi\u2019nin g\u00fcneyinde konumlanan Cura\u00e7ao Adas\u0131, <a href=\"https:\/\/www.turna.com\/blog\/ulkeler\/avrupa\/hollanda\" target=\"_blank\" rel=\"noopener noreferrer\"><strong>Hollanda<\/strong><\/a> mimarisinin izlerini ta\u015f\u0131yan yap\u0131lar\u0131yla b\u00f6lgenin \u2018K\u00fc\u00e7\u00fck Amsterdam\u2019\u0131 olarak da an\u0131l\u0131yor. Enfes do\u011fal g\u00fczellikleri, \u015fahane plajlar\u0131 ve g\u00f6z al\u0131c\u0131 mimarisiyle cennetten bir k\u00f6\u015feyi and\u0131ran bu ada \u00fclkesi, ayn\u0131 zamanda dal\u0131\u015f tutkunlar\u0131 i\u00e7in de muhte\u015fem bir adres. Karayipler\u2019in en sa\u011fl\u0131kl\u0131 mercanlar\u0131n\u0131 g\u00f6rebilece\u011finiz ada, y\u0131l\u0131n her d\u00f6nemi dal\u0131\u015f i\u00e7in elveri\u015fli.<\/p>\n<h2><span class=\"ez-toc-section\" id=\"curacaoda_gorebileceginiz_5_yer\"><\/span><strong>Cura\u00e7ao&#8217;da G\u00f6rebilece\u011finiz 5 Yer<\/strong><span class=\"ez-toc-section-end\"><\/span><\/h2>\n<h3><span class=\"ez-toc-section\" id=\"1_willemstad\"><\/span><strong>1. Willemstad<\/strong><span class=\"ez-toc-section-end\"><\/span><\/h3>\n<p><img width=\"800\" height=\"500\" data-public-id=\"Willemstad_ajjdis\/Willemstad_ajjdis.jpg\" fetchpriority=\"high\" decoding=\"async\" class=\"alignnone wp-post-10818 wp-image-11435\" src=\"https:\/\/res.cloudinary.com\/turna\/images\/w_800,h_500,c_scale\/f_auto,q_auto:low\/v1516648948\/Willemstad_ajjdis\/Willemstad_ajjdis.jpg?_i=AA\" data-format=\"jpg\" data-transformations=\"f_auto,q_auto:low\" data-version=\"1516648948\" data-seo=\"1\" \/><\/p>\n<p>\u00dclkenin ba\u015fkenti olan ve Punda ile Otrabanda olmak \u00fczere iki b\u00f6l\u00fcmden olu\u015fan <strong>Willemstad<\/strong>, rengarenk bir \u015fehir ya\u015fam\u0131na sahip. Kumarhaneleri, vergisiz al\u0131\u015fveri\u015f keyfi ya\u015fayabilece\u011finiz d\u00fckkanlar\u0131, g\u00f6kku\u015fa\u011f\u0131n\u0131 and\u0131ran renkleriyle g\u00f6z alan Hollanda tipi evleri ve do\u011fal liman\u0131 ile UNESCO D\u00fcnya Miras\u0131 Listesi\u2019ne al\u0131nan \u015fehir merkezi, k\u00fclt\u00fcr gezilerini sevenler i\u00e7in birbirinden ho\u015f m\u00fczeler de bar\u0131nd\u0131r\u0131yor.<\/p>\n<h3><span class=\"ez-toc-section\" id=\"2_curacao_sualti_parki\"><\/span><strong>2. Cura\u00e7ao Sualt\u0131 Park\u0131<\/strong><span class=\"ez-toc-section-end\"><\/span><\/h3>\n<p>B\u00fcy\u00fcleyici sualt\u0131 ya\u015fam\u0131yla y\u0131l\u0131n her mevsimi b\u00f6lgeye gelen dal\u0131\u015f tutkunlar\u0131n\u0131 a\u011f\u0131rlayan adada, sualt\u0131ndaki g\u00f6r\u00fc\u015f mesafesi 30 metreye dek uzan\u0131yor. Ortalama 25-28 derece s\u0131cakl\u0131\u011f\u0131ndaki sularda mercanlar ve bal\u0131k t\u00fcrleri aras\u0131nda unutulmaz dakikalar ge\u00e7irebilirsiniz. curacao<strong>\u00a0Sualt\u0131 Park\u0131<\/strong> da adada dal\u0131\u015f yap\u0131lan en \u00fcnl\u00fc yerlerden biri. Ayr\u0131ca Tugboat at Caracasbaii, Mushroom Forest, The Superior Producer, House Reef at Habitat Cura\u00e7ao ve Hell\u2019s Corner da dal\u0131\u015f i\u00e7in tercih edilebilir.<\/p>\n<h3><span class=\"ez-toc-section\" id=\"3_curacao_sea_aquarium\"><\/span><strong>3. Curacao Sea Aquarium<\/strong><span class=\"ez-toc-section-end\"><\/span><\/h3>\n<p><img width=\"800\" height=\"500\" data-public-id=\"Curacao-Sea-Aquarium_rdimnb\/Curacao-Sea-Aquarium_rdimnb.jpg\" decoding=\"async\" class=\"alignnone wp-post-10818 wp-image-11434\" src=\"https:\/\/res.cloudinary.com\/turna\/images\/w_800,h_500,c_scale\/f_auto,q_auto:low\/v1516648932\/Curacao-Sea-Aquarium_rdimnb\/Curacao-Sea-Aquarium_rdimnb.jpg?_i=AA\" data-format=\"jpg\" data-transformations=\"f_auto,q_auto:low\" data-version=\"1516648932\" data-seo=\"1\" \/><\/p>\n<p><strong>Curacao Sea Aquarium<\/strong>, 400\u2019den fazla deniz canl\u0131s\u0131n\u0131 g\u00f6rebilece\u011finiz devasa bir akvaryum. Yunuslar, deniz aslanlar\u0131 ve \u00e7e\u015fitli bal\u0131k t\u00fcrleri aras\u0131nda dal\u0131\u015f yapma imkan\u0131 da sunulan bu akvaryum, \u00e7ocuklu aileler i\u00e7in de keyifli bir ziyaret noktas\u0131 olabilir. E\u011fer adadaki sualt\u0131 ya\u015fam\u0131n\u0131 merak ediyor ama dal\u0131\u015f yapmaya korkuyorsan\u0131z buraya u\u011frayarak deniz canl\u0131lar\u0131yla tan\u0131\u015fabilirsiniz.<\/p>\n<h3><span class=\"ez-toc-section\" id=\"4_christoffel_park\"><\/span><strong>4. Christoffel Park<\/strong><span class=\"ez-toc-section-end\"><\/span><\/h3>\n<p>Willemstad \u015fehrine 45 dakika uzakl\u0131ktaki bir do\u011fal koruma alan\u0131 olan <strong>Christoffel Park<\/strong>, kumsallardan ve \u015fehir ya\u015fam\u0131ndan uzakla\u015f\u0131p, kendinizi do\u011fan\u0131n kollar\u0131na atabilece\u011finiz bir yer. \u0130\u00e7inde \u00e7ok say\u0131da kakt\u00fcs bulunan bu parkta adan\u0131n yerel halk\u0131 olan Arawaklardan kalma \u00e7izimlerin yer ald\u0131\u011f\u0131 ma\u011faralar\u0131 dola\u015fma \u015fans\u0131n\u0131z da var.<\/p>\n<h3><span class=\"ez-toc-section\" id=\"5_plajlar\"><\/span><strong>5. Plajlar<\/strong><span class=\"ez-toc-section-end\"><\/span><\/h3>\n<p><img width=\"800\" height=\"500\" data-public-id=\"Barbara-Beach-_loefei\/Barbara-Beach-_loefei.jpg\" decoding=\"async\" class=\"alignnone wp-post-10818 wp-image-11432\" src=\"https:\/\/res.cloudinary.com\/turna\/images\/w_800,h_500,c_scale\/f_auto,q_auto\/f_auto,q_auto:low\/v1516648917\/Barbara-Beach-_loefei\/Barbara-Beach-_loefei.jpg?_i=AA\" data-format=\"jpg\" data-transformations=\"f_auto,q_auto\/f_auto,q_auto:low\" data-version=\"1516648917\" data-seo=\"1\" \/><\/p>\n<p>Halk plajlar\u0131 oldu\u011fu gibi \u00fccretli giri\u015f yap\u0131lan plajlar\u0131 da bulunan adan\u0131n en \u00fcnl\u00fc plajlar\u0131 ise Cas Abao, Jeremi, Knip Beach, Daaibooi, Barbara Beach ve Kalki. Berrak ve masmavi sular\u0131yla nefes kesen bu plajlar\u0131n baz\u0131lar\u0131nda deniz kestaneleri olabiliyor. Bu nedenle yan\u0131n\u0131za deniz ayakkab\u0131n\u0131z\u0131 alman\u0131z faydal\u0131 olabilir. \u015enorkelle dal\u0131\u015f da yap\u0131labilen bu plajlarda muhte\u015fem zamanlar ge\u00e7irebilirsiniz.<\/p>\n<p>T\u00fcrkiye\u2019den <a href=\"https:\/\/www.turna.com\/ucak-bileti\/amsterdam\" target=\"_blank\" rel=\"noopener noreferrer\"><strong>Amsterdam<\/strong><\/a> aktarmal\u0131 u\u00e7u\u015flarla ula\u015f\u0131m yap\u0131labilen Cura\u00e7ao, hem zengin sualt\u0131 ya\u015fam\u0131 hem de yery\u00fcz\u00fc g\u00fczellikleriyle akl\u0131n\u0131z\u0131 ba\u015f\u0131n\u0131zdan alabilecek bir co\u011frafya. E\u011fer siz de bu \u015fahane yerleri daha yak\u0131ndan g\u00f6rmek ve unutulmaz seyahat an\u0131lar\u0131 biriktirmek istiyorsan\u0131z,\u00a0<strong><a href=\"https:\/\/www.turna.com\/ucak-bileti\/curacao\" target=\"_blank\" rel=\"noopener noreferrer\">Cura\u00e7ao u\u00e7ak bileti<\/a><\/strong> kampanyalar\u0131na g\u00f6z atabilirsiniz.<\/p>\n\n    <div class=\"xs_social_share_widget xs_share_url after_content \t\tmain_content  wslu-style-1 wslu-share-box-shaped wslu-fill-colored wslu-none wslu-share-horizontal wslu-theme-font-no wslu-main_content\">\n\n\t\t\n        <ul>\n\t\t\t        <\/ul>\n    <\/div> \n","protected":false},"excerpt":{"rendered":"<p>G\u00fcney Amerika&#8216;da Hollanda Krall\u0131\u011f\u0131&#8217;n\u0131 meydana getiren d\u00f6rt \u00fclkeden biri olan Cura\u00e7ao, yakla\u015f\u0131k 160 bin ki\u015finin ya\u015fad\u0131\u011f\u0131 bir ada \u00fclkesi. G\u00fcn\u00fcm\u00fczde b\u00f6lgenin \u00f6nemli ve etkileyici turizm destinasyonlar\u0131 aras\u0131nda yer alan bu \u00fclke, 444 kilometrekare y\u00fcz\u00f6l\u00e7\u00fcm\u00fcne sahip. Karayip Denizi\u2019nin g\u00fcneyinde konumlanan Cura\u00e7ao Adas\u0131, Hollanda mimarisinin izlerini ta\u015f\u0131yan yap\u0131lar\u0131yla b\u00f6lgenin \u2018K\u00fc\u00e7\u00fck Amsterdam\u2019\u0131 olarak da an\u0131l\u0131yor. Enfes do\u011fal g\u00fczellikleri, [&hellip;]<\/p>\n","protected":false},"author":29,"featured_media":11432,"comment_status":"open","ping_status":"open","sticky":false,"template":"","format":"standard","meta":{"rop_custom_images_group":[],"rop_custom_messages_group":[],"rop_publish_now":"initial","rop_publish_now_accounts":[],"rop_publish_now_history":[],"rop_publish_now_status":"pending","_cloudinary_featured_overwrite":false,"footnotes":""},"categories":[1514],"tags":[1341,1515],"class_list":["post-10818","post","type-post","status-publish","format-standard","has-post-thumbnail","hentry","category-curacao","tag-curacao","tag-willemstad"],"_links":{"self":[{"href":"https:\/\/www.turna.com\/blog\/wp-json\/wp\/v2\/posts\/10818","targetHints":{"allow":["GET"]}}],"collection":[{"href":"https:\/\/www.turna.com\/blog\/wp-json\/wp\/v2\/posts"}],"about":[{"href":"https:\/\/www.turna.com\/blog\/wp-json\/wp\/v2\/types\/post"}],"author":[{"embeddable":true,"href":"https:\/\/www.turna.com\/blog\/wp-json\/wp\/v2\/users\/29"}],"replies":[{"embeddable":true,"href":"https:\/\/www.turna.com\/blog\/wp-json\/wp\/v2\/comments?post=10818"}],"version-history":[{"count":0,"href":"https:\/\/www.turna.com\/blog\/wp-json\/wp\/v2\/posts\/10818\/revisions"}],"wp:featuredmedia":[{"embeddable":true,"href":"https:\/\/www.turna.com\/blog\/wp-json\/wp\/v2\/media\/11432"}],"wp:attachment":[{"href":"https:\/\/www.turna.com\/blog\/wp-json\/wp\/v2\/media?parent=10818"}],"wp:term":[{"taxonomy":"category","embeddable":true,"href":"https:\/\/www.turna.com\/blog\/wp-json\/wp\/v2\/categories?post=10818"},{"taxonomy":"post_tag","embeddable":true,"href":"https:\/\/www.turna.com\/blog\/wp-json\/wp\/v2\/tags?post=10818"}],"curies":[{"name":"wp","href":"https:\/\/api.w.org\/{rel}","templated":true}]}}