{"id":10809,"date":"2025-07-18T10:56:36","date_gmt":"2025-07-18T07:56:36","guid":{"rendered":"https:\/\/www.turna.com\/blog\/?p=10809"},"modified":"2025-07-18T13:57:18","modified_gmt":"2025-07-18T10:57:18","slug":"kolombiya-gezilecek-yerler","status":"publish","type":"post","link":"https:\/\/www.turna.com\/blog\/kolombiya-gezilecek-yerler","title":{"rendered":"Kolombiya Gezilecek Yerler: Kolombiya&#8217;da G\u00f6r\u00fclmesi Gereken 10 Yer"},"content":{"rendered":"<div id=\"ez-toc-container\" class=\"ez-toc-v2_0_82_2 counter-hierarchy ez-toc-counter ez-toc-black ez-toc-container-direction\">\n<div class=\"ez-toc-title-container\">\n<p class=\"ez-toc-title\" style=\"cursor:inherit\">\u0130\u00e7indekiler<\/p>\n<span class=\"ez-toc-title-toggle\"><a href=\"#\" class=\"ez-toc-pull-right ez-toc-btn ez-toc-btn-xs ez-toc-btn-default ez-toc-toggle\" aria-label=\"\u0130\u00e7indekiler Tablosunu A\u00e7\/Kapat\"><span class=\"ez-toc-js-icon-con\"><span class=\"\"><span class=\"eztoc-hide\" style=\"display:none;\">Toggle<\/span><span class=\"ez-toc-icon-toggle-span\"><svg style=\"fill: #ffffff;color:#ffffff\" xmlns=\"http:\/\/www.w3.org\/2000\/svg\" class=\"list-377408\" width=\"20px\" height=\"20px\" viewBox=\"0 0 24 24\" fill=\"none\"><path d=\"M6 6H4v2h2V6zm14 0H8v2h12V6zM4 11h2v2H4v-2zm16 0H8v2h12v-2zM4 16h2v2H4v-2zm16 0H8v2h12v-2z\" fill=\"currentColor\"><\/path><\/svg><svg style=\"fill: #ffffff;color:#ffffff\" class=\"arrow-unsorted-368013\" xmlns=\"http:\/\/www.w3.org\/2000\/svg\" width=\"10px\" height=\"10px\" viewBox=\"0 0 24 24\" version=\"1.2\" baseProfile=\"tiny\"><path d=\"M18.2 9.3l-6.2-6.3-6.2 6.3c-.2.2-.3.4-.3.7s.1.5.3.7c.2.2.4.3.7.3h11c.3 0 .5-.1.7-.3.2-.2.3-.5.3-.7s-.1-.5-.3-.7zM5.8 14.7l6.2 6.3 6.2-6.3c.2-.2.3-.5.3-.7s-.1-.5-.3-.7c-.2-.2-.4-.3-.7-.3h-11c-.3 0-.5.1-.7.3-.2.2-.3.5-.3.7s.1.5.3.7z\"\/><\/svg><\/span><\/span><\/span><\/a><\/span><\/div>\n<nav><ul class='ez-toc-list ez-toc-list-level-1 eztoc-toggle-hide-by-default' ><li class='ez-toc-page-1 ez-toc-heading-level-2'><a class=\"ez-toc-link ez-toc-heading-1\" href=\"https:\/\/www.turna.com\/blog\/kolombiya-gezilecek-yerler\/#kolombiyada_gormeniz_gereken_10_yer\" >Kolombiya&#8217;da G\u00f6rmeniz Gereken 10 Yer<\/a><ul class='ez-toc-list-level-3' ><li class='ez-toc-heading-level-3'><a class=\"ez-toc-link ez-toc-heading-2\" href=\"https:\/\/www.turna.com\/blog\/kolombiya-gezilecek-yerler\/#1_la_candeleria\" >1. La Candeleria<\/a><\/li><li class='ez-toc-page-1 ez-toc-heading-level-3'><a class=\"ez-toc-link ez-toc-heading-3\" href=\"https:\/\/www.turna.com\/blog\/kolombiya-gezilecek-yerler\/#2_monserrate_tepesi\" >2.&nbsp;Monserrate Tepesi<\/a><\/li><li class='ez-toc-page-1 ez-toc-heading-level-3'><a class=\"ez-toc-link ez-toc-heading-4\" href=\"https:\/\/www.turna.com\/blog\/kolombiya-gezilecek-yerler\/#3_ulusal_polis_muzesi\" >3. Ulusal Polis M\u00fczesi<\/a><\/li><li class='ez-toc-page-1 ez-toc-heading-level-3'><a class=\"ez-toc-link ez-toc-heading-5\" href=\"https:\/\/www.turna.com\/blog\/kolombiya-gezilecek-yerler\/#4_amazon_ormanlari\" >4. Amazon Ormanlar\u0131<\/a><\/li><li class='ez-toc-page-1 ez-toc-heading-level-3'><a class=\"ez-toc-link ez-toc-heading-6\" href=\"https:\/\/www.turna.com\/blog\/kolombiya-gezilecek-yerler\/#5_cartagena\" >5. Cartagena<\/a><\/li><li class='ez-toc-page-1 ez-toc-heading-level-3'><a class=\"ez-toc-link ez-toc-heading-7\" href=\"https:\/\/www.turna.com\/blog\/kolombiya-gezilecek-yerler\/#6_medellin\" >6. Medell\u00edn<\/a><\/li><li class='ez-toc-page-1 ez-toc-heading-level-3'><a class=\"ez-toc-link ez-toc-heading-8\" href=\"https:\/\/www.turna.com\/blog\/kolombiya-gezilecek-yerler\/#7_eje_cafetero\" >7. Eje Cafetero<\/a><\/li><li class='ez-toc-page-1 ez-toc-heading-level-3'><a class=\"ez-toc-link ez-toc-heading-9\" href=\"https:\/\/www.turna.com\/blog\/kolombiya-gezilecek-yerler\/#8_la_guajira_yarimadasi\" >8. La Guajira Yar\u0131madas\u0131<\/a><\/li><li class='ez-toc-page-1 ez-toc-heading-level-3'><a class=\"ez-toc-link ez-toc-heading-10\" href=\"https:\/\/www.turna.com\/blog\/kolombiya-gezilecek-yerler\/#9_hacienda_napoli\" >9. Hacienda Napoli<\/a><\/li><li class='ez-toc-page-1 ez-toc-heading-level-3'><a class=\"ez-toc-link ez-toc-heading-11\" href=\"https:\/\/www.turna.com\/blog\/kolombiya-gezilecek-yerler\/#10_san_agustin\" >10. San Agustin<\/a><\/li><\/ul><\/li><li class='ez-toc-page-1 ez-toc-heading-level-2'><a class=\"ez-toc-link ez-toc-heading-12\" href=\"https:\/\/www.turna.com\/blog\/kolombiya-gezilecek-yerler\/#kolombiyaya_ne_zaman_gidilir\" >Kolombiya&#8217;ya Ne Zaman Gidilir?<\/a><\/li><li class='ez-toc-page-1 ez-toc-heading-level-2'><a class=\"ez-toc-link ez-toc-heading-13\" href=\"https:\/\/www.turna.com\/blog\/kolombiya-gezilecek-yerler\/#kolombiyaya_nasil_gidilir\" >Kolombiya&#8217;ya Nas\u0131l Gidilir?<\/a><\/li><\/ul><\/nav><\/div>\n\n<p>Gezilip g\u00f6r\u00fclmesi gereken birbirinden harika yerlere ev sahipli\u011fi yapan\u00a0Kolombiya, grafitilerle renklenen sokaklar\u0131, \u015fahane do\u011fas\u0131, leziz kahveleri ve etkileyici atmosferiyle her y\u0131l y\u00fcz binlerce turistin seyahat hayallerini s\u00fcsl\u00fcyor. 1499 y\u0131l\u0131nda \u0130spanyollar taraf\u0131ndan i\u015fgal edilene kadar Kolombiya K\u0131z\u0131lderililerinin ya\u015fad\u0131\u011f\u0131 bir co\u011frafya olan bu \u00fclke g\u00fcn\u00fcm\u00fczde yakla\u015f\u0131k 52 milyonluk bir n\u00fcfusa sahip. Yerli k\u00fclt\u00fcr\u00fc ve geleneklerinin hala devam etti\u011fi pek \u00e7ok yerle\u015fim yerinin bulundu\u011fu Kolombiya, e\u011flenceden keyif alan yard\u0131msever insanlar\u0131, Pablo Escobar&#8217;dan miras kalan hikayeleri, Amazon ormanlar\u0131yla \u00e7evrili harika do\u011fas\u0131, g\u00f6z al\u0131c\u0131 plajlar\u0131 ve c\u0131v\u0131l c\u0131v\u0131l e\u011flence ya\u015fam\u0131yla d\u00fcnyan\u0131n en pop\u00fcler seyahat rotalar\u0131ndan biri. \u0130\u015fte Kolombiya&#8217;da gezip g\u00f6rebilece\u011finiz turistik yerlerden baz\u0131lar\u0131.<\/p>\n\n\n\n<h2 class=\"wp-block-heading has-text-align-center has-neeon-button-dark-gray-color has-text-color has-link-color wp-elements-2db20ec35515179a2886f9b628c66ef3\"><span class=\"ez-toc-section\" id=\"kolombiyada_gormeniz_gereken_10_yer\"><\/span><strong>Kolombiya&#8217;da G\u00f6rmeniz Gereken 10 Yer<\/strong><span class=\"ez-toc-section-end\"><\/span><\/h2>\n\n\n\n<figure class=\"wp-block-image size-large is-resized\"><img decoding=\"async\" src=\"https:\/\/res.cloudinary.com\/turna\/image\/upload\/v1752822073\/wordpress-contents\/kolombiya_genel.jpg\" alt=\"\" style=\"width:1200px;height:auto\"\/><\/figure>\n\n\n\n<h3 class=\"wp-block-heading has-text-align-center has-neeon-button-dark-gray-color has-text-color has-link-color wp-elements-17c8ba32a6118b11df462abdc0b9c612\"><span class=\"ez-toc-section\" id=\"1_la_candeleria\"><\/span><strong>1. La Candeleria<\/strong><span class=\"ez-toc-section-end\"><\/span><\/h3>\n\n\n\n<p>\u00dclkenin ba\u015fkenti <a href=\"https:\/\/www.turna.com\/ucak-bileti\/bogota\" target=\"_blank\" rel=\"noopener noreferrer\"><strong>Bogota<\/strong><\/a>&#8216;da bulunan\u00a0La Candelaria b\u00f6lgesi, Kolombiya&#8217;ya gelen turistlerin vazge\u00e7ilmez ziyaret noktalar\u0131ndan. \u0130spanyol mimarisini yans\u0131tan yap\u0131lar\u0131 ve hemen hemen her bina ve duvar\u0131 s\u00fcsleyen rengarenk grafitileriyle g\u00f6z al\u0131c\u0131 bir g\u00f6r\u00fcnt\u00fc olu\u015fturan\u00a0La Candelaria, \u015fehrin \u00fcnl\u00fc Bolivar Meydan\u0131&#8217;na da y\u00fcr\u00fcme mesafesinde. E\u011fer \u015fehri y\u00fcr\u00fcyerek ke\u015ffetme plan\u0131 yap\u0131yorsan\u0131z; konaklama tesisleri, restoranlar\u0131 ve d\u00fckkanlar\u0131yla Bogota&#8217;n\u0131n en hareketli yerleri aras\u0131nda olan bu b\u00f6lgeyi mutlaka g\u00f6rmelisiniz.<\/p>\n\n\n\n<h3 class=\"wp-block-heading has-text-align-center has-neeon-button-dark-gray-color has-text-color has-link-color wp-elements-601a0f499af7e8c0e319b4067b30b4b3\"><span class=\"ez-toc-section\" id=\"2_monserrate_tepesi\"><\/span><strong>2.&nbsp;Monserrate Tepesi<\/strong><span class=\"ez-toc-section-end\"><\/span><\/h3>\n\n\n\n<figure class=\"wp-block-image is-resized\"><img width=\"800\" height=\"500\" data-public-id=\"Monserrate-Hill_y6szsa\/Monserrate-Hill_y6szsa.jpg\" fetchpriority=\"high\" decoding=\"async\" src=\"https:\/\/res.cloudinary.com\/turna\/images\/w_800,h_500,c_scale\/f_auto,q_auto:low\/v1514186604\/Monserrate-Hill_y6szsa\/Monserrate-Hill_y6szsa.jpg?_i=AA\" alt=\"\" class=\"wp-post-10809 wp-image-11154\" style=\"width:1200px;height:auto\" data-format=\"jpg\" data-transformations=\"f_auto,q_auto:low\" data-version=\"1514186604\" data-seo=\"1\" srcset=\"https:\/\/res.cloudinary.com\/turna\/images\/f_auto,q_auto:low\/v1514186604\/Monserrate-Hill_y6szsa\/Monserrate-Hill_y6szsa.jpg?_i=AA 800w, https:\/\/res.cloudinary.com\/turna\/images\/w_300,h_188,c_scale\/f_auto,q_auto:low\/v1514186604\/Monserrate-Hill_y6szsa\/Monserrate-Hill_y6szsa.jpg?_i=AA 300w, https:\/\/res.cloudinary.com\/turna\/images\/w_672,h_420,c_scale\/f_auto,q_auto:low\/v1514186604\/Monserrate-Hill_y6szsa\/Monserrate-Hill_y6szsa.jpg?_i=AA 672w, https:\/\/res.cloudinary.com\/turna\/images\/w_640,h_400,c_scale\/f_auto,q_auto:low\/v1514186604\/Monserrate-Hill_y6szsa\/Monserrate-Hill_y6szsa.jpg?_i=AA 640w, https:\/\/res.cloudinary.com\/turna\/images\/w_681,h_426,c_scale\/f_auto,q_auto:low\/v1514186604\/Monserrate-Hill_y6szsa\/Monserrate-Hill_y6szsa.jpg?_i=AA 681w\" sizes=\"(max-width: 800px) 100vw, 800px\" \/><\/figure>\n\n\n\n<p>Deniz seviyesinden yakla\u015f\u0131k \u00fc\u00e7 bin 152 metre y\u00fckseklikte bulunan ve \u015fehrin sembol\u00fc olarak an\u0131lan\u00a0Monserrate Tepesi, ayaklar\u0131n\u0131z\u0131n alt\u0131na\u00a0muhte\u015fem bir Bogota manzaras\u0131 seriyor. \u00dclkenin en pop\u00fcler manzara noktalar\u0131ndan biri olan bu tepeye ula\u015f\u0131m i\u00e7in f\u00fcnikeler ya da teleferik sistemini kullanabilirsiniz. Kalabal\u0131\u011f\u0131n bir an bile eksik olmad\u0131\u011f\u0131 Monserrate Tepesi, Kolombiya foto\u011fraflar\u0131 \u00e7ekmek isteyenler i\u00e7in de harika bir adres.<\/p>\n\n\n\n<h3 class=\"wp-block-heading has-text-align-center has-neeon-button-dark-gray-color has-text-color has-link-color wp-elements-093c49136857667b8ea5b089cac3627d\"><span class=\"ez-toc-section\" id=\"3_ulusal_polis_muzesi\"><\/span><strong>3. Ulusal Polis M\u00fczesi<\/strong><span class=\"ez-toc-section-end\"><\/span><\/h3>\n\n\n\n<figure class=\"wp-block-image is-resized\"><img width=\"800\" height=\"500\" data-public-id=\"Ulusal-Polis-Muzesi_y6uagu\/Ulusal-Polis-Muzesi_y6uagu.jpg\" decoding=\"async\" src=\"https:\/\/res.cloudinary.com\/turna\/images\/w_800,h_500,c_scale\/f_auto,q_auto:low\/v1514186617\/Ulusal-Polis-Muzesi_y6uagu\/Ulusal-Polis-Muzesi_y6uagu.jpg?_i=AA\" alt=\"\" class=\"wp-post-10809 wp-image-11156\" style=\"width:1200px;height:auto\" data-format=\"jpg\" data-transformations=\"f_auto,q_auto:low\" data-version=\"1514186617\" data-seo=\"1\" srcset=\"https:\/\/res.cloudinary.com\/turna\/images\/f_auto,q_auto:low\/v1514186617\/Ulusal-Polis-Muzesi_y6uagu\/Ulusal-Polis-Muzesi_y6uagu.jpg?_i=AA 800w, https:\/\/res.cloudinary.com\/turna\/images\/w_300,h_188,c_scale\/f_auto,q_auto:low\/v1514186617\/Ulusal-Polis-Muzesi_y6uagu\/Ulusal-Polis-Muzesi_y6uagu.jpg?_i=AA 300w, https:\/\/res.cloudinary.com\/turna\/images\/w_672,h_420,c_scale\/f_auto,q_auto:low\/v1514186617\/Ulusal-Polis-Muzesi_y6uagu\/Ulusal-Polis-Muzesi_y6uagu.jpg?_i=AA 672w, https:\/\/res.cloudinary.com\/turna\/images\/w_640,h_400,c_scale\/f_auto,q_auto:low\/v1514186617\/Ulusal-Polis-Muzesi_y6uagu\/Ulusal-Polis-Muzesi_y6uagu.jpg?_i=AA 640w, https:\/\/res.cloudinary.com\/turna\/images\/w_681,h_426,c_scale\/f_auto,q_auto:low\/v1514186617\/Ulusal-Polis-Muzesi_y6uagu\/Ulusal-Polis-Muzesi_y6uagu.jpg?_i=AA 681w\" sizes=\"(max-width: 800px) 100vw, 800px\" \/><\/figure>\n\n\n\n<p>Son zamanlar\u0131n \u00fcnl\u00fc dizisi Narcos&#8217;u izleyip, Kolombiyal\u0131 uyu\u015fturucu ka\u00e7ak\u00e7\u0131s\u0131 Pablo Escobar&#8217;\u0131n hayat\u0131 ve ya\u015fad\u0131\u011f\u0131 yerler hakk\u0131nda daha detayl\u0131 bir \u015feyler \u00f6\u011frenme hayaliyle bu \u00fclkeye geldiyseniz;\u00a0Ulusal Polis M\u00fczesi sizin beklentinizi kar\u015f\u0131layacak en do\u011fru yerlerden biri. Escobar&#8217;a ait silahlar\u0131, ki\u015fisel e\u015fyalar\u0131, telsizleri ve hatta su\u00e7lu olarak arand\u0131\u011f\u0131 d\u00f6nemlerde \u00fclkenin d\u00f6rt bir yan\u0131na as\u0131lan ka\u00e7ak afi\u015fini bile g\u00f6rebilece\u011finiz bu m\u00fcze Bolivar Meydan\u0131 yak\u0131nlar\u0131nda yer al\u0131yor.<\/p>\n\n\n\n<h3 class=\"wp-block-heading has-text-align-center has-neeon-button-dark-gray-color has-text-color has-link-color wp-elements-27bb2858eadd73c9fb802a851460f75f\"><span class=\"ez-toc-section\" id=\"4_amazon_ormanlari\"><\/span><strong>4. Amazon Ormanlar\u0131<\/strong><span class=\"ez-toc-section-end\"><\/span><\/h3>\n\n\n\n<figure class=\"wp-block-image size-large is-resized\"><img decoding=\"async\" src=\"https:\/\/res.cloudinary.com\/turna\/image\/upload\/v1752822073\/wordpress-contents\/amazon.jpg\" alt=\"\" style=\"width:1200px;height:auto\"\/><\/figure>\n\n\n\n<p>Amazon Ormanlar\u0131n\u0131n bakir ve gizemli d\u00fcnyas\u0131na tan\u0131k olmak, macera dolu bir Kolombiya seyahatinin olmazsa olmazlar\u0131ndan. Amazon&#8217;un vah\u015fi ya\u015fam\u0131, balta girmemi\u015f ormanlar\u0131, Amazon Nehri&#8217;nin ihti\u015fam\u0131 derken burada sizi b\u00fcy\u00fcleyecek pek \u00e7ok \u015fey bulabilirsiniz. G\u00fczelli\u011finin yan\u0131 s\u0131ra tehlikeleriyle de bilinen bu b\u00f6lgeyi gezmek isteyenlerin, rehberli turlara kat\u0131lmas\u0131nda yarar var.<\/p>\n\n\n\n<h3 class=\"wp-block-heading has-text-align-center has-neeon-button-dark-gray-color has-text-color has-link-color wp-elements-184ec4b5ecf08abf6c82b1a3a714fa56\"><span class=\"ez-toc-section\" id=\"5_cartagena\"><\/span><strong>5. Cartagena<\/strong><span class=\"ez-toc-section-end\"><\/span><\/h3>\n\n\n\n<figure class=\"wp-block-image size-large is-resized\"><img decoding=\"async\" src=\"https:\/\/res.cloudinary.com\/turna\/image\/upload\/v1752822073\/wordpress-contents\/cartegena.jpg\" alt=\"\" style=\"width:1200px;height:auto\"\/><\/figure>\n\n\n\n<p>Karayip k\u0131y\u0131s\u0131nda uzanan Cartagena, Kolombiya\u2019n\u0131n tarih ve romantizmle yo\u011frulmu\u015f \u00f6zel bir rotas\u0131 olarak dikkat \u00e7ekiyor. Renkli sokaklar\u0131, kolonyal mimarisi ve UNESCO korumas\u0131ndaki Eski Kent\u2019iyle masals\u0131 bir atmosfer sunuyor. Restore edilmi\u015f Casa Pestagua gibi yap\u0131lar, \u015fehrin zarafetini g\u00f6zler \u00f6n\u00fcne seriyor. G\u00fcn boyunca Arnavut kald\u0131r\u0131ml\u0131 sokaklarda gezebilir, ak\u015fam\u00fcst\u00fc surlar\u0131n \u00fczerinden g\u00fcn bat\u0131m\u0131n\u0131 izleyebilirsiniz. Bogota ve Medell\u00edn&#8217;den farkl\u0131 olarak s\u0131cak, tropikal havas\u0131yla dikkat \u00e7eken Cartagena\u2019ya uluslararas\u0131 u\u00e7u\u015flarla ula\u015fmak bir hayli kolay. <\/p>\n\n\n\n<h3 class=\"wp-block-heading has-text-align-center has-neeon-button-dark-gray-color has-text-color has-link-color wp-elements-a84b4bdf6a235787cb6dddba713ba205\"><span class=\"ez-toc-section\" id=\"6_medellin\"><\/span><strong>6. Medell\u00edn<\/strong><span class=\"ez-toc-section-end\"><\/span><\/h3>\n\n\n\n<figure class=\"wp-block-image size-large is-resized\"><img decoding=\"async\" src=\"https:\/\/res.cloudinary.com\/turna\/image\/upload\/v1752822073\/wordpress-contents\/medellin.jpg\" alt=\"\" style=\"width:1200px;height:auto\"\/><\/figure>\n\n\n\n<p>Bir zamanlar karanl\u0131k ge\u00e7mi\u015fiyle an\u0131lan Medellin, bug\u00fcn Kolombiya\u2019n\u0131n en yenilik\u00e7i ve d\u00f6n\u00fc\u015f\u00fcm hikayesi en g\u00fc\u00e7l\u00fc \u015fehirlerinden biri olarak \u00f6ne \u00e7\u0131k\u0131yor. And Da\u011flar\u0131\u2019n\u0131n yama\u00e7lar\u0131na kurulmu\u015f bu dinamik \u015fehir, modern metro hatt\u0131n\u0131 tepelerdeki mahallelere ba\u011flayan teleferikleriyle dikkat \u00e7ekiyor. Sanatla i\u00e7 i\u00e7e ya\u015fayan Medellin\u2019de Botero Heykelleri, Antioquia M\u00fczesi ve Comuna 13\u2019\u00fcn duvar resimleri g\u00f6r\u00fclmeye de\u011fer. G\u00fcnd\u00fczleri k\u00fclt\u00fcrel ke\u015fiflerle dolu olanaklar sunan bu \u015fehir, ak\u015famlar\u0131  canl\u0131 m\u00fczik, lezzetli yemekler ve \u015f\u0131k kafelerle ayr\u0131 bir g\u00fczelli\u011fe b\u00fcr\u00fcn\u00fcyor.<\/p>\n\n\n\n<h3 class=\"wp-block-heading has-text-align-center has-neeon-button-dark-gray-color has-text-color has-link-color wp-elements-df0d2fda97a8c0171dab25c7b88f76c4\"><span class=\"ez-toc-section\" id=\"7_eje_cafetero\"><\/span><strong>7. Eje Cafetero<\/strong><span class=\"ez-toc-section-end\"><\/span><\/h3>\n\n\n\n<figure class=\"wp-block-image size-large is-resized\"><img decoding=\"async\" src=\"https:\/\/res.cloudinary.com\/turna\/image\/upload\/v1752822074\/wordpress-contents\/Eje_Cafetero.jpg\" alt=\"\" style=\"width:1200px;height:auto\"\/><\/figure>\n\n\n\n<p>Kolombiya\u2019n\u0131n kalbinde konumlanan Eje Cafetero, yaln\u0131zca lezzetli kahveler de\u011fil, ayn\u0131 zamanda huzur ve do\u011fa vadediyor. Armenia, Pereira ve Manizales \u00fc\u00e7geninde uzanan bu b\u00f6lge, sisli da\u011flar aras\u0131nda kurulu organik kahve \u00e7iftlikleri, el yap\u0131m\u0131 kahve tad\u0131mlar\u0131 ve ye\u015fillikler i\u00e7inde konaklama se\u00e7enekleriyle \u00f6ne \u00e7\u0131k\u0131yor. Salento kasabas\u0131, rengarenk evleri ve Cocora Vadisi\u2019ne a\u00e7\u0131lan yollar\u0131yla b\u00f6lgenin cazibe merkezi rol\u00fcn\u00fc \u00fcstleniyor. Burada eski model Willy cipleriyle vadide gezintiye \u00e7\u0131kabilir, d\u00fcnyan\u0131n en uzun balmumu palmiyeleriyle \u00e7evrili patikalarda y\u00fcr\u00fcy\u00fc\u015f yapabilirsiniz.<\/p>\n\n\n\n<h3 class=\"wp-block-heading has-text-align-center has-neeon-button-dark-gray-color has-text-color has-link-color wp-elements-8131361402dbaf718f36463f41dd71e0\"><span class=\"ez-toc-section\" id=\"8_la_guajira_yarimadasi\"><\/span>8. La Guajira Yar\u0131madas\u0131<span class=\"ez-toc-section-end\"><\/span><\/h3>\n\n\n\n<p>Kolombiya\u2019n\u0131n en kuzey ucu olan La Guajira Yar\u0131madas\u0131, turkuaz Karayip Denizi\u2019nin k\u0131z\u0131l \u00e7\u00f6l manzaralar\u0131yla bulu\u015ftu\u011fu b\u00fcy\u00fcleyici bir co\u011frafya sunuyor. R\u00fczgarla \u015fekillenen kumullar, tuz d\u00fczl\u00fckleri ve mangrov ormanlar\u0131 aras\u0131nda, y\u00fczy\u0131llard\u0131r burada ya\u015fayan Wayuu halk\u0131n\u0131n k\u00fclt\u00fcr\u00fc hala canl\u0131. Cabo de la Vela, hem u\u00e7urtma s\u00f6rf\u00fc hem de e\u015fsiz g\u00fcn bat\u0131mlar\u0131yla dikkat \u00e7ekerken, Punta Gallinas G\u00fcney Amerika k\u0131tas\u0131n\u0131n en u\u00e7 noktas\u0131n\u0131 deneyimleme f\u0131rsat\u0131 sunuyor.<\/p>\n\n\n\n<h3 class=\"wp-block-heading has-text-align-center has-neeon-button-dark-gray-color has-text-color has-link-color wp-elements-0e24e534caed6aa4f82d28647a610ae0\"><span class=\"ez-toc-section\" id=\"9_hacienda_napoli\"><\/span>9. Hacienda Napoli<span class=\"ez-toc-section-end\"><\/span><\/h3>\n\n\n\n<p>Kolombiya\u2019n\u0131n Antioquia b\u00f6lgesinde yer alan Hacienda Napoles, bir zamanlar Pablo Escobar\u2019\u0131n ihti\u015faml\u0131 malikanesiydi. G\u00fcn\u00fcm\u00fczde su\u00e7 ge\u00e7mi\u015finden s\u0131yr\u0131lm\u0131\u015f, temal\u0131 su parklar\u0131, hayvanat bah\u00e7esi ve macera alanlar\u0131yla aile dostu bir e\u011flence merkezine d\u00f6n\u00fc\u015fm\u00fc\u015f durumda. Y\u00fcz\u00f6l\u00e7\u00fcm\u00fc 20 km\u00b2\u2019yi a\u015fan bu dev parkta dev dinozor heykelleri, egzotik hayvanlar ve k\u00fc\u00e7\u00fck bir Escobar m\u00fczesi yer al\u0131yor. <\/p>\n\n\n\n<h3 class=\"wp-block-heading has-text-align-center has-neeon-button-dark-gray-color has-text-color has-link-color wp-elements-df3d4b3567050b6667f9d500edb1a5df\"><span class=\"ez-toc-section\" id=\"10_san_agustin\"><\/span>10. San Agustin<span class=\"ez-toc-section-end\"><\/span><\/h3>\n\n\n\n<p>Kolombiya&#8217;n\u0131n g\u00fcneybat\u0131s\u0131nda, yemye\u015fil da\u011flarla \u00e7evrili San Agustin, arkeoloji tutkunlar\u0131n\u0131n klabini \u00e7almaya aday bir destinasyon. Buras\u0131, Kolomb \u00f6ncesi d\u00f6neme ait y\u00fczlerce ta\u015f heykel, mezar yap\u0131s\u0131 ve rit\u00fcel alan\u0131yla Latin Amerika\u2019n\u0131n en b\u00fcy\u00fck arkeolojik alanlar\u0131ndan biri. UNESCO taraf\u0131ndan koruma alt\u0131na al\u0131nan San Agustin Arkeoloji Park\u0131\u2019nda, binlerce y\u0131l \u00f6ncesinden kalma gizemli fig\u00fcrlerle kar\u015f\u0131la\u015fabilirsiniz. <\/p>\n\n\n\n<h2 class=\"wp-block-heading has-text-align-center has-neeon-button-dark-gray-color has-text-color has-link-color wp-elements-9348b3fe477bb09aa9ca88fd29436d4e\"><span class=\"ez-toc-section\" id=\"kolombiyaya_ne_zaman_gidilir\"><\/span>Kolombiya&#8217;ya Ne Zaman Gidilir?<span class=\"ez-toc-section-end\"><\/span><\/h2>\n\n\n\n<figure class=\"wp-block-image size-large is-resized\"><img decoding=\"async\" src=\"https:\/\/res.cloudinary.com\/turna\/image\/upload\/v1752822073\/wordpress-contents\/colombia.jpg\" alt=\"\" style=\"width:1200px;height:auto\"\/><\/figure>\n\n\n\n<p>Kolombiya y\u0131l boyu tropikal iklimin etkisinde olsa da seyahat i\u00e7in en ideal d\u00f6nem, kurak mevsim olan Aral\u0131k ve Mart aras\u0131 oluyor. Bu d\u00f6nemde ya\u011f\u0131\u015f az, do\u011fa ise yemye\u015fil ve canl\u0131. Rak\u0131m farkl\u0131l\u0131klar\u0131 nedeniyle her b\u00f6lgenin havas\u0131 de\u011fi\u015fken, Bogota serin bir da\u011f havas\u0131 sunarken, Karayip k\u0131y\u0131lar\u0131 s\u0131cak ve nemli oluyor. Festivalleri, do\u011fa ke\u015fifleri ve \u015fehir turlar\u0131 i\u00e7in en uygun zaman olan bu aylar gezginler i\u00e7in e\u015fsiz bir f\u0131rsat sunuyor.<\/p>\n\n\n\n<h2 class=\"wp-block-heading has-text-align-center has-neeon-button-dark-gray-color has-text-color has-link-color wp-elements-a6930b61c977e51926890dea826e9511\"><span class=\"ez-toc-section\" id=\"kolombiyaya_nasil_gidilir\"><\/span>Kolombiya&#8217;ya Nas\u0131l Gidilir?<span class=\"ez-toc-section-end\"><\/span><\/h2>\n\n\n\n<p>Kolombiya\u2019ya seyahat etmek isteyenler i\u00e7in en pratik ve h\u0131zl\u0131 yol, uluslararas\u0131 u\u00e7u\u015flarla ger\u00e7ekle\u015fiyor. T\u00fcrkiye\u2019den direkt u\u00e7u\u015f bulunmamakla birlikte, Avrupa (Madrid, Paris) veya Amerika (Miami, New York) aktarmal\u0131 Kolombiya u\u00e7ak bileti se\u00e7enekleri olduk\u00e7a yayg\u0131n. Ba\u015fkent Bogota\u2019daki El Dorado Uluslararas\u0131 Havaliman\u0131, \u00fclkenin en b\u00fcy\u00fck giri\u015f kap\u0131s\u0131. Medell\u00edn ve Cartagena gibi turistik \u015fehirlere de ba\u011flant\u0131l\u0131 seferler mevcut. Hemen \u015fimdi <strong><a href=\"https:\/\/www.turna.com\/ucak-bileti\/kolombiya\" target=\"_blank\" rel=\"noopener noreferrer\">Kolombiya u\u00e7ak bileti<\/a><\/strong> kampanyalar\u0131na g\u00f6z at\u0131p\u00a0valizinizi haz\u0131rlamaya ba\u015flayabilirsiniz.<\/p>\n\n    <div class=\"xs_social_share_widget xs_share_url after_content \t\tmain_content  wslu-style-1 wslu-share-box-shaped wslu-fill-colored wslu-none wslu-share-horizontal wslu-theme-font-no wslu-main_content\">\n\n\t\t\n        <ul>\n\t\t\t        <\/ul>\n    <\/div> \n","protected":false},"excerpt":{"rendered":"<p>Gezilip g\u00f6r\u00fclmesi gereken birbirinden harika yerlere ev sahipli\u011fi yapan\u00a0Kolombiya, grafitilerle renklenen sokaklar\u0131, \u015fahane do\u011fas\u0131, leziz kahveleri ve etkileyici atmosferiyle her y\u0131l y\u00fcz binlerce turistin seyahat hayallerini s\u00fcsl\u00fcyor. 1499 y\u0131l\u0131nda \u0130spanyollar taraf\u0131ndan i\u015fgal edilene kadar Kolombiya K\u0131z\u0131lderililerinin ya\u015fad\u0131\u011f\u0131 bir co\u011frafya olan bu \u00fclke g\u00fcn\u00fcm\u00fczde yakla\u015f\u0131k 52 milyonluk bir n\u00fcfusa sahip. Yerli k\u00fclt\u00fcr\u00fc ve geleneklerinin hala devam [&hellip;]<\/p>\n","protected":false},"author":14,"featured_media":24878,"comment_status":"open","ping_status":"open","sticky":false,"template":"","format":"standard","meta":{"rop_custom_images_group":[],"rop_custom_messages_group":[],"rop_publish_now":"initial","rop_publish_now_accounts":[],"rop_publish_now_history":[],"rop_publish_now_status":"pending","_cloudinary_featured_overwrite":false,"footnotes":""},"categories":[1359],"tags":[1355,2442,2413,562,2420,2289],"class_list":["post-10809","post","type-post","status-publish","format-standard","has-post-thumbnail","hentry","category-kolombiya","tag-bogota","tag-cali","tag-cartagena","tag-kolombiya","tag-medellin","tag-pereira"],"_links":{"self":[{"href":"https:\/\/www.turna.com\/blog\/wp-json\/wp\/v2\/posts\/10809","targetHints":{"allow":["GET"]}}],"collection":[{"href":"https:\/\/www.turna.com\/blog\/wp-json\/wp\/v2\/posts"}],"about":[{"href":"https:\/\/www.turna.com\/blog\/wp-json\/wp\/v2\/types\/post"}],"author":[{"embeddable":true,"href":"https:\/\/www.turna.com\/blog\/wp-json\/wp\/v2\/users\/14"}],"replies":[{"embeddable":true,"href":"https:\/\/www.turna.com\/blog\/wp-json\/wp\/v2\/comments?post=10809"}],"version-history":[{"count":0,"href":"https:\/\/www.turna.com\/blog\/wp-json\/wp\/v2\/posts\/10809\/revisions"}],"wp:featuredmedia":[{"embeddable":true,"href":"https:\/\/www.turna.com\/blog\/wp-json\/wp\/v2\/media\/24878"}],"wp:attachment":[{"href":"https:\/\/www.turna.com\/blog\/wp-json\/wp\/v2\/media?parent=10809"}],"wp:term":[{"taxonomy":"category","embeddable":true,"href":"https:\/\/www.turna.com\/blog\/wp-json\/wp\/v2\/categories?post=10809"},{"taxonomy":"post_tag","embeddable":true,"href":"https:\/\/www.turna.com\/blog\/wp-json\/wp\/v2\/tags?post=10809"}],"curies":[{"name":"wp","href":"https:\/\/api.w.org\/{rel}","templated":true}]}}