{"id":1066,"date":"2016-01-22T00:15:20","date_gmt":"2016-01-21T22:15:20","guid":{"rendered":"https:\/\/www.turna.com\/blog\/?p=1066"},"modified":"2024-09-17T10:50:28","modified_gmt":"2024-09-17T07:50:28","slug":"pers-baskenti-tahran","status":"publish","type":"post","link":"https:\/\/www.turna.com\/blog\/pers-baskenti-tahran","title":{"rendered":"Pers Ba\u015fkenti Tahran"},"content":{"rendered":"<p><strong>\u0130ran<\/strong>\u2019\u0131n ba\u015fkenti <strong>Tahran<\/strong>, Elburz Da\u011f\u0131 eteklerine kurulu, insanl\u0131k tarihi ile ya\u015f\u0131t bir \u015fehir. \u00c7evresinde akarsu, nehir, g\u00f6l gibi kaynaklar olmamas\u0131 nedeniyle \u00e7evre ve hava kirlili\u011fi sorunlar\u0131yla m\u00fccadele eden kent, Orta Do\u011fu co\u011frafyas\u0131n\u0131n en ilgin\u00e7 yerlerinden biri.<\/p>\n<p>D\u00fcnyaca \u00fcnl\u00fc trafik sorununa sahip olan \u015fehrin n\u00fcfusu 20 milyonu a\u015f\u0131yor. Orta Do\u011fu\u2019nun en geli\u015fmi\u015f metro sistemine sahip olsa da Tahran sokaklar\u0131 ara\u00e7 ve insan yo\u011funlu\u011funu kald\u0131rabilecek d\u00fczeyde de\u011fil.<\/p>\n<p>Bu sorunun \u00e7\u00f6z\u00fcm\u00fc i\u00e7in metro sistemlerine yat\u0131r\u0131m yap\u0131lsa da hen\u00fcz \u015fehir yolun ba\u015f\u0131nda. Ara\u00e7lar\u0131n plaka numaralar\u0131na g\u00f6re haftan\u0131n belirli g\u00fcnleri giri\u015flerine izin verildi\u011fi \u015fehirde ciddi boyutta hava kirlili\u011fi de g\u00f6r\u00fcl\u00fcyor.<\/p>\n<h2><strong>Tahran\u2019da Al\u0131\u015fveri\u015f<\/strong><\/h2>\n<p><img width=\"300\" height=\"188\" data-public-id=\"Tahran-Ucak-Bileti_giycko\/Tahran-Ucak-Bileti_giycko.jpg\" fetchpriority=\"high\" decoding=\"async\" class=\"alignright size-thumbnail wp-post-1066 wp-image-1067\" src=\"https:\/\/res.cloudinary.com\/turna\/images\/w_300,h_188,c_scale\/f_auto,q_auto:low\/v1461740336\/Tahran-Ucak-Bileti_giycko\/Tahran-Ucak-Bileti_giycko.jpg?_i=AA\" alt=\"Tahran-Ucak-Bileti\" data-format=\"jpg\" data-transformations=\"f_auto,q_auto:low\" data-version=\"1461740336\" data-seo=\"1\" srcset=\"https:\/\/res.cloudinary.com\/turna\/images\/w_300,h_188,c_scale\/f_auto,q_auto:low\/v1461740336\/Tahran-Ucak-Bileti_giycko\/Tahran-Ucak-Bileti_giycko.jpg?_i=AA 300w, https:\/\/res.cloudinary.com\/turna\/images\/w_672,h_420,c_scale\/f_auto,q_auto:low\/v1461740336\/Tahran-Ucak-Bileti_giycko\/Tahran-Ucak-Bileti_giycko.jpg?_i=AA 672w, https:\/\/res.cloudinary.com\/turna\/images\/w_640,h_400,c_scale\/f_auto,q_auto:low\/v1461740336\/Tahran-Ucak-Bileti_giycko\/Tahran-Ucak-Bileti_giycko.jpg?_i=AA 640w, https:\/\/res.cloudinary.com\/turna\/images\/w_681,h_426,c_scale\/f_auto,q_auto:low\/v1461740336\/Tahran-Ucak-Bileti_giycko\/Tahran-Ucak-Bileti_giycko.jpg?_i=AA 681w, https:\/\/res.cloudinary.com\/turna\/images\/f_auto,q_auto:low\/v1461740336\/Tahran-Ucak-Bileti_giycko\/Tahran-Ucak-Bileti_giycko.jpg?_i=AA 800w\" sizes=\"(max-width: 300px) 100vw, 300px\" \/><\/p>\n<p>\u00c7ar\u015f\u0131 ve pazarlar Tahran\u2019da al\u0131\u015fveri\u015f yap\u0131lacak en iyi yerlerden. Uluslararas\u0131 sistemlerdeki engeller nedeniyle geli\u015fmi\u015f bir AVM sistemi bulunmayan \u015fehirde, t\u00fcm al\u0131\u015fveri\u015f yerel pazarlarda ger\u00e7ekle\u015fiyor.<\/p>\n<p>\u0130ran\u2019dan ne al\u0131n\u0131r sorusunun yan\u0131t\u0131 ise hi\u00e7 ku\u015fkusuz Fars kilim ve hal\u0131lar\u0131. Antika \u00fcr\u00fcnler, g\u00fcm\u00fc\u015f ve alt\u0131n i\u015flemeli hediyelik e\u015fyalar, seramikler, baharat \u00e7e\u015fitleri de al\u0131\u015fveri\u015f listesinde yer al\u0131yor.<\/p>\n<p>Tahran\u2019\u0131n Kapal\u0131 \u00c7ar\u015f\u0131s\u0131 d\u00fcnyan\u0131n en b\u00fcy\u00fck \u00e7ar\u015f\u0131lar\u0131ndan biri. Kapal\u0131 \u00c7ar\u015f\u0131 i\u00e7indeki sokaklar\u0131n uzunlu\u011fu 10 kilometreyi a\u015f\u0131yor. Her bir koridorun ba\u011fland\u0131\u011f\u0131 geni\u015f avlularda birer \u00e7e\u015fme ve soluklanmak i\u00e7in kilim ve hal\u0131 gibi yolluklar bulunuyor.<\/p>\n<p>Tahran ekonomisinin 2\/3\u2019\u00fcne hayat veren kapal\u0131 \u00e7ar\u015f\u0131da akla gelebilecek her t\u00fcrl\u00fc \u015feyi bulmak m\u00fcmk\u00fcn. Yeme-i\u00e7me, k\u0131rtasiye, sebze-meyve, kuyum, hal\u0131, tekstil, z\u00fccaciye bunlardan yaln\u0131zca birka\u00e7\u0131.<\/p>\n<p>Farkl\u0131 kokular\u0131n duyuldu\u011fu, seyyar sat\u0131c\u0131lar\u0131n bir \u015feyler satmak i\u00e7in \u00e7abalad\u0131\u011f\u0131 Kapal\u0131 \u00c7ar\u015f\u0131\u2019da, hi\u00e7 kimseden destek istemeden g\u00f6nl\u00fcn\u00fczce dola\u015f\u0131n. Kaybolmadan keyfi \u00e7\u0131kmayan bu g\u00fczel \u00e7ar\u015f\u0131da mutlaka ba\u015flad\u0131\u011f\u0131n\u0131z noktaya d\u00f6neceksiniz.<\/p>\n<h2><strong>Tahran\u2019a Nas\u0131l Gidilir<\/strong><\/h2>\n<p><img width=\"300\" height=\"188\" data-public-id=\"Tahran-Nasil-Gidilir_xfuhuf\/Tahran-Nasil-Gidilir_xfuhuf.jpg\" decoding=\"async\" class=\"alignright size-thumbnail wp-post-1066 wp-image-1068\" src=\"https:\/\/res.cloudinary.com\/turna\/images\/w_300,h_188,c_scale\/f_auto,q_auto:low\/v1461740334\/Tahran-Nasil-Gidilir_xfuhuf\/Tahran-Nasil-Gidilir_xfuhuf.jpg?_i=AA\" alt=\"Tahran-Nasil-Gidilir\" data-format=\"jpg\" data-transformations=\"f_auto,q_auto:low\" data-version=\"1461740334\" data-seo=\"1\" srcset=\"https:\/\/res.cloudinary.com\/turna\/images\/w_300,h_188,c_scale\/f_auto,q_auto:low\/v1461740334\/Tahran-Nasil-Gidilir_xfuhuf\/Tahran-Nasil-Gidilir_xfuhuf.jpg?_i=AA 300w, https:\/\/res.cloudinary.com\/turna\/images\/w_672,h_420,c_scale\/f_auto,q_auto:low\/v1461740334\/Tahran-Nasil-Gidilir_xfuhuf\/Tahran-Nasil-Gidilir_xfuhuf.jpg?_i=AA 672w, https:\/\/res.cloudinary.com\/turna\/images\/w_640,h_400,c_scale\/f_auto,q_auto:low\/v1461740334\/Tahran-Nasil-Gidilir_xfuhuf\/Tahran-Nasil-Gidilir_xfuhuf.jpg?_i=AA 640w, https:\/\/res.cloudinary.com\/turna\/images\/w_681,h_426,c_scale\/f_auto,q_auto:low\/v1461740334\/Tahran-Nasil-Gidilir_xfuhuf\/Tahran-Nasil-Gidilir_xfuhuf.jpg?_i=AA 681w, https:\/\/res.cloudinary.com\/turna\/images\/f_auto,q_auto:low\/v1461740334\/Tahran-Nasil-Gidilir_xfuhuf\/Tahran-Nasil-Gidilir_xfuhuf.jpg?_i=AA 800w\" sizes=\"(max-width: 300px) 100vw, 300px\" \/><\/p>\n<p>T\u00fcrk vatanda\u015flar\u0131n\u0131n vizesiz seyahat edebildi\u011fi \u0130ran, bu avantajla kolayl\u0131kla seyahat plan\u0131na dahil edebilecek \u00f6zellik ta\u015f\u0131yor. Hakkari, Van ve A\u011fr\u0131 \u00fczerinden karayoluyla da ge\u00e7ilebilen \u0130ran\u2019a, tren seferi de bulunuyor.<\/p>\n<p>Orta Do\u011fu co\u011frafyas\u0131n\u0131n en k\u00f6kl\u00fc medeniyetlerinden biri olan \u0130ran\u2019\u0131n ba\u015fkenti Tahran, bu k\u00f6kl\u00fc medeniyetin izlerini ta\u015f\u0131yor. Kendi k\u00fclt\u00fcr\u00fc ve de\u011ferlerini kaybetmeyen \u015fehirde keyifli bir yolculuk ger\u00e7ekle\u015ftirmek m\u00fcmk\u00fcn. T\u00fcrklere kar\u015f\u0131 s\u0131cak, samimi bir yakla\u015f\u0131m\u0131n oldu\u011fu \u015fehirde herkes yard\u0131mc\u0131 olmak i\u00e7in birbiriyle yar\u0131\u015f\u0131yor.<\/p>\n<p><strong><a href=\"https:\/\/www.turna.com\/ucak-bileti\/tahran\" target=\"_blank\" rel=\"noopener\">Tahran u\u00e7ak bileti<\/a><\/strong> i\u00e7in Turna.com olanaklar\u0131na g\u00f6z atmay\u0131 sak\u0131n unutmay\u0131n.<\/p>\n\n    <div class=\"xs_social_share_widget xs_share_url after_content \t\tmain_content  wslu-style-1 wslu-share-box-shaped wslu-fill-colored wslu-none wslu-share-horizontal wslu-theme-font-no wslu-main_content\">\n\n\t\t\n        <ul>\n\t\t\t        <\/ul>\n    <\/div> \n","protected":false},"excerpt":{"rendered":"<p>\u0130ran\u2019\u0131n ba\u015fkenti Tahran, Elburz Da\u011f\u0131 eteklerine kurulu, insanl\u0131k tarihi ile ya\u015f\u0131t bir \u015fehir. \u00c7evresinde akarsu, nehir, g\u00f6l gibi kaynaklar olmamas\u0131 nedeniyle \u00e7evre ve hava kirlili\u011fi sorunlar\u0131yla m\u00fccadele eden kent, Orta Do\u011fu co\u011frafyas\u0131n\u0131n en ilgin\u00e7 yerlerinden biri. D\u00fcnyaca \u00fcnl\u00fc trafik sorununa sahip olan \u015fehrin n\u00fcfusu 20 milyonu a\u015f\u0131yor. Orta Do\u011fu\u2019nun en geli\u015fmi\u015f metro sistemine sahip olsa [&hellip;]<\/p>\n","protected":false},"author":8,"featured_media":1069,"comment_status":"open","ping_status":"open","sticky":false,"template":"","format":"standard","meta":{"rop_custom_images_group":[],"rop_custom_messages_group":[],"rop_publish_now":"initial","rop_publish_now_accounts":[],"rop_publish_now_history":[],"rop_publish_now_status":"pending","_cloudinary_featured_overwrite":false,"footnotes":""},"categories":[320],"tags":[322,2566,321],"class_list":["post-1066","post","type-post","status-publish","format-standard","has-post-thumbnail","hentry","category-iran","tag-iran","tag-mashhad","tag-tahran"],"_links":{"self":[{"href":"https:\/\/www.turna.com\/blog\/wp-json\/wp\/v2\/posts\/1066","targetHints":{"allow":["GET"]}}],"collection":[{"href":"https:\/\/www.turna.com\/blog\/wp-json\/wp\/v2\/posts"}],"about":[{"href":"https:\/\/www.turna.com\/blog\/wp-json\/wp\/v2\/types\/post"}],"author":[{"embeddable":true,"href":"https:\/\/www.turna.com\/blog\/wp-json\/wp\/v2\/users\/8"}],"replies":[{"embeddable":true,"href":"https:\/\/www.turna.com\/blog\/wp-json\/wp\/v2\/comments?post=1066"}],"version-history":[{"count":0,"href":"https:\/\/www.turna.com\/blog\/wp-json\/wp\/v2\/posts\/1066\/revisions"}],"wp:featuredmedia":[{"embeddable":true,"href":"https:\/\/www.turna.com\/blog\/wp-json\/wp\/v2\/media\/1069"}],"wp:attachment":[{"href":"https:\/\/www.turna.com\/blog\/wp-json\/wp\/v2\/media?parent=1066"}],"wp:term":[{"taxonomy":"category","embeddable":true,"href":"https:\/\/www.turna.com\/blog\/wp-json\/wp\/v2\/categories?post=1066"},{"taxonomy":"post_tag","embeddable":true,"href":"https:\/\/www.turna.com\/blog\/wp-json\/wp\/v2\/tags?post=1066"}],"curies":[{"name":"wp","href":"https:\/\/api.w.org\/{rel}","templated":true}]}}