{"id":10414,"date":"2024-04-11T15:05:00","date_gmt":"2024-04-11T12:05:00","guid":{"rendered":"https:\/\/www.turna.com\/blog\/?p=10414"},"modified":"2025-12-08T16:35:46","modified_gmt":"2025-12-08T13:35:46","slug":"cezayir-gezilecek-yerler","status":"publish","type":"post","link":"https:\/\/www.turna.com\/blog\/cezayir-gezilecek-yerler","title":{"rendered":"Cezayir Gezilecek Yerler: G\u00f6r\u00fclmesi Gereken 10 Yer"},"content":{"rendered":"<div id=\"ez-toc-container\" class=\"ez-toc-v2_0_82_2 counter-hierarchy ez-toc-counter ez-toc-black ez-toc-container-direction\">\n<div class=\"ez-toc-title-container\">\n<p class=\"ez-toc-title\" style=\"cursor:inherit\">\u0130\u00e7indekiler<\/p>\n<span class=\"ez-toc-title-toggle\"><a href=\"#\" class=\"ez-toc-pull-right ez-toc-btn ez-toc-btn-xs ez-toc-btn-default ez-toc-toggle\" aria-label=\"\u0130\u00e7indekiler Tablosunu A\u00e7\/Kapat\"><span class=\"ez-toc-js-icon-con\"><span class=\"\"><span class=\"eztoc-hide\" style=\"display:none;\">Toggle<\/span><span class=\"ez-toc-icon-toggle-span\"><svg style=\"fill: #ffffff;color:#ffffff\" xmlns=\"http:\/\/www.w3.org\/2000\/svg\" class=\"list-377408\" width=\"20px\" height=\"20px\" viewBox=\"0 0 24 24\" fill=\"none\"><path d=\"M6 6H4v2h2V6zm14 0H8v2h12V6zM4 11h2v2H4v-2zm16 0H8v2h12v-2zM4 16h2v2H4v-2zm16 0H8v2h12v-2z\" fill=\"currentColor\"><\/path><\/svg><svg style=\"fill: #ffffff;color:#ffffff\" class=\"arrow-unsorted-368013\" xmlns=\"http:\/\/www.w3.org\/2000\/svg\" width=\"10px\" height=\"10px\" viewBox=\"0 0 24 24\" version=\"1.2\" baseProfile=\"tiny\"><path d=\"M18.2 9.3l-6.2-6.3-6.2 6.3c-.2.2-.3.4-.3.7s.1.5.3.7c.2.2.4.3.7.3h11c.3 0 .5-.1.7-.3.2-.2.3-.5.3-.7s-.1-.5-.3-.7zM5.8 14.7l6.2 6.3 6.2-6.3c.2-.2.3-.5.3-.7s-.1-.5-.3-.7c-.2-.2-.4-.3-.7-.3h-11c-.3 0-.5.1-.7.3-.2.2-.3.5-.3.7s.1.5.3.7z\"\/><\/svg><\/span><\/span><\/span><\/a><\/span><\/div>\n<nav><ul class='ez-toc-list ez-toc-list-level-1 eztoc-toggle-hide-by-default' ><li class='ez-toc-page-1 ez-toc-heading-level-2'><a class=\"ez-toc-link ez-toc-heading-1\" href=\"https:\/\/www.turna.com\/blog\/cezayir-gezilecek-yerler\/#cezayirde_gormeniz_gereken_yerler\" >Cezayir&#8217;de G\u00f6rmeniz Gereken Yerler<\/a><ul class='ez-toc-list-level-3' ><li class='ez-toc-heading-level-3'><a class=\"ez-toc-link ez-toc-heading-2\" href=\"https:\/\/www.turna.com\/blog\/cezayir-gezilecek-yerler\/#kasbah\" >Kasbah<\/a><\/li><li class='ez-toc-page-1 ez-toc-heading-level-3'><a class=\"ez-toc-link ez-toc-heading-3\" href=\"https:\/\/www.turna.com\/blog\/cezayir-gezilecek-yerler\/#timgad_antik_kenti\" >Timgad Antik Kenti<\/a><\/li><li class='ez-toc-page-1 ez-toc-heading-level-3'><a class=\"ez-toc-link ez-toc-heading-4\" href=\"https:\/\/www.turna.com\/blog\/cezayir-gezilecek-yerler\/#ahaggar_ulusal_parki\" >Ahaggar Ulusal Park\u0131<\/a><\/li><li class='ez-toc-page-1 ez-toc-heading-level-3'><a class=\"ez-toc-link ez-toc-heading-5\" href=\"https:\/\/www.turna.com\/blog\/cezayir-gezilecek-yerler\/#djemila_antik_kenti\" >Dj\u00e9mila Antik Kenti<\/a><\/li><li class='ez-toc-page-1 ez-toc-heading-level-3'><a class=\"ez-toc-link ez-toc-heading-6\" href=\"https:\/\/www.turna.com\/blog\/cezayir-gezilecek-yerler\/#tipaza_antik_kenti\" >Tipaza Antik Kenti<\/a><\/li><li class='ez-toc-page-1 ez-toc-heading-level-3'><a class=\"ez-toc-link ez-toc-heading-7\" href=\"https:\/\/www.turna.com\/blog\/cezayir-gezilecek-yerler\/#notre_dame_katedrali\" >Notre Dame Katedrali<\/a><\/li><li class='ez-toc-page-1 ez-toc-heading-level-3'><a class=\"ez-toc-link ez-toc-heading-8\" href=\"https:\/\/www.turna.com\/blog\/cezayir-gezilecek-yerler\/#el_bahia_plajlari\" >El Bahia Plajlar\u0131<\/a><\/li><li class='ez-toc-page-1 ez-toc-heading-level-3'><a class=\"ez-toc-link ez-toc-heading-9\" href=\"https:\/\/www.turna.com\/blog\/cezayir-gezilecek-yerler\/#le_jardin_dessai_du_hamma\" >Le Jardin d\u2019Essai du Hamma<\/a><\/li><li class='ez-toc-page-1 ez-toc-heading-level-3'><a class=\"ez-toc-link ez-toc-heading-10\" href=\"https:\/\/www.turna.com\/blog\/cezayir-gezilecek-yerler\/#memorial_du_martyr\" >Memorial du Martyr<\/a><\/li><li class='ez-toc-page-1 ez-toc-heading-level-3'><a class=\"ez-toc-link ez-toc-heading-11\" href=\"https:\/\/www.turna.com\/blog\/cezayir-gezilecek-yerler\/#sidi_mcid_koprusu\" >Sidi M&#8217;cid K\u00f6pr\u00fcs\u00fc<\/a><\/li><\/ul><\/li><\/ul><\/nav><\/div>\n\n<p>Cezayir, tarihin izlerini modernitenin yan\u0131 ba\u015f\u0131nda ta\u015f\u0131yan bir \u00fclke. Akdeniz&#8217;in sular\u0131na k\u0131y\u0131s\u0131 olan bu gizemli topraklar, &#8220;Cezayir gezilecek yerler&#8221; b\u00fcy\u00fcleyici bir ser\u00fcvene davet ediyor. Zengin k\u00fclt\u00fcrel miras\u0131yla adeta bir a\u00e7\u0131k hava m\u00fczesini and\u0131ran Cezayir, her k\u00f6\u015fesinde bir hikaye bar\u0131nd\u0131r\u0131yor. Antik Roma harabelerinden eski medina sokaklar\u0131na, muhte\u015fem sahil \u015feridinden \u00e7\u00f6l\u00fcn k\u0131y\u0131s\u0131na kadar uzanan bu co\u011frafya, ke\u015ffedilmeyi bekleyen bir hazine gibi. <\/p>\n\n\n\n<h2 class=\"wp-block-heading has-text-align-center has-neeon-button-dark-gray-color has-text-color has-link-color wp-elements-960b6555f76108596f900b2a3e424256\"><span class=\"ez-toc-section\" id=\"cezayirde_gormeniz_gereken_yerler\"><\/span><strong><strong><strong><strong>Cezayir&#8217;de G\u00f6rmeniz Gereken Yerler<\/strong><\/strong><\/strong><\/strong><span class=\"ez-toc-section-end\"><\/span><\/h2>\n\n\n\n<figure class=\"wp-block-image size-large\"><img width=\"800\" height=\"500\" decoding=\"async\" src=\"data:image\/svg+xml;base64,PHN2ZyB4bWxucz0iaHR0cDovL3d3dy53My5vcmcvMjAwMC9zdmciIHdpZHRoPSI4MDAiIGhlaWdodD0iNTAwIj48cmVjdCB3aWR0aD0iMTAwJSIgaGVpZ2h0PSIxMDAlIj48YW5pbWF0ZSBhdHRyaWJ1dGVOYW1lPSJmaWxsIiB2YWx1ZXM9InJnYmEoMTUzLDE1MywxNTMsMC41KTtyZ2JhKDE1MywxNTMsMTUzLDAuMSk7cmdiYSgxNTMsMTUzLDE1MywwLjUpIiBkdXI9IjJzIiByZXBlYXRDb3VudD0iaW5kZWZpbml0ZSIgLz48L3JlY3Q+PC9zdmc+\" alt=\"Cezayir Gezilecek Yerler\" data-public-id=\"wordpress-contents\/cezayir_gezilecek_yerler\/cezayir_gezilecek_yerler.jpg\" class=\"wp-post-10414 wp-image-22520\" data-format=\"jpg\" data-transformations=\"f_auto,q_auto:low\" data-version=\"1712268387\" data-seo=\"1\" data-size=\"800 500\" data-srcset=\"https:\/\/res.cloudinary.com\/turna\/images\/f_auto,q_auto:low\/v1712268387\/wordpress-contents\/cezayir_gezilecek_yerler\/cezayir_gezilecek_yerler.jpg?_i=AA 800w, https:\/\/res.cloudinary.com\/turna\/images\/w_300,h_188,c_scale\/f_auto,q_auto:low\/v1712268387\/wordpress-contents\/cezayir_gezilecek_yerler\/cezayir_gezilecek_yerler.jpg?_i=AA 300w, https:\/\/res.cloudinary.com\/turna\/images\/w_672,h_420,c_scale\/f_auto,q_auto:low\/v1712268387\/wordpress-contents\/cezayir_gezilecek_yerler\/cezayir_gezilecek_yerler.jpg?_i=AA 672w, https:\/\/res.cloudinary.com\/turna\/images\/w_640,h_400,c_scale\/f_auto,q_auto:low\/v1712268387\/wordpress-contents\/cezayir_gezilecek_yerler\/cezayir_gezilecek_yerler.jpg?_i=AA 640w, https:\/\/res.cloudinary.com\/turna\/images\/w_681,h_426,c_scale\/f_auto,q_auto:low\/v1712268387\/wordpress-contents\/cezayir_gezilecek_yerler\/cezayir_gezilecek_yerler.jpg?_i=AA 681w\" data-sizes=\"(max-width: 800px) 100vw, 800px\" data-delivery=\"upload\" onload=\";window.CLDBind?CLDBind(this):null;\" data-cloudinary=\"lazy\" \/><\/figure>\n\n\n\n<p>Yakla\u015f\u0131k 2 milyon 300 bin kilometrekarelik y\u00fcz\u00f6l\u00e7\u00fcm\u00fcyle Afrika k\u0131tas\u0131n\u0131n en b\u00fcy\u00fck ikinci \u00fclkesi olan Cezayir, uzun y\u0131llar Osmanl\u0131, Fransa gibi \u00fclkelerin hakimiyetinde ya\u015fad\u0131\u011f\u0131 i\u00e7in olduk\u00e7a zengin bir k\u00fclt\u00fcrel dokuya sahip. Kuzeydo\u011fuda <strong>Tunus<\/strong>, kuzeyde Akdeniz, g\u00fcneyde <strong>Nijer<\/strong> ve <strong>Mali<\/strong>, do\u011fuda <strong>Libya<\/strong>, bat\u0131 b\u00f6l\u00fcm\u00fcnde ise <strong>Fas<\/strong> ile kom\u015fu olan \u00fclkenin g\u00fcneybat\u0131s\u0131nda da <strong>Moritanya<\/strong> bulunuyor. Konstantin, Vahran, Cezayir gibi b\u00fcy\u00fck \u015fehirlerinde yer alan tarihi yap\u0131lar\u0131, enfes sahilleri, ye\u015filin en g\u00fczel tonlar\u0131n\u0131 g\u00f6rebilece\u011finiz do\u011fas\u0131 ve rengarenk sokaklar\u0131yla hayranl\u0131k uyand\u0131ran bu \u00fclke, egzotik atmosferiyle k\u00fclt\u00fcrel geziler yapmay\u0131 sevenlerin pop\u00fcler seyahat rotalar\u0131ndan biri. \u0130\u015fte Cezayir gezilecek yerler listesi&#8230;<\/p>\n\n\n\n<h3 class=\"wp-block-heading has-text-align-center has-neeon-button-dark-gray-color has-text-color has-link-color wp-elements-66c9f3bc072b61aa455543811a24c5d2\"><span class=\"ez-toc-section\" id=\"kasbah\"><\/span><strong><strong><strong><strong>Kasbah<\/strong><\/strong><\/strong><\/strong><span class=\"ez-toc-section-end\"><\/span><\/h3>\n\n\n\n<figure class=\"wp-block-image size-large\"><img decoding=\"async\" src=\"https:\/\/res.cloudinary.com\/turna\/image\/upload\/v1712268387\/wordpress-contents\/casbah.jpg\" alt=\"Cezayir Gezilecek Yerler kasbah\"\/><\/figure>\n\n\n\n<p>Algiers&#8217;teki Kasbah Cezayir \u015fehrinin kalesi ve kale etraf\u0131nda yer alan geleneksel meydan. Darac\u0131k sokaklar\u0131 ve geleneksel mimarisiyle bezenmi\u015f evleri ile ziyaret\u00e7ilere zaman\u0131n izlerini ta\u015f\u0131yan bir atmosfer sunuyor. Kasbah&#8217;\u0131n labirent sokaklar\u0131nda kaybolmak, tarihin derinliklerine yolculuk yapmak gibi. Burada her k\u00f6\u015fe, bir zamanlar bu topraklarda ya\u015fam\u0131\u015f olan medeniyetlerin izlerini ta\u015f\u0131yor.<\/p>\n\n\n\n<p>Mo\u011fol istilalar\u0131ndan Osmanl\u0131 hakimiyetine, Frans\u0131z s\u00f6m\u00fcrgecili\u011finden Cezayir&#8217;in ba\u011f\u0131ms\u0131zl\u0131k m\u00fccadelesine kadar bir\u00e7ok \u00f6nemli olay\u0131n merkezi olmu\u015f. Kasbah, sadece tarihi bir yer de\u011fil, ayn\u0131 zamanda Cezayir&#8217;in sosyal ve k\u00fclt\u00fcrel dokusunun da bir yans\u0131mas\u0131. Buras\u0131, geleneksel el sanatlar\u0131yla s\u00fcslenmi\u015f d\u00fckkanlar\u0131, yerel lezzetlerin sunuldu\u011fu sokak pazarlar\u0131 ve yerel halk\u0131n samimi misafirperverli\u011fiyle dolu bir ya\u015fam alan\u0131. Kasbah Unesco d\u00fcnya miras\u0131 listesinde.<\/p>\n\n\n\n<p>Konum <strong><a href=\"https:\/\/maps.app.goo.gl\/mkiauXCzdSC9zRYe6\" target=\"_blank\" rel=\"noreferrer noopener\">burada.<\/a><\/strong><\/p>\n\n\n\n<h3 class=\"wp-block-heading has-text-align-center has-neeon-button-dark-gray-color has-text-color has-link-color wp-elements-e71dffb1c8a53b8f67f0d2f38078fca3\"><span class=\"ez-toc-section\" id=\"timgad_antik_kenti\"><\/span><strong><strong><strong><strong>Timgad Antik Kenti<\/strong><\/strong><\/strong><\/strong><span class=\"ez-toc-section-end\"><\/span><\/h3>\n\n\n\n<figure class=\"wp-block-image size-large\"><img decoding=\"async\" src=\"https:\/\/res.cloudinary.com\/turna\/image\/upload\/v1712268395\/wordpress-contents\/Timgad_Antik_Kenti.jpg\" alt=\"Cezayir Gezilecek Yerler timgad\"\/><\/figure>\n\n\n\n<p>Timgad Antik Kenti, Cezayir&#8217;in do\u011fusunda, bug\u00fcnk\u00fc Batna \u015fehrinin yak\u0131nlar\u0131nda bulunan etkileyici bir arkeolojik alan. Roma \u0130mparatorlu\u011fu&#8217;nun parlak d\u00f6nemlerinde in\u015fa edilen bu antik kent, 100 y\u0131l\u0131 a\u015fk\u0131n bir s\u00fcre boyunca varl\u0131\u011f\u0131n\u0131 s\u00fcrd\u00fcrm\u00fc\u015f ve zamanla \u00f6nemli bir k\u00fclt\u00fcrel ve ticari merkez haline gelmi\u015f.<\/p>\n\n\n\n<p>Timgad&#8217;\u0131n dikkat \u00e7eken \u00f6zelliklerinden biri, d\u00fczenli ve simetrik sokaklar\u0131. Antik tiyatrosu, tap\u0131naklar\u0131 ve hamamlar\u0131, mozaiklerle s\u00fcslenmi\u015f kal\u0131nt\u0131lar\u0131, antik kentin eski ihti\u015fam\u0131n\u0131 ve zenginli\u011fini yans\u0131t\u0131yor. Timgad, sadece tarihi bir an\u0131t de\u011fil, ayn\u0131 zamanda Roma \u0130mparatorlu\u011fu&#8217;nun Afrika&#8217;daki \u00f6nemli bir miras\u0131.<\/p>\n\n\n\n<p>Konum <strong><a href=\"https:\/\/maps.app.goo.gl\/bqENdhyZ3Vgyo3ni9\" target=\"_blank\" rel=\"noreferrer noopener\">burada.<\/a><\/strong><\/p>\n\n\n\n<h3 class=\"wp-block-heading has-text-align-center has-neeon-button-dark-gray-color has-text-color has-link-color wp-elements-52e8d530124ce09a7161aaaa86ce3fc3\"><span class=\"ez-toc-section\" id=\"ahaggar_ulusal_parki\"><\/span><strong><strong><strong><strong>Ahaggar Ulusal Park\u0131<\/strong><\/strong><\/strong><\/strong><span class=\"ez-toc-section-end\"><\/span><\/h3>\n\n\n\n<figure class=\"wp-block-image size-large\"><img decoding=\"async\" src=\"https:\/\/res.cloudinary.com\/turna\/image\/upload\/v1712268387\/wordpress-contents\/Ahaggar_Ulusal_Park%C4%B1.jpg\" alt=\"Cezayir Gezilecek Yerler ahaggar\"\/><\/figure>\n\n\n\n<p>Cezayir&#8217;in g\u00fcneyinde, Sahara \u00c7\u00f6l\u00fc&#8217;n\u00fcn e\u015fsiz manzaralar\u0131n\u0131 sunan Ahaggar Ulusal Park\u0131, do\u011fa tutkunlar\u0131n\u0131 b\u00fcy\u00fcleyen bir cennet. Sahip oldu\u011fu muhte\u015fem da\u011f silsileleri, derin kanyonlar, gizemli vahalar ve \u00e7arp\u0131c\u0131 kaya olu\u015fumlar\u0131yla park, adeta bir do\u011fa harikas\u0131. Tarihin derinliklerine uzanan volkanik kal\u0131nt\u0131lar\u0131 ve binlerce y\u0131ll\u0131k yeralt\u0131 su kaynaklar\u0131yla zenginle\u015fen park, ya\u015fam\u0131 destekleyen bir\u00e7ok bitki ve hayvan t\u00fcr\u00fcne ev sahipli\u011fi yap\u0131yor.<\/p>\n\n\n\n<p>Ahaggar&#8217;da trekking, da\u011f t\u0131rman\u0131\u015f\u0131 veya arazi arac\u0131yla safari gibi bir\u00e7ok aktivite yapabilirsiniz. Ayn\u0131 zamanda, yerli Tuareg ve Toubou topluluklar\u0131na ev sahipli\u011fi yapmas\u0131yla, ziyaret\u00e7ilere yerel k\u00fclt\u00fcr ve ya\u015fam tarz\u0131n\u0131 ke\u015ffetme f\u0131rsat\u0131 sunuyor. Cezayir&#8217;in do\u011fal g\u00fczelliklerini ve \u00e7e\u015fitlili\u011fini ke\u015ffetmek i\u00e7in listenize ekleyebilirsiniz.<\/p>\n\n\n\n<p>Konum <strong><a href=\"https:\/\/maps.app.goo.gl\/BZPJTNQRsvAZz1Ac7\" target=\"_blank\" rel=\"noreferrer noopener\">burada.<\/a><\/strong><\/p>\n\n\n\n<h3 class=\"wp-block-heading has-text-align-center has-neeon-button-dark-gray-color has-text-color has-link-color wp-elements-514524dc3e085b1fd944a45ce387a807\"><span class=\"ez-toc-section\" id=\"djemila_antik_kenti\"><\/span><strong><strong><strong><strong>Dj\u00e9mila Antik Kenti<\/strong><\/strong><\/strong><\/strong><span class=\"ez-toc-section-end\"><\/span><\/h3>\n\n\n\n<figure class=\"wp-block-image size-large\"><img decoding=\"async\" src=\"https:\/\/res.cloudinary.com\/turna\/image\/upload\/v1712268388\/wordpress-contents\/Dj%C3%A9mila_Antik_Kenti.jpg\" alt=\"Dj\u00e9mila Antik Kenti\"\/><\/figure>\n\n\n\n<p>Cezayir&#8217;in kuzeyinde, Kabylie Da\u011flar\u0131&#8217;n\u0131n eteklerinde yer alan Dj\u00e9mila Antik Kenti, Roma \u0130mparatorlu\u011fu&#8217;nun \u00f6nemli bir miras\u0131. UNESCO D\u00fcnya Miras\u0131 Listesi&#8217;nde yer alan bu antik kent, muhte\u015fem mozaikleri, etkileyici an\u0131tsal yap\u0131lar\u0131 ve dikkat \u00e7ekici mimarisiyle ziyaret\u00e7ilerini b\u00fcy\u00fcl\u00fcyor.<\/p>\n\n\n\n<p>\u0130lk olarak Roma \u0130mparatorlu\u011fu&#8217;nun Afrika&#8217;daki geni\u015flemesi s\u0131ras\u0131nda kurulan Dj\u00e9mila, zaman i\u00e7inde zengin bir k\u00fclt\u00fcrel ve ticari merkez haline gelmi\u015f. Antik tiyatrosu, tap\u0131naklar\u0131, hamamlar\u0131 ve s\u00fctunlu caddeleriyle Dj\u00e9mila, Roma d\u00f6neminin ihti\u015fam\u0131n\u0131 yans\u0131tan bir a\u00e7\u0131k hava m\u00fczesini and\u0131r\u0131yor.<\/p>\n\n\n\n<p>Konum <strong><a href=\"https:\/\/maps.app.goo.gl\/yrSuRZNgUXJNi8in6\" target=\"_blank\" rel=\"noreferrer noopener\">burada.<\/a><\/strong><\/p>\n\n\n\n<h3 class=\"wp-block-heading has-text-align-center has-neeon-button-dark-gray-color has-text-color has-link-color wp-elements-4300fc4afb05b777544e6ac5218229f0\"><span class=\"ez-toc-section\" id=\"tipaza_antik_kenti\"><\/span><strong><strong><strong><strong>Tipaza Antik Kenti<\/strong><\/strong><\/strong><\/strong><span class=\"ez-toc-section-end\"><\/span><\/h3>\n\n\n\n<figure class=\"wp-block-image size-large\"><img decoding=\"async\" src=\"https:\/\/res.cloudinary.com\/turna\/image\/upload\/v1712268396\/wordpress-contents\/Tipaza_Antik_Kenti.jpg\" alt=\"Tipaza Antik Kenti\"\/><\/figure>\n\n\n\n<p>Cezayir&#8217;in Akdeniz k\u0131y\u0131s\u0131nda yer alan Tipaza Antik Kenti, tarihi ve arkeolojik \u00f6nemiyle dikkat \u00e7eken bir b\u00f6lge. Fenikeliler taraf\u0131ndan kurulan ve daha sonra Roma \u0130mparatorlu\u011fu&#8217;nun bir par\u00e7as\u0131 haline gelen bu antik kent, muhte\u015fem bir manzaraya sahip. Denizin kenar\u0131nda yer alan kal\u0131nt\u0131lar aras\u0131nda antik tap\u0131naklar, tiyatrolar, hamamlar ve Roma d\u00f6nemine ait izler olduk\u00e7a etkileyici. Bunlar\u0131n yan\u0131 s\u0131ra, Tipaza&#8217;da bulunan etkileyici mozaikler, antik kentin d\u00f6neminin sanat ve mimari zenginli\u011fini yans\u0131t\u0131yor.<\/p>\n\n\n\n<p>Konum <strong><a href=\"https:\/\/maps.app.goo.gl\/6cmzL1wqdHQnLyqh7\" target=\"_blank\" rel=\"noreferrer noopener\">burada.<\/a><\/strong><\/p>\n\n\n\n<h3 class=\"wp-block-heading has-text-align-center has-neeon-button-dark-gray-color has-text-color has-link-color wp-elements-7607e5c785c7f306d80d2f495333cb9c\"><span class=\"ez-toc-section\" id=\"notre_dame_katedrali\"><\/span><strong><strong><strong><strong>Notre Dame Katedrali<\/strong><\/strong><\/strong><\/strong><span class=\"ez-toc-section-end\"><\/span><\/h3>\n\n\n\n<figure class=\"wp-block-image size-large\"><img decoding=\"async\" src=\"https:\/\/res.cloudinary.com\/turna\/image\/upload\/v1712268393\/wordpress-contents\/Notre_Dame_Katedrali_cezayir.jpg\" alt=\"Notre Dame Katedrali\"\/><\/figure>\n\n\n\n<p>\u00dclkede Bizans mimarisini yans\u0131tan en \u00f6nemli tarihi ibadethanelerden biri olan <strong>Notre Dame Katedrali<\/strong>, 1872 y\u0131l\u0131nda yap\u0131lm\u0131\u015f. Frans\u0131zlar taraf\u0131ndan Akdeniz&#8217;in b\u00fcy\u00fcleyici manzaras\u0131n\u0131 g\u00f6ren bir konuma in\u015fa edilen&nbsp;Notre Dame Katedrali, ba\u015fkent \u015fehir merkezinin kuzey b\u00f6l\u00fcm\u00fcnde yer al\u0131yor. \u015eehre gelen turistlerin g\u00f6rmeden ayr\u0131lmad\u0131\u011f\u0131 yap\u0131lar aras\u0131nda bulunan bu katedral ihti\u015faml\u0131 mimarisi ve g\u00f6z al\u0131c\u0131 i\u00e7 dekorasyonuyla an\u0131l\u0131yor.<\/p>\n\n\n\n<p>Konum <strong><a href=\"https:\/\/maps.app.goo.gl\/rbXXbV8hcRie4cic9\" target=\"_blank\" rel=\"noreferrer noopener\">burada.<\/a><\/strong><\/p>\n\n\n\n<h3 class=\"wp-block-heading has-text-align-center has-neeon-button-dark-gray-color has-text-color has-link-color wp-elements-a77c41cd30a21097bd3b37bd0dec51ff\"><span class=\"ez-toc-section\" id=\"el_bahia_plajlari\"><\/span><strong><strong><strong><strong>El Bahia Plajlar\u0131<\/strong><\/strong><\/strong><\/strong><span class=\"ez-toc-section-end\"><\/span><\/h3>\n\n\n\n<figure class=\"wp-block-image size-large\"><img decoding=\"async\" src=\"https:\/\/res.cloudinary.com\/turna\/image\/upload\/v1712268390\/wordpress-contents\/El_Bahia_Plajlar%C4%B1.jpg\" alt=\"El Bahia Plajlar\u0131\"\/><\/figure>\n\n\n\n<p>Ain El-Turck, Bousfer, Mers El-Kebir, Corales, Les Andalouses gibi birbirinden etkileyici plajlara ev sahipli\u011fi yapan Oran \u015fehrinin en \u00fcnl\u00fc tatil adresi&nbsp;<strong>El Bahia Plajlar\u0131<\/strong>. E\u011fer bu \u00fclkeyi ziyaret etme amac\u0131n\u0131z deniz, kum ve g\u00fcne\u015f turizminden yararlanmak ise El Bahia Plajlar\u0131&#8217;n\u0131n masmavi sular\u0131nda y\u00fcz\u00fcp, huzur dolu ve tertemiz havas\u0131n\u0131 hissetmeyi ihmal etmeyin.<\/p>\n\n\n\n<h3 class=\"wp-block-heading has-text-align-center has-neeon-button-dark-gray-color has-text-color has-link-color wp-elements-7de1a4a2a72daf2a288d83e4208d9b84\"><span class=\"ez-toc-section\" id=\"le_jardin_dessai_du_hamma\"><\/span><strong><strong><strong><strong><strong>Le Jardin d\u2019Essai du Hamma<\/strong><\/strong><\/strong><\/strong><\/strong><span class=\"ez-toc-section-end\"><\/span><\/h3>\n\n\n\n<figure class=\"wp-block-image size-large\"><img decoding=\"async\" src=\"https:\/\/res.cloudinary.com\/turna\/image\/upload\/v1712268392\/wordpress-contents\/Le_Jardin_d_Essai_du_Hamma.jpg\" alt=\"Le Jardin d\u2019Essai du Hamma\"\/><\/figure>\n\n\n\n<p>Cezayir&#8217;in ba\u015fkenti Algiers&#8217;de yer alan Le Jardin d\u2019Essai du Hamma, \u015fehrin kalabal\u0131\u011f\u0131ndan ka\u00e7\u0131p do\u011fan\u0131n sakinli\u011finde bir mola vermek isteyenler i\u00e7in ideal bir ka\u00e7\u0131\u015f noktas\u0131. 19. y\u00fczy\u0131lda Frans\u0131zlar taraf\u0131ndan olu\u015fturulan bu botanik bah\u00e7e, muhte\u015fem bitki \u00e7e\u015fitlili\u011fi ve \u00f6zenle d\u00fczenlenmi\u015f peyzaj\u0131yla g\u00f6z kama\u015ft\u0131r\u0131yor.<\/p>\n\n\n\n<p>Eski \u00e7a\u011flardan g\u00fcn\u00fcm\u00fcze uzanan nadir bitki t\u00fcrlerinin sergilendi\u011fi bah\u00e7e, ziyaret\u00e7ilerini tropik cennetlere do\u011fru bir yolculu\u011fa \u00e7\u0131kar\u0131yor. A\u011fa\u00e7lar aras\u0131nda dola\u015f\u0131rken, ku\u015f c\u0131v\u0131lt\u0131lar\u0131 aras\u0131nda dinlenirken veya g\u00f6letlerin kenar\u0131nda keyif yaparken \u015fehrin g\u00fcr\u00fclt\u00fcs\u00fcnden uzakla\u015f\u0131p huzuru bulabilirsiniz.<\/p>\n\n\n\n<p>Konum <strong><a href=\"https:\/\/maps.app.goo.gl\/hA4RcdZGFAiPA1QD7\" target=\"_blank\" rel=\"noreferrer noopener\">burada.<\/a><\/strong><\/p>\n\n\n\n<h3 class=\"wp-block-heading has-text-align-center has-neeon-button-dark-gray-color has-text-color has-link-color wp-elements-02c77d954ec9153620452216147c1dcf\"><span class=\"ez-toc-section\" id=\"memorial_du_martyr\"><\/span><strong><strong><strong><strong>Memorial du Martyr<\/strong><\/strong><\/strong><\/strong><span class=\"ez-toc-section-end\"><\/span><\/h3>\n\n\n\n<figure class=\"wp-block-image size-large\"><img decoding=\"async\" src=\"https:\/\/res.cloudinary.com\/turna\/image\/upload\/v1712268392\/wordpress-contents\/Memorial_du_Martyr.jpg\" alt=\"Memorial du Martyr\"\/><\/figure>\n\n\n\n<p>Memorial du Martyr, Cezayir&#8217;in ba\u015fkenti Algiers&#8217;in sembolik yap\u0131lar\u0131ndan biri ve \u00fclkenin ba\u011f\u0131ms\u0131zl\u0131k m\u00fccadelesinde hayat\u0131n\u0131 kaybedenlerin an\u0131s\u0131na dikilmi\u015f. 1982 y\u0131l\u0131nda tamamlanan bu an\u0131t, Cezayir&#8217;in Frans\u0131z s\u00f6m\u00fcrgecili\u011fine kar\u015f\u0131 verdi\u011fi m\u00fccadelede \u015fehit d\u00fc\u015fenlerin an\u0131s\u0131na in\u015fa edilmi\u015f. Y\u00fcksek bir kuleden olu\u015fan bu yap\u0131, sembolik bir anlam ta\u015f\u0131makla birlikte, etkileyici bir mimariye sahip. An\u0131t\u0131n etraf\u0131ndaki geni\u015f meydan, ziyaret\u00e7ilere muhte\u015fem bir Algiers manzaras\u0131 sunuyor.<\/p>\n\n\n\n<h3 class=\"wp-block-heading has-text-align-center has-neeon-button-dark-gray-color has-text-color has-link-color wp-elements-2ad4184c2a6e6af907f9bb3a014f9903\"><span class=\"ez-toc-section\" id=\"sidi_mcid_koprusu\"><\/span><strong><strong><strong><strong>Sidi M&#8217;cid K\u00f6pr\u00fcs\u00fc<\/strong><\/strong><\/strong><\/strong><span class=\"ez-toc-section-end\"><\/span><\/h3>\n\n\n\n<figure class=\"wp-block-image size-large\"><img decoding=\"async\" src=\"https:\/\/res.cloudinary.com\/turna\/image\/upload\/v1712268394\/wordpress-contents\/Sidi_M_cid_K%C3%B6pr%C3%BCs%C3%BC.jpg\" alt=\"Sidi M'cid K\u00f6pr\u00fcs\u00fc\"\/><\/figure>\n\n\n\n<p><strong>Sidi-M\u2019Cid<\/strong>, 175 metreyi bulan y\u00fcksekli\u011fiyle hem \u00fclkenin hem de d\u00fcnyan\u0131n en y\u00fcksek asma k\u00f6pr\u00fclerinden biri. Cezayir&#8217;in kuzeybat\u0131s\u0131nda bulunan ve Sidi Rached, El-Kantara K\u00f6pr\u00fcs\u00fc ve Rhumel K\u00f6pr\u00fcs\u00fc gibi \u00fcnl\u00fc yap\u0131lar\u0131yla &#8216;K\u00f6pr\u00fcler \u015fehri&#8217; olarak an\u0131lan Konstantin \u015fehrinde yer alan&nbsp;Gantaret El H\u0131bal, etkileyici mimarisinin yan\u0131 s\u0131ra e\u015fsiz \u015fehir manzaras\u0131yla da g\u00f6r\u00fclmeye de\u011fer bir nokta.<\/p>\n\n\n\n<p>Konum <strong><a href=\"https:\/\/maps.app.goo.gl\/rqWuDJxFVeBu4vNr9\" target=\"_blank\" rel=\"noreferrer noopener\">burada.<\/a><\/strong><\/p>\n\n\n\n<p>E\u011fer siz de bu \u00fclkenin otantik atmosferini, tarihi yap\u0131lar\u0131n\u0131 ve g\u00f6z al\u0131c\u0131 k\u00fclt\u00fcrel zenginliklerini daha yak\u0131ndan ke\u015ffetmek istiyorsan\u0131z, Cezayir gezilecek yerler listesine birer birer tik atmak i\u00e7in&nbsp;<a href=\"https:\/\/www.turna.com\/ucak-bileti\/cezayir\" target=\"_blank\" rel=\"noopener noreferrer\"><strong>Cezayir u\u00e7ak bileti<\/strong><\/a>&nbsp;f\u0131rsatlar\u0131n\u0131 de\u011ferlendirerek seyahat planlar\u0131n\u0131z i\u00e7in ilk ad\u0131m\u0131 atabilirsiniz.<\/p>\n\n\n\n<p><strong>NOT:<\/strong> <strong><a aria-label=\"Cezayir vizesi (yeni sekmede a\u00e7\u0131l\u0131r)\" href=\"https:\/\/www.turna.com\/sikca-sorulan-sorular\/cezayir-vizesi\" target=\"_blank\" rel=\"noreferrer noopener\">Cezayir vizesi<\/a><\/strong> hakk\u0131nda detayl\u0131 bilgilere de Turna.com \u00fczerinden ula\u015fabilirsiniz.                           <\/p>\n\n    <div class=\"xs_social_share_widget xs_share_url after_content \t\tmain_content  wslu-style-1 wslu-share-box-shaped wslu-fill-colored wslu-none wslu-share-horizontal wslu-theme-font-no wslu-main_content\">\n\n\t\t\n        <ul>\n\t\t\t        <\/ul>\n    <\/div> \n","protected":false},"excerpt":{"rendered":"<p>Cezayir, tarihin izlerini modernitenin yan\u0131 ba\u015f\u0131nda ta\u015f\u0131yan bir \u00fclke. Akdeniz&#8217;in sular\u0131na k\u0131y\u0131s\u0131 olan bu gizemli topraklar, &#8220;Cezayir gezilecek yerler&#8221; b\u00fcy\u00fcleyici bir ser\u00fcvene davet ediyor. Zengin k\u00fclt\u00fcrel miras\u0131yla adeta bir a\u00e7\u0131k hava m\u00fczesini and\u0131ran Cezayir, her k\u00f6\u015fesinde bir hikaye bar\u0131nd\u0131r\u0131yor. Antik Roma harabelerinden eski medina sokaklar\u0131na, muhte\u015fem sahil \u015feridinden \u00e7\u00f6l\u00fcn k\u0131y\u0131s\u0131na kadar uzanan bu co\u011frafya, ke\u015ffedilmeyi bekleyen bir hazine gibi. <\/p>\n","protected":false},"author":34,"featured_media":22520,"comment_status":"open","ping_status":"open","sticky":false,"template":"","format":"standard","meta":{"rop_custom_images_group":[],"rop_custom_messages_group":[],"rop_publish_now":"initial","rop_publish_now_accounts":[],"rop_publish_now_history":[],"rop_publish_now_status":"pending","_cloudinary_featured_overwrite":false,"footnotes":""},"categories":[1202],"tags":[],"class_list":["post-10414","post","type-post","status-publish","format-standard","has-post-thumbnail","hentry","category-cezayir"],"_links":{"self":[{"href":"https:\/\/www.turna.com\/blog\/wp-json\/wp\/v2\/posts\/10414","targetHints":{"allow":["GET"]}}],"collection":[{"href":"https:\/\/www.turna.com\/blog\/wp-json\/wp\/v2\/posts"}],"about":[{"href":"https:\/\/www.turna.com\/blog\/wp-json\/wp\/v2\/types\/post"}],"author":[{"embeddable":true,"href":"https:\/\/www.turna.com\/blog\/wp-json\/wp\/v2\/users\/34"}],"replies":[{"embeddable":true,"href":"https:\/\/www.turna.com\/blog\/wp-json\/wp\/v2\/comments?post=10414"}],"version-history":[{"count":0,"href":"https:\/\/www.turna.com\/blog\/wp-json\/wp\/v2\/posts\/10414\/revisions"}],"wp:featuredmedia":[{"embeddable":true,"href":"https:\/\/www.turna.com\/blog\/wp-json\/wp\/v2\/media\/22520"}],"wp:attachment":[{"href":"https:\/\/www.turna.com\/blog\/wp-json\/wp\/v2\/media?parent=10414"}],"wp:term":[{"taxonomy":"category","embeddable":true,"href":"https:\/\/www.turna.com\/blog\/wp-json\/wp\/v2\/categories?post=10414"},{"taxonomy":"post_tag","embeddable":true,"href":"https:\/\/www.turna.com\/blog\/wp-json\/wp\/v2\/tags?post=10414"}],"curies":[{"name":"wp","href":"https:\/\/api.w.org\/{rel}","templated":true}]}}