{"id":10207,"date":"2025-02-24T11:45:32","date_gmt":"2025-02-24T08:45:32","guid":{"rendered":"https:\/\/www.turna.com\/blog\/?p=10207"},"modified":"2025-07-01T18:28:46","modified_gmt":"2025-07-01T15:28:46","slug":"gurcistan-gezilecek-yerler","status":"publish","type":"post","link":"https:\/\/www.turna.com\/blog\/gurcistan-gezilecek-yerler","title":{"rendered":"G\u00fcrcistan\u2019da G\u00f6r\u00fclmesi Gereken 20 Yer"},"content":{"rendered":"<div id=\"ez-toc-container\" class=\"ez-toc-v2_0_82_2 counter-hierarchy ez-toc-counter ez-toc-black ez-toc-container-direction\">\n<div class=\"ez-toc-title-container\">\n<p class=\"ez-toc-title\" style=\"cursor:inherit\">\u0130\u00e7indekiler<\/p>\n<span class=\"ez-toc-title-toggle\"><a href=\"#\" class=\"ez-toc-pull-right ez-toc-btn ez-toc-btn-xs ez-toc-btn-default ez-toc-toggle\" aria-label=\"\u0130\u00e7indekiler Tablosunu A\u00e7\/Kapat\"><span class=\"ez-toc-js-icon-con\"><span class=\"\"><span class=\"eztoc-hide\" style=\"display:none;\">Toggle<\/span><span class=\"ez-toc-icon-toggle-span\"><svg style=\"fill: #ffffff;color:#ffffff\" xmlns=\"http:\/\/www.w3.org\/2000\/svg\" class=\"list-377408\" width=\"20px\" height=\"20px\" viewBox=\"0 0 24 24\" fill=\"none\"><path d=\"M6 6H4v2h2V6zm14 0H8v2h12V6zM4 11h2v2H4v-2zm16 0H8v2h12v-2zM4 16h2v2H4v-2zm16 0H8v2h12v-2z\" fill=\"currentColor\"><\/path><\/svg><svg style=\"fill: #ffffff;color:#ffffff\" class=\"arrow-unsorted-368013\" xmlns=\"http:\/\/www.w3.org\/2000\/svg\" width=\"10px\" height=\"10px\" viewBox=\"0 0 24 24\" version=\"1.2\" baseProfile=\"tiny\"><path d=\"M18.2 9.3l-6.2-6.3-6.2 6.3c-.2.2-.3.4-.3.7s.1.5.3.7c.2.2.4.3.7.3h11c.3 0 .5-.1.7-.3.2-.2.3-.5.3-.7s-.1-.5-.3-.7zM5.8 14.7l6.2 6.3 6.2-6.3c.2-.2.3-.5.3-.7s-.1-.5-.3-.7c-.2-.2-.4-.3-.7-.3h-11c-.3 0-.5.1-.7.3-.2.2-.3.5-.3.7s.1.5.3.7z\"\/><\/svg><\/span><\/span><\/span><\/a><\/span><\/div>\n<nav><ul class='ez-toc-list ez-toc-list-level-1 eztoc-toggle-hide-by-default' ><li class='ez-toc-page-1 ez-toc-heading-level-2'><a class=\"ez-toc-link ez-toc-heading-1\" href=\"https:\/\/www.turna.com\/blog\/gurcistan-gezilecek-yerler\/#gurcistanda_gezilecek_20_rota\" >G\u00fcrcistan\u2019da Gezilecek 20 Rota<\/a><ul class='ez-toc-list-level-3' ><li class='ez-toc-heading-level-3'><a class=\"ez-toc-link ez-toc-heading-2\" href=\"https:\/\/www.turna.com\/blog\/gurcistan-gezilecek-yerler\/#batum\" >Batum<\/a><\/li><li class='ez-toc-page-1 ez-toc-heading-level-3'><a class=\"ez-toc-link ez-toc-heading-3\" href=\"https:\/\/www.turna.com\/blog\/gurcistan-gezilecek-yerler\/#batum_bulvari\" >Batum Bulvar\u0131<\/a><\/li><li class='ez-toc-page-1 ez-toc-heading-level-3'><a class=\"ez-toc-link ez-toc-heading-4\" href=\"https:\/\/www.turna.com\/blog\/gurcistan-gezilecek-yerler\/#ali_nino_heykeli\" >Ali &amp; Nino Heykeli<\/a><\/li><li class='ez-toc-page-1 ez-toc-heading-level-3'><a class=\"ez-toc-link ez-toc-heading-5\" href=\"https:\/\/www.turna.com\/blog\/gurcistan-gezilecek-yerler\/#ters_ev\" >Ters Ev<\/a><\/li><li class='ez-toc-page-1 ez-toc-heading-level-3'><a class=\"ez-toc-link ez-toc-heading-6\" href=\"https:\/\/www.turna.com\/blog\/gurcistan-gezilecek-yerler\/#piazza_meydani\" >Piazza Meydan\u0131<\/a><\/li><li class='ez-toc-page-1 ez-toc-heading-level-3'><a class=\"ez-toc-link ez-toc-heading-7\" href=\"https:\/\/www.turna.com\/blog\/gurcistan-gezilecek-yerler\/#batum_botanik_bahcesi\" >Batum Botanik Bah\u00e7esi<\/a><\/li><li class='ez-toc-page-1 ez-toc-heading-level-3'><a class=\"ez-toc-link ez-toc-heading-8\" href=\"https:\/\/www.turna.com\/blog\/gurcistan-gezilecek-yerler\/#borjomi\" >Borjomi<\/a><\/li><li class='ez-toc-page-1 ez-toc-heading-level-3'><a class=\"ez-toc-link ez-toc-heading-9\" href=\"https:\/\/www.turna.com\/blog\/gurcistan-gezilecek-yerler\/#avrupa_meydani\" >Avrupa Meydan\u0131<\/a><\/li><li class='ez-toc-page-1 ez-toc-heading-level-3'><a class=\"ez-toc-link ez-toc-heading-10\" href=\"https:\/\/www.turna.com\/blog\/gurcistan-gezilecek-yerler\/#tiflis\" >Tiflis<\/a><\/li><li class='ez-toc-page-1 ez-toc-heading-level-3'><a class=\"ez-toc-link ez-toc-heading-11\" href=\"https:\/\/www.turna.com\/blog\/gurcistan-gezilecek-yerler\/#sameba_katedrali\" >Sameba Katedrali<\/a><\/li><li class='ez-toc-page-1 ez-toc-heading-level-3'><a class=\"ez-toc-link ez-toc-heading-12\" href=\"https:\/\/www.turna.com\/blog\/gurcistan-gezilecek-yerler\/#jvari_manastiri\" >Jvari Manast\u0131r\u0131<\/a><\/li><li class='ez-toc-page-1 ez-toc-heading-level-3'><a class=\"ez-toc-link ez-toc-heading-13\" href=\"https:\/\/www.turna.com\/blog\/gurcistan-gezilecek-yerler\/#tiflis_tarih_muzesi\" >Tiflis Tarih M\u00fczesi<\/a><\/li><li class='ez-toc-page-1 ez-toc-heading-level-3'><a class=\"ez-toc-link ez-toc-heading-14\" href=\"https:\/\/www.turna.com\/blog\/gurcistan-gezilecek-yerler\/#tiflis_otomobil_muzesi\" >Tiflis Otomobil M\u00fczesi<\/a><\/li><li class='ez-toc-page-1 ez-toc-heading-level-3'><a class=\"ez-toc-link ez-toc-heading-15\" href=\"https:\/\/www.turna.com\/blog\/gurcistan-gezilecek-yerler\/#narikala\" >Narikala<\/a><\/li><li class='ez-toc-page-1 ez-toc-heading-level-3'><a class=\"ez-toc-link ez-toc-heading-16\" href=\"https:\/\/www.turna.com\/blog\/gurcistan-gezilecek-yerler\/#sachino-kralice_darejan_sarayi\" >Sachino-Krali\u00e7e Darejan Saray\u0131<\/a><\/li><li class='ez-toc-page-1 ez-toc-heading-level-3'><a class=\"ez-toc-link ez-toc-heading-17\" href=\"https:\/\/www.turna.com\/blog\/gurcistan-gezilecek-yerler\/#kutaisi\" >Kutaisi<\/a><\/li><li class='ez-toc-page-1 ez-toc-heading-level-3'><a class=\"ez-toc-link ez-toc-heading-18\" href=\"https:\/\/www.turna.com\/blog\/gurcistan-gezilecek-yerler\/#bagrati_katedrali\" >Bagrati Katedrali<\/a><\/li><li class='ez-toc-page-1 ez-toc-heading-level-3'><a class=\"ez-toc-link ez-toc-heading-19\" href=\"https:\/\/www.turna.com\/blog\/gurcistan-gezilecek-yerler\/#gelati_manastiri\" >Gelati Manast\u0131r\u0131<\/a><\/li><li class='ez-toc-page-1 ez-toc-heading-level-3'><a class=\"ez-toc-link ez-toc-heading-20\" href=\"https:\/\/www.turna.com\/blog\/gurcistan-gezilecek-yerler\/#telavi\" >Telavi<\/a><\/li><li class='ez-toc-page-1 ez-toc-heading-level-3'><a class=\"ez-toc-link ez-toc-heading-21\" href=\"https:\/\/www.turna.com\/blog\/gurcistan-gezilecek-yerler\/#rustavi\" >Rustavi<\/a><\/li><\/ul><\/li><\/ul><\/nav><\/div>\n\n<p>T\u00fcrkiye&#8217;den sadece kimlik kart\u0131n\u0131zla kolayca ziyaret edebilece\u011finiz ve gezginlerin favori duraklar\u0131 aras\u0131nda yer alan G\u00fcrcistan, zengin k\u00fclt\u00fcr\u00fc, hareketli gece hayat\u0131 ve do\u011fal g\u00fczellikleri ile bir hayli \u00fcnl\u00fc. Tarihi yap\u0131lar, etkileyici m\u00fczeler ve Karadeniz\u2019in serin sular\u0131na k\u0131y\u0131s\u0131 olan muhte\u015fem plajlar\u0131 ile bu canl\u0131 \u00fclke, her ziyaret\u00e7isi i\u00e7in farkl\u0131 deneyimlerin kap\u0131lar\u0131n\u0131 aral\u0131yor. E\u011fer siz de bu b\u00fcy\u00fcleyici co\u011frafyay\u0131 ke\u015ffetmeyi d\u00fc\u015f\u00fcn\u00fcyorsan\u0131z, kapsaml\u0131 bir \u00f6n ke\u015fif i\u00e7in do\u011fru yerdesiniz. <\/p>\n\n\n\n<h2 class=\"wp-block-heading has-text-align-center has-neeon-button-dark-gray-color has-text-color has-link-color wp-elements-106fdbca32f39d26e31e1df0c18c73bc\"><span class=\"ez-toc-section\" id=\"gurcistanda_gezilecek_20_rota\"><\/span><strong>G\u00fcrcistan\u2019da Gezilecek 20 Rota<\/strong><span class=\"ez-toc-section-end\"><\/span><\/h2>\n\n\n\n<figure class=\"wp-block-image\"><img width=\"800\" height=\"500\" data-public-id=\"Batum_qglmub\/Batum_qglmub.jpg\" fetchpriority=\"high\" decoding=\"async\" src=\"https:\/\/res.cloudinary.com\/turna\/images\/w_800,h_500,c_scale\/f_auto,q_auto:low\/v1499376244\/Batum_qglmub\/Batum_qglmub.jpg?_i=AA\" alt=\"\" class=\"wp-post-10207 wp-image-8811\" data-format=\"jpg\" data-transformations=\"f_auto,q_auto:low\" data-version=\"1499376244\" data-seo=\"1\" srcset=\"https:\/\/res.cloudinary.com\/turna\/images\/f_auto,q_auto:low\/v1499376244\/Batum_qglmub\/Batum_qglmub.jpg?_i=AA 800w, https:\/\/res.cloudinary.com\/turna\/images\/w_300,h_188,c_scale\/f_auto,q_auto:low\/v1499376244\/Batum_qglmub\/Batum_qglmub.jpg?_i=AA 300w, https:\/\/res.cloudinary.com\/turna\/images\/w_672,h_420,c_scale\/f_auto,q_auto:low\/v1499376244\/Batum_qglmub\/Batum_qglmub.jpg?_i=AA 672w, https:\/\/res.cloudinary.com\/turna\/images\/w_640,h_400,c_scale\/f_auto,q_auto:low\/v1499376244\/Batum_qglmub\/Batum_qglmub.jpg?_i=AA 640w, https:\/\/res.cloudinary.com\/turna\/images\/w_681,h_426,c_scale\/f_auto,q_auto:low\/v1499376244\/Batum_qglmub\/Batum_qglmub.jpg?_i=AA 681w\" sizes=\"(max-width: 800px) 100vw, 800px\" \/><\/figure>\n\n\n\n<p>Kafkas Da\u011flar\u0131\u2019n\u0131n eteklerinde sakl\u0131 kalm\u0131\u015f pitoresk da\u011f k\u00f6yleri ve Karadeniz\u2019in b\u00fcy\u00fcleyici k\u0131y\u0131 \u015feridinde uzanan alt\u0131n rengi kumsallar\u0131 ile G\u00fcrcistan, gezginlerin kesinlikle ke\u015ffetmesi gereken bir destinasyon. Gelin, bu e\u015fsiz manzaralar\u0131n ve zengin k\u00fclt\u00fcrel dokunun tad\u0131n\u0131 \u00e7\u0131karmak i\u00e7in G\u00fcrcistan&#8217;\u0131n en g\u00f6zde rotalar\u0131n\u0131 birlikte ke\u015ffedelim!<\/p>\n\n\n\n<h3 class=\"wp-block-heading has-text-align-center has-neeon-button-dark-gray-color has-text-color has-link-color wp-elements-fef345a95d9d5250d7e053055548a9e0\"><span class=\"ez-toc-section\" id=\"batum\"><\/span><strong>Batum<\/strong><span class=\"ez-toc-section-end\"><\/span><\/h3>\n\n\n\n<p>Ticari ve&nbsp;turistik a\u00e7\u0131dan h\u0131zla geli\u015fen Batum, \u00fclkenin parlayan y\u0131ld\u0131z\u0131 konumunda yer al\u0131yor. E\u011flence ya\u015fam\u0131na d\u00fc\u015fk\u00fcn turistlerin u\u011frak adresi olan Batum&#8217;da, bir yanda Sovyet d\u00f6neminden kalma yap\u0131lar\u0131, di\u011fer yanda ise modern mimarinin yans\u0131mas\u0131 olan g\u00f6kdelenleri g\u00f6rebilirsiniz.<\/p>\n\n\n\n<h3 class=\"wp-block-heading has-text-align-center has-neeon-button-dark-gray-color has-text-color has-link-color wp-elements-277065a8501df8cf9247afe29007eb37\"><span class=\"ez-toc-section\" id=\"batum_bulvari\"><\/span><strong>Batum Bulvar\u0131<\/strong><span class=\"ez-toc-section-end\"><\/span><\/h3>\n\n\n\n<figure class=\"wp-block-image\"><img width=\"800\" height=\"500\" data-public-id=\"Nurigeli_cwi39s\/Nurigeli_cwi39s.jpg\" decoding=\"async\" src=\"https:\/\/res.cloudinary.com\/turna\/images\/w_800,h_500,c_scale\/f_auto,q_auto:low\/v1511024944\/Nurigeli_cwi39s\/Nurigeli_cwi39s.jpg?_i=AA\" alt=\"\" class=\"wp-post-10207 wp-image-10328\" data-format=\"jpg\" data-transformations=\"f_auto,q_auto:low\" data-version=\"1511024944\" data-seo=\"1\" srcset=\"https:\/\/res.cloudinary.com\/turna\/images\/f_auto,q_auto:low\/v1511024944\/Nurigeli_cwi39s\/Nurigeli_cwi39s.jpg?_i=AA 800w, https:\/\/res.cloudinary.com\/turna\/images\/w_300,h_188,c_scale\/f_auto,q_auto:low\/v1511024944\/Nurigeli_cwi39s\/Nurigeli_cwi39s.jpg?_i=AA 300w, https:\/\/res.cloudinary.com\/turna\/images\/w_672,h_420,c_scale\/f_auto,q_auto:low\/v1511024944\/Nurigeli_cwi39s\/Nurigeli_cwi39s.jpg?_i=AA 672w, https:\/\/res.cloudinary.com\/turna\/images\/w_640,h_400,c_scale\/f_auto,q_auto:low\/v1511024944\/Nurigeli_cwi39s\/Nurigeli_cwi39s.jpg?_i=AA 640w, https:\/\/res.cloudinary.com\/turna\/images\/w_681,h_426,c_scale\/f_auto,q_auto:low\/v1511024944\/Nurigeli_cwi39s\/Nurigeli_cwi39s.jpg?_i=AA 681w\" sizes=\"(max-width: 800px) 100vw, 800px\" \/><\/figure>\n\n\n\n<p>Batum \u015fehir merkezindeki plaja paralel uzanan 7 km uzunlu\u011fundaki Batum Bulvar\u0131, kafeleri, \u00e7e\u015fmeleri, heykelleri ve park alanlar\u0131 ile dikkat \u00e7ekiyor. Yaz ak\u015famlar\u0131 halk\u0131n ve turistlerin u\u011frak duraklar\u0131 aras\u0131nda bulunan bulvar boyunca son derece g\u00fczel y\u00fcr\u00fcy\u00fc\u015f alanlar\u0131, bisiklet yollar\u0131, \u015firin restoran ve kafeler uzan\u0131yor. Bulvarda yer alan parklardan olan 6 May Park\u2019\u0131 veya Alexander\u2019s Garden olarak bilinen park\u0131n ortas\u0131nda yapay bir g\u00f6l olan Nurigeli G\u00f6l\u00fc bulunuyor.<\/p>\n\n\n\n<h3 class=\"wp-block-heading has-text-align-center has-neeon-button-dark-gray-color has-text-color has-link-color wp-elements-1119309ba7d92b6583be64304f906c29\"><span class=\"ez-toc-section\" id=\"ali_nino_heykeli\"><\/span><strong>Ali &amp; Nino Heykeli<\/strong><span class=\"ez-toc-section-end\"><\/span><\/h3>\n\n\n\n<figure class=\"wp-block-image size-large\"><img decoding=\"async\" src=\"https:\/\/res.cloudinary.com\/turna\/image\/upload\/v1740379939\/wordpress-contents\/ali_ve_nino_heykeli.png\" alt=\"\"\/><\/figure>\n\n\n\n<p>Batum&#8217;un ikonik simgelerinden biri olan Ali ve Nino Heykeli, a\u015fk ve birlik temalar\u0131n\u0131 muhte\u015fem bir \u015fekilde betimliyor. G\u00fcrcistan ile Azerbaycan aras\u0131ndaki k\u00fclt\u00fcrel ba\u011flar\u0131 simgeleyen bu dinamik heykel, iki farkl\u0131 k\u00fclt\u00fcrden gelen gen\u00e7 a\u015f\u0131klar\u0131 temsil ediyor. Her g\u00fcn bat\u0131m\u0131nda birbirine do\u011fru yava\u015f\u00e7a hareket eden ve sonunda kucakla\u015fan bu fig\u00fcrler, ziyaret\u00e7ilere hem g\u00f6rsel hem de duygusal bir deneyim sunuyor. <\/p>\n\n\n\n<h3 class=\"wp-block-heading has-text-align-center has-neeon-button-dark-gray-color has-text-color has-link-color wp-elements-a99333c426b3be7975060f1fde398671\"><span class=\"ez-toc-section\" id=\"ters_ev\"><\/span><strong>Ters Ev<\/strong><span class=\"ez-toc-section-end\"><\/span><\/h3>\n\n\n\n<p>Batumi\u2019nin en ilgin\u00e7 yap\u0131lar\u0131ndan biri olan Ters Ev, ziyaret\u00e7ilerine al\u0131\u015f\u0131lmad\u0131k bir deneyimin kap\u0131lar\u0131n\u0131 aral\u0131yor. Ad\u0131ndan da anla\u015f\u0131laca\u011f\u0131 gibi, bu ev ba\u015f a\u015fa\u011f\u0131 duruyor ve i\u00e7eri ad\u0131m att\u0131\u011f\u0131n\u0131zda sizi bamba\u015fka bir perspektife davet ediyor. Mobilyalar\u0131n tavana sabitlendi\u011fi bu \u015fa\u015f\u0131rt\u0131c\u0131 ev, foto\u011fraf merakl\u0131lar\u0131 ve macera arayanlar i\u00e7in ka\u00e7\u0131r\u0131lmayacak bir durak. <\/p>\n\n\n\n<h3 class=\"wp-block-heading has-text-align-center has-neeon-button-dark-gray-color has-text-color has-link-color wp-elements-884f16d4316b9d3f37f274a90ae59bd8\"><span class=\"ez-toc-section\" id=\"piazza_meydani\"><\/span><strong> Piazza Meydan\u0131<\/strong><span class=\"ez-toc-section-end\"><\/span><\/h3>\n\n\n\n<p>Batum\u2019un en g\u00fczel noktalar\u0131ndan biri olan Piazza Meydan\u0131 (Piazza Square), Avrupa \u015fehirlerinin etkileyici meydanlar\u0131n\u0131 an\u0131msat\u0131yor. 5 bin 700 metrekarelik bir alan kaplayan bu meydan; i\u00e7erisinde otel, restoran, pub ve kafelerin oldu\u011fu Piazza kompleksi ile \u00e7evrili. Havay\u0131 saran taze kahve kokusu ile ho\u015f bir atmosfer sunan meydandaki Caf\u00e9 La Brioche ise canl\u0131 m\u00fczik e\u011flenceleriyle olduk\u00e7a keyifli bir mola dura\u011f\u0131.<\/p>\n\n\n\n<h3 class=\"wp-block-heading has-text-align-center has-neeon-button-dark-gray-color has-text-color has-link-color wp-elements-f66e0ded32dbb8943d4a8d9d6d1ebf38\"><span class=\"ez-toc-section\" id=\"batum_botanik_bahcesi\"><\/span><strong>Batum Botanik Bah\u00e7esi<\/strong><span class=\"ez-toc-section-end\"><\/span><\/h3>\n\n\n\n<figure class=\"wp-block-image size-large\"><img decoding=\"async\" src=\"https:\/\/res.cloudinary.com\/turna\/image\/upload\/v1740380064\/wordpress-contents\/batum.png\" alt=\"\"\/><\/figure>\n\n\n\n<p>Batum Botanik Bah\u00e7esi, do\u011faseverlerin mutlaka ke\u015ffetmesi gereken bir cazibe merkezi. Karadeniz&#8217;in hemen k\u0131y\u0131s\u0131nda konumlanan bu b\u00fcy\u00fcleyici bah\u00e7e, d\u00fcnyan\u0131n d\u00f6rt bir yan\u0131ndan getirilen egzotik bitkilerle dolu. Yemye\u015fil yollar\u0131 takip ederken, tropik ormanlar\u0131n serinli\u011fini ve rengarenk \u00e7i\u00e7eklerin b\u00fcy\u00fcs\u00fcn\u00fc hissedeceksiniz. Batum Botanik Bah\u00e7esi, do\u011fan\u0131n kuca\u011f\u0131nda sakin bir ka\u00e7amak yapmak isteyen gezginler i\u00e7in keyifli bir durak.<\/p>\n\n\n\n<h3 class=\"wp-block-heading has-text-align-center has-neeon-button-dark-gray-color has-text-color has-link-color wp-elements-c8a09bf21ba551566e1330703eda550f\"><span class=\"ez-toc-section\" id=\"borjomi\"><\/span><strong>Borjomi<\/strong><span class=\"ez-toc-section-end\"><\/span><\/h3>\n\n\n\n<figure class=\"wp-block-image\"><img width=\"800\" height=\"500\" data-public-id=\"Borjomi_rdx4jc\/Borjomi_rdx4jc.jpg\" decoding=\"async\" src=\"https:\/\/res.cloudinary.com\/turna\/images\/w_800,h_500,c_scale\/f_auto,q_auto:low\/v1511024924\/Borjomi_rdx4jc\/Borjomi_rdx4jc.jpg?_i=AA\" alt=\"\" class=\"wp-post-10207 wp-image-10327\" data-format=\"jpg\" data-transformations=\"f_auto,q_auto:low\" data-version=\"1511024924\" data-seo=\"1\" srcset=\"https:\/\/res.cloudinary.com\/turna\/images\/f_auto,q_auto:low\/v1511024924\/Borjomi_rdx4jc\/Borjomi_rdx4jc.jpg?_i=AA 800w, https:\/\/res.cloudinary.com\/turna\/images\/w_300,h_188,c_scale\/f_auto,q_auto:low\/v1511024924\/Borjomi_rdx4jc\/Borjomi_rdx4jc.jpg?_i=AA 300w, https:\/\/res.cloudinary.com\/turna\/images\/w_672,h_420,c_scale\/f_auto,q_auto:low\/v1511024924\/Borjomi_rdx4jc\/Borjomi_rdx4jc.jpg?_i=AA 672w, https:\/\/res.cloudinary.com\/turna\/images\/w_640,h_400,c_scale\/f_auto,q_auto:low\/v1511024924\/Borjomi_rdx4jc\/Borjomi_rdx4jc.jpg?_i=AA 640w, https:\/\/res.cloudinary.com\/turna\/images\/w_681,h_426,c_scale\/f_auto,q_auto:low\/v1511024924\/Borjomi_rdx4jc\/Borjomi_rdx4jc.jpg?_i=AA 681w\" sizes=\"(max-width: 800px) 100vw, 800px\" \/><\/figure>\n\n\n\n<p>G\u00fcrcistan\u2019da maden suyunun \u00fcretildi\u011fi olduk\u00e7a pop\u00fcler bir \u015fehir olan Borjomi\u2019de, turistik tesis bulunmuyor ancak \u015fehir parklar\u0131ndan bile maden suyu akan \u015fehir, bu y\u00f6n\u00fcyle turistlerin ilgi oda\u011f\u0131 oluyor. Tad\u0131 olduk\u00e7a tuzlu olan bu suyu tatmak i\u00e7in yapman\u0131z gereken \u015fey yan\u0131n\u0131za bir \u015fi\u015fe al\u0131p, Borjomi\u2019ye do\u011fru yola \u00e7\u0131kmak.<\/p>\n\n\n\n<h3 class=\"wp-block-heading has-text-align-center has-neeon-button-dark-gray-color has-text-color has-link-color wp-elements-f064c7e24b0aaf7c8f1801fd5f90fa44\"><span class=\"ez-toc-section\" id=\"avrupa_meydani\"><\/span><strong>Avrupa Meydan\u0131<\/strong><span class=\"ez-toc-section-end\"><\/span><\/h3>\n\n\n\n<p>Avrupa Meydan\u0131 (Europe Square), Batum&#8217;un ana meydan\u0131 olarak ge\u00e7iyor. S\u0131cak yaz ak\u015famlar\u0131nda \u00e7ocuk c\u0131v\u0131lt\u0131lar\u0131na ve ho\u015f sohbetlere ev sahipli\u011fi yapan bu parkta konumlanan Medea Heykeli, yakla\u015f\u0131k 1 milyon Lari\u2019ye mal olmu\u015f. Enerjik atmosferiyle dikkat \u00e7eken bu meydan \u015fehrin en hareketli noktalar\u0131ndan biri olarak tan\u0131n\u0131yor.<\/p>\n\n\n\n<h3 class=\"wp-block-heading has-text-align-center has-neeon-button-dark-gray-color has-text-color has-link-color wp-elements-5ad87ef895a994c074f56853ed46bb29\"><span class=\"ez-toc-section\" id=\"tiflis\"><\/span><strong>Tiflis<\/strong><span class=\"ez-toc-section-end\"><\/span><\/h3>\n\n\n\n<figure class=\"wp-block-image\"><img width=\"800\" height=\"500\" loading=\"lazy\" decoding=\"async\" src=\"data:image\/svg+xml;base64,PHN2ZyB4bWxucz0iaHR0cDovL3d3dy53My5vcmcvMjAwMC9zdmciIHdpZHRoPSI4MDAiIGhlaWdodD0iNTAwIj48cmVjdCB3aWR0aD0iMTAwJSIgaGVpZ2h0PSIxMDAlIj48YW5pbWF0ZSBhdHRyaWJ1dGVOYW1lPSJmaWxsIiB2YWx1ZXM9InJnYmEoMTUzLDE1MywxNTMsMC41KTtyZ2JhKDE1MywxNTMsMTUzLDAuMSk7cmdiYSgxNTMsMTUzLDE1MywwLjUpIiBkdXI9IjJzIiByZXBlYXRDb3VudD0iaW5kZWZpbml0ZSIgLz48L3JlY3Q+PC9zdmc+\" alt=\"\" class=\"wp-post-10207 wp-image-8809\" data-public-id=\"Tiflis_z1kx4a\/Tiflis_z1kx4a.jpg\" data-format=\"jpg\" data-transformations=\"f_auto,q_auto:low\" data-version=\"1499376231\" data-seo=\"1\" data-size=\"800 500\" data-srcset=\"https:\/\/res.cloudinary.com\/turna\/images\/f_auto,q_auto:low\/v1499376231\/Tiflis_z1kx4a\/Tiflis_z1kx4a.jpg?_i=AA 800w, https:\/\/res.cloudinary.com\/turna\/images\/w_300,h_188,c_scale\/f_auto,q_auto:low\/v1499376231\/Tiflis_z1kx4a\/Tiflis_z1kx4a.jpg?_i=AA 300w, https:\/\/res.cloudinary.com\/turna\/images\/w_672,h_420,c_scale\/f_auto,q_auto:low\/v1499376231\/Tiflis_z1kx4a\/Tiflis_z1kx4a.jpg?_i=AA 672w, https:\/\/res.cloudinary.com\/turna\/images\/w_640,h_400,c_scale\/f_auto,q_auto:low\/v1499376231\/Tiflis_z1kx4a\/Tiflis_z1kx4a.jpg?_i=AA 640w, https:\/\/res.cloudinary.com\/turna\/images\/w_681,h_426,c_scale\/f_auto,q_auto:low\/v1499376231\/Tiflis_z1kx4a\/Tiflis_z1kx4a.jpg?_i=AA 681w\" data-sizes=\"(max-width: 800px) 100vw, 800px\" data-delivery=\"upload\" onload=\";window.CLDBind?CLDBind(this):null;\" data-cloudinary=\"lazy\" \/><\/figure>\n\n\n\n<p>\u0130stanbul&#8217;dan u\u00e7akla 2 saat 25 dakika i\u00e7erisinde ula\u015f\u0131m sa\u011flanabilen Tiflis, \u00fclkenin&nbsp;end\u00fcstri ve k\u00fclt\u00fcr merkezi olarak an\u0131l\u0131yor. Kura Nehri&#8217;nin&nbsp;iki k\u0131y\u0131s\u0131nda uzanan bu \u015fehir, G\u00fcrcistan&#8217;\u0131n ba\u015fkentli olarak tan\u0131n\u0131yor. Eski zamanlarda \u0130pek Yolu \u00fczerinde konumlanan \u015fehir, g\u00fcn\u00fcm\u00fczde ise Bak\u00fc-Tiflis-Ceyhan boru hatt\u0131 \u00fczerinde yer almas\u0131yla biliniyor. Tiflis&#8217;e gitti\u011finizde \u015fehrin kald\u0131r\u0131m ta\u015fl\u0131 caddelerinde dola\u015f\u0131p, k\u0131rm\u0131z\u0131 \u00e7at\u0131l\u0131 evlerin etkileyici g\u00f6r\u00fcn\u00fcm\u00fcn\u00fc seyredebilirsiniz.<\/p>\n\n\n\n<h3 class=\"wp-block-heading has-text-align-center has-neeon-button-dark-gray-color has-text-color has-link-color wp-elements-059dc72a56e163be53686afdba03d5ff\"><span class=\"ez-toc-section\" id=\"sameba_katedrali\"><\/span><strong>Sameba Katedrali<\/strong><span class=\"ez-toc-section-end\"><\/span><\/h3>\n\n\n\n<p>Sameba Katedrali, Tiflis\u2019in siluetinde ma\u011frur bir \u015fekilde y\u00fckselen, g\u00f6rkemli bir yap\u0131. G\u00fcrcistan\u2019\u0131n en b\u00fcy\u00fck katedrali olarak tan\u0131nan bu etkileyici yap\u0131, g\u00f6z al\u0131c\u0131 mimarisi ve huzur veren atmosferiyle ziyaret\u00e7ilerinin be\u011fenisini topluyor.  Her bir k\u00f6\u015fesi foto\u011fraf kareleri i\u00e7in m\u00fckemmel bir fon sunan Sameba Katedrali, Tiflis ziyaretinizin unutulmaz ke\u015fiflerinden biri olmaya aday.<\/p>\n\n\n\n<h3 class=\"wp-block-heading has-text-align-center has-neeon-button-dark-gray-color has-text-color has-link-color wp-elements-28b12a9d86fafc2a8e9f65cce961ccd3\"><span class=\"ez-toc-section\" id=\"jvari_manastiri\"><\/span><strong>Jvari Manast\u0131r\u0131<\/strong><span class=\"ez-toc-section-end\"><\/span><\/h3>\n\n\n\n<p>Jvari Manast\u0131r\u0131, Mtskheta&#8217;n\u0131n nefes kesen manzaralar\u0131na hakim bir tepede yer al\u0131yor ve ziyaret\u00e7ilerine huzur dolu bir ka\u00e7\u0131\u015f sunuyor. Bu antik manast\u0131r, mimarisi ve spirit\u00fcel atmosferi ile sizi zamanda bir yolculu\u011fa \u00e7\u0131karacak. Buradan Mtkvari ve Aragvi nehirlerinin kesi\u015fti\u011fi b\u00fcy\u00fcleyici manzaray\u0131 izlerken, G\u00fcrcistan&#8217;\u0131n tarihine ve do\u011fas\u0131na hayran kalacaks\u0131n\u0131z. Jvari Manast\u0131r\u0131, sessizli\u011fin ve manzaran\u0131n tad\u0131n\u0131 \u00e7\u0131karmak isteyen herkes i\u00e7in ideal bir durak.<\/p>\n\n\n\n<h3 class=\"wp-block-heading has-text-align-center has-neeon-button-dark-gray-color has-text-color has-link-color wp-elements-dd019a953d6b9e7642719f963e142d7a\"><span class=\"ez-toc-section\" id=\"tiflis_tarih_muzesi\"><\/span><strong>Tiflis Tarih M\u00fczesi<\/strong><span class=\"ez-toc-section-end\"><\/span><\/h3>\n\n\n\n<p>Tiflis Tarih M\u00fczesi, G\u00fcrcistan\u2019\u0131n zengin k\u00fclt\u00fcrel miras\u0131n\u0131 ke\u015ffetmek isteyenler i\u00e7in ka\u00e7\u0131r\u0131lmaz bir ke\u015fif noktas\u0131. \u015eehrin kalbinde konumlanan bu b\u00fcy\u00fcleyici m\u00fcze, eski eserlerden modern sanat eserlerine kadar uzanan geni\u015f bir koleksiyona ev sahipli\u011fi yap\u0131yor. M\u00fczede dola\u015f\u0131rken, G\u00fcrcistan&#8217;\u0131n tarihine dair benzersiz hikayelerle kar\u015f\u0131la\u015facaks\u0131n\u0131z. <\/p>\n\n\n\n<h3 class=\"wp-block-heading has-text-align-center has-neeon-button-dark-gray-color has-text-color has-link-color wp-elements-c8ae2be419a10f83084b23049eb4f3e8\"><span class=\"ez-toc-section\" id=\"tiflis_otomobil_muzesi\"><\/span><strong>Tiflis Otomobil M\u00fczesi<\/strong><span class=\"ez-toc-section-end\"><\/span><\/h3>\n\n\n\n<p>Tiflis Otomobil M\u00fczesi, motor tutkunlar\u0131n\u0131 nostaljik bir yolculu\u011fa davet ediyor. Burada sergilenen klasik ara\u00e7lar, otomobil tarihinin en ikonik d\u00f6nemlerinden bir kesit sunuyor. Her bir ara\u00e7, zamana meydan okuyan tasar\u0131m\u0131 ve hikayesiyle ziyaret\u00e7ilerini b\u00fcy\u00fcl\u00fcyor. Bu m\u00fczede, Sovyet d\u00f6neminden g\u00fcn\u00fcm\u00fcze kadar uzanan e\u015fsiz bir koleksiyonla kar\u015f\u0131la\u015facak ve otomobillerin evrimine tan\u0131k olacaks\u0131n\u0131z.<\/p>\n\n\n\n<h3 class=\"wp-block-heading has-text-align-center has-neeon-button-dark-gray-color has-text-color has-link-color wp-elements-c613b6906d97ee3ece6fb46597f0bde6\"><span class=\"ez-toc-section\" id=\"narikala\"><\/span><strong>Narikala<\/strong><span class=\"ez-toc-section-end\"><\/span><\/h3>\n\n\n\n<figure class=\"wp-block-image\"><img width=\"800\" height=\"500\" loading=\"lazy\" decoding=\"async\" src=\"data:image\/svg+xml;base64,PHN2ZyB4bWxucz0iaHR0cDovL3d3dy53My5vcmcvMjAwMC9zdmciIHdpZHRoPSI4MDAiIGhlaWdodD0iNTAwIj48cmVjdCB3aWR0aD0iMTAwJSIgaGVpZ2h0PSIxMDAlIj48YW5pbWF0ZSBhdHRyaWJ1dGVOYW1lPSJmaWxsIiB2YWx1ZXM9InJnYmEoMTUzLDE1MywxNTMsMC41KTtyZ2JhKDE1MywxNTMsMTUzLDAuMSk7cmdiYSgxNTMsMTUzLDE1MywwLjUpIiBkdXI9IjJzIiByZXBlYXRDb3VudD0iaW5kZWZpbml0ZSIgLz48L3JlY3Q+PC9zdmc+\" alt=\"\" class=\"wp-post-10207 wp-image-10326\" data-public-id=\"Narikala_egmi61\/Narikala_egmi61.jpg\" data-format=\"jpg\" data-transformations=\"f_auto,q_auto:low\" data-version=\"1511024911\" data-seo=\"1\" data-size=\"800 500\" data-srcset=\"https:\/\/res.cloudinary.com\/turna\/images\/f_auto,q_auto:low\/v1511024911\/Narikala_egmi61\/Narikala_egmi61.jpg?_i=AA 800w, https:\/\/res.cloudinary.com\/turna\/images\/w_300,h_188,c_scale\/f_auto,q_auto:low\/v1511024911\/Narikala_egmi61\/Narikala_egmi61.jpg?_i=AA 300w, https:\/\/res.cloudinary.com\/turna\/images\/w_672,h_420,c_scale\/f_auto,q_auto:low\/v1511024911\/Narikala_egmi61\/Narikala_egmi61.jpg?_i=AA 672w, https:\/\/res.cloudinary.com\/turna\/images\/w_640,h_400,c_scale\/f_auto,q_auto:low\/v1511024911\/Narikala_egmi61\/Narikala_egmi61.jpg?_i=AA 640w, https:\/\/res.cloudinary.com\/turna\/images\/w_681,h_426,c_scale\/f_auto,q_auto:low\/v1511024911\/Narikala_egmi61\/Narikala_egmi61.jpg?_i=AA 681w\" data-sizes=\"(max-width: 800px) 100vw, 800px\" data-delivery=\"upload\" onload=\";window.CLDBind?CLDBind(this):null;\" data-cloudinary=\"lazy\" \/><\/figure>\n\n\n\n<p>Tiflis Kalesi ya da Narikala ad\u0131yla da bilinen bu kalenin 4. y\u00fczy\u0131lda Araplar taraf\u0131ndan in\u015fa edildi\u011fi biliniyor. G\u00fcn\u00fcm\u00fczde b\u00f6lgeye in\u015fa edilen bir teleferik yard\u0131m\u0131yla ula\u015f\u0131m sa\u011flanan bu kale \u015fahane \u015fehir manzaras\u0131yla da hayranl\u0131k uyand\u0131r\u0131yor. Arka taraf\u0131nda ise yemye\u015fil a\u011fa\u00e7larla kapl\u0131 bir botanik bah\u00e7e bulunan kale, Tiflis\u2019in en \u00e7ok turist \u00e7eken yerleri aras\u0131nda yer al\u0131yor.<\/p>\n\n\n\n<h3 class=\"wp-block-heading has-text-align-center has-neeon-button-dark-gray-color has-text-color has-link-color wp-elements-213f611345a58b786c321c054cf2f6bc\"><span class=\"ez-toc-section\" id=\"sachino-kralice_darejan_sarayi\"><\/span><strong>Sachino-Krali\u00e7e Darejan Saray\u0131<\/strong><span class=\"ez-toc-section-end\"><\/span><\/h3>\n\n\n\n<figure class=\"wp-block-image size-large\"><img decoding=\"async\" src=\"https:\/\/res.cloudinary.com\/turna\/image\/upload\/v1740380328\/wordpress-contents\/tiblis.png\" alt=\"\"\/><\/figure>\n\n\n\n<p>Sachino-Krali\u00e7e Darejan Saray\u0131, Tiflis&#8217;in gizli kalm\u0131\u015f m\u00fccevherleri aras\u0131nda yer al\u0131yor. Bu zarif saray, bir zamanlar G\u00fcrc\u00fc kraliyet ailesinin evi olarak kullan\u0131lm\u0131\u015f ve \u015fimdi ziyaret\u00e7ilere kap\u0131lar\u0131n\u0131 a\u00e7m\u0131\u015f durumda. Saray\u0131n \u00f6zenle i\u015flenmi\u015f mimarisi ve s\u00fcsl\u00fc i\u00e7 dekorasyonu, ge\u00e7mi\u015fin \u015fatafatl\u0131 ya\u015fam\u0131n\u0131 g\u00f6zler \u00f6n\u00fcne seriyor. Krali\u00e7e Darejan&#8217;\u0131n ad\u0131n\u0131 ta\u015f\u0131yan bu tarihi yap\u0131, her bir k\u00f6\u015fesiyle ziyaret\u00e7ilerini b\u00fcy\u00fclemeyi ba\u015far\u0131yor.<\/p>\n\n\n\n<h3 class=\"wp-block-heading has-text-align-center\"><span class=\"ez-toc-section\" id=\"kutaisi\"><\/span><strong>Kutaisi<\/strong><span class=\"ez-toc-section-end\"><\/span><\/h3>\n\n\n\n<figure class=\"wp-block-image\"><img width=\"800\" height=\"500\" loading=\"lazy\" decoding=\"async\" src=\"data:image\/svg+xml;base64,PHN2ZyB4bWxucz0iaHR0cDovL3d3dy53My5vcmcvMjAwMC9zdmciIHdpZHRoPSI4MDAiIGhlaWdodD0iNTAwIj48cmVjdCB3aWR0aD0iMTAwJSIgaGVpZ2h0PSIxMDAlIj48YW5pbWF0ZSBhdHRyaWJ1dGVOYW1lPSJmaWxsIiB2YWx1ZXM9InJnYmEoMTUzLDE1MywxNTMsMC41KTtyZ2JhKDE1MywxNTMsMTUzLDAuMSk7cmdiYSgxNTMsMTUzLDE1MywwLjUpIiBkdXI9IjJzIiByZXBlYXRDb3VudD0iaW5kZWZpbml0ZSIgLz48L3JlY3Q+PC9zdmc+\" alt=\"\" class=\"wp-post-10207 wp-image-8812\" data-public-id=\"Kutaisi_pqcxdf\/Kutaisi_pqcxdf.jpg\" data-format=\"jpg\" data-transformations=\"f_auto,q_auto:low\" data-version=\"1499376257\" data-seo=\"1\" data-size=\"800 500\" data-srcset=\"https:\/\/res.cloudinary.com\/turna\/images\/f_auto,q_auto:low\/v1499376257\/Kutaisi_pqcxdf\/Kutaisi_pqcxdf.jpg?_i=AA 800w, https:\/\/res.cloudinary.com\/turna\/images\/w_300,h_188,c_scale\/f_auto,q_auto:low\/v1499376257\/Kutaisi_pqcxdf\/Kutaisi_pqcxdf.jpg?_i=AA 300w, https:\/\/res.cloudinary.com\/turna\/images\/w_672,h_420,c_scale\/f_auto,q_auto:low\/v1499376257\/Kutaisi_pqcxdf\/Kutaisi_pqcxdf.jpg?_i=AA 672w, https:\/\/res.cloudinary.com\/turna\/images\/w_640,h_400,c_scale\/f_auto,q_auto:low\/v1499376257\/Kutaisi_pqcxdf\/Kutaisi_pqcxdf.jpg?_i=AA 640w, https:\/\/res.cloudinary.com\/turna\/images\/w_681,h_426,c_scale\/f_auto,q_auto:low\/v1499376257\/Kutaisi_pqcxdf\/Kutaisi_pqcxdf.jpg?_i=AA 681w\" data-sizes=\"(max-width: 800px) 100vw, 800px\" data-delivery=\"upload\" onload=\";window.CLDBind?CLDBind(this):null;\" data-cloudinary=\"lazy\" \/><\/figure>\n\n\n\n<p>G\u00fcrcistan\u2019\u0131n bat\u0131s\u0131nda konumlanan Imereti b\u00f6lgesinin ba\u015fkenti ve \u00fclkenin \u00fc\u00e7\u00fcnc\u00fc b\u00fcy\u00fck \u015fehri olan Kutaisi, ba\u015fkentin 221 kilometre bat\u0131s\u0131nda yer al\u0131yor.&nbsp;Bagrati Katedrali ve Gelati Manast\u0131r\u0131\u2019n\u0131n UNESCO taraf\u0131ndan D\u00fcnya Miras\u0131 Sit Alan\u0131 olmas\u0131n\u0131n ard\u0131ndan turizm alan\u0131nda b\u00fcy\u00fck bir hareketlenme ya\u015fayan \u015fehir,&nbsp;son y\u0131llarda h\u0131zl\u0131 bir y\u00fckseli\u015f yakalad\u0131.<\/p>\n\n\n\n<h3 class=\"wp-block-heading has-text-align-center has-neeon-button-dark-gray-color has-text-color has-link-color wp-elements-fab94a7845466fdfc5cd424f83ebd7cf\"><span class=\"ez-toc-section\" id=\"bagrati_katedrali\"><\/span><strong>Bagrati Katedrali<\/strong><span class=\"ez-toc-section-end\"><\/span><\/h3>\n\n\n\n<p>Bagrati Katedrali, Kutaisi&#8217;nin g\u00f6ky\u00fcz\u00fcnde parlayan tarihi bir m\u00fccevher olarak tan\u0131n\u0131yor. 11. y\u00fczy\u0131lda in\u015fa edilmi\u015f bu muazzam yap\u0131, G\u00fcrcistan&#8217;\u0131n krall\u0131k d\u00f6neminin ihti\u015fam\u0131n\u0131 yans\u0131t\u0131yor. Restorasyon \u00e7al\u0131\u015fmalar\u0131yla eski g\u00f6rkemine kavu\u015fan katedral, ziyaret\u00e7ilerine b\u00fcy\u00fcleyici bir manzara ve huzur dolu bir atmosfer sunuyor. Bagrati Katedrali&#8217;nin  mutlaka g\u00f6r\u00fclmesi gereken tarihi bir durak olarak gezilecek yerler listenizde mutlaka yer almas\u0131 gerekiyor.<\/p>\n\n\n\n<h3 class=\"wp-block-heading has-text-align-center has-neeon-button-dark-gray-color has-text-color has-link-color wp-elements-1bee6229383af759176361a75efbd502\"><span class=\"ez-toc-section\" id=\"gelati_manastiri\"><\/span><strong>Gelati Manast\u0131r\u0131<\/strong><span class=\"ez-toc-section-end\"><\/span><\/h3>\n\n\n\n<p>Gelati Manast\u0131r\u0131, Kutaisi&#8217;nin d\u0131\u015f\u0131nda konumlanan ve UNESCO D\u00fcnya Miras\u0131 Listesi&#8217;nde bulunan etkileyici bir yap\u0131 olarak tan\u0131n\u0131yor. Orta \u00c7a\u011f G\u00fcrcistan&#8217;\u0131n\u0131n bilim ve k\u00fclt\u00fcr merkezi olarak \u00fcn kazanan yap\u0131, zengin mozaikleri, freskleri ve zarif mimarisi ile ziyaret\u00e7ilerini adeta bir zaman yolculu\u011funa \u00e7\u0131kar\u0131yor. <\/p>\n\n\n\n<h3 class=\"wp-block-heading has-text-align-center has-neeon-button-dark-gray-color has-text-color has-link-color wp-elements-83acfabc0cbefb3698897e7c41ff9b77\"><span class=\"ez-toc-section\" id=\"telavi\"><\/span>Telavi<span class=\"ez-toc-section-end\"><\/span><\/h3>\n\n\n\n<figure class=\"wp-block-image\"><img width=\"800\" height=\"500\" loading=\"lazy\" decoding=\"async\" src=\"data:image\/svg+xml;base64,PHN2ZyB4bWxucz0iaHR0cDovL3d3dy53My5vcmcvMjAwMC9zdmciIHdpZHRoPSI4MDAiIGhlaWdodD0iNTAwIj48cmVjdCB3aWR0aD0iMTAwJSIgaGVpZ2h0PSIxMDAlIj48YW5pbWF0ZSBhdHRyaWJ1dGVOYW1lPSJmaWxsIiB2YWx1ZXM9InJnYmEoMTUzLDE1MywxNTMsMC41KTtyZ2JhKDE1MywxNTMsMTUzLDAuMSk7cmdiYSgxNTMsMTUzLDE1MywwLjUpIiBkdXI9IjJzIiByZXBlYXRDb3VudD0iaW5kZWZpbml0ZSIgLz48L3JlY3Q+PC9zdmc+\" alt=\"\" class=\"wp-post-10207 wp-image-8813\" data-public-id=\"Telavi_b7svgc\/Telavi_b7svgc.jpg\" data-format=\"jpg\" data-transformations=\"f_auto,q_auto:low\" data-version=\"1499376269\" data-seo=\"1\" data-size=\"800 500\" data-srcset=\"https:\/\/res.cloudinary.com\/turna\/images\/f_auto,q_auto:low\/v1499376269\/Telavi_b7svgc\/Telavi_b7svgc.jpg?_i=AA 800w, https:\/\/res.cloudinary.com\/turna\/images\/w_300,h_188,c_scale\/f_auto,q_auto:low\/v1499376269\/Telavi_b7svgc\/Telavi_b7svgc.jpg?_i=AA 300w, https:\/\/res.cloudinary.com\/turna\/images\/w_672,h_420,c_scale\/f_auto,q_auto:low\/v1499376269\/Telavi_b7svgc\/Telavi_b7svgc.jpg?_i=AA 672w, https:\/\/res.cloudinary.com\/turna\/images\/w_640,h_400,c_scale\/f_auto,q_auto:low\/v1499376269\/Telavi_b7svgc\/Telavi_b7svgc.jpg?_i=AA 640w, https:\/\/res.cloudinary.com\/turna\/images\/w_681,h_426,c_scale\/f_auto,q_auto:low\/v1499376269\/Telavi_b7svgc\/Telavi_b7svgc.jpg?_i=AA 681w\" data-sizes=\"(max-width: 800px) 100vw, 800px\" data-delivery=\"upload\" onload=\";window.CLDBind?CLDBind(this):null;\" data-cloudinary=\"lazy\" \/><\/figure>\n\n\n\n<p>Alaverdi Katedrali, Sameba Kilisesi, \u0130kalto Akademisi, Aziz Giorgi Kilisesi gibi birbirinden \u00f6nemli turistik yap\u0131lara ev sahipli\u011fi yapan&nbsp;Telavi&nbsp;\u015fehri, \u00fclkenin&nbsp;do\u011fusunda bulunuyor. 30 bine yakla\u015fan n\u00fcfusuyla sakin bir yerle\u015fim yeri olan \u015fehir, ba\u015fkent Tiflis\u2019e yakla\u015f\u0131k 156 kilometre uzakl\u0131kta konumlan\u0131yor.<\/p>\n\n\n\n<h3 class=\"wp-block-heading has-text-align-center has-neeon-button-dark-gray-color has-text-color has-link-color wp-elements-51d87afa8fc35672844fe46d33dc3b46\"><span class=\"ez-toc-section\" id=\"rustavi\"><\/span><strong>Rustavi<\/strong><span class=\"ez-toc-section-end\"><\/span><\/h3>\n\n\n\n<p><img width=\"800\" height=\"500\" loading=\"lazy\" decoding=\"async\" class=\"alignnone wp-post-10207 wp-image-8814\" src=\"data:image\/svg+xml;base64,PHN2ZyB4bWxucz0iaHR0cDovL3d3dy53My5vcmcvMjAwMC9zdmciIHdpZHRoPSI4MDAiIGhlaWdodD0iNTAwIj48cmVjdCB3aWR0aD0iMTAwJSIgaGVpZ2h0PSIxMDAlIj48YW5pbWF0ZSBhdHRyaWJ1dGVOYW1lPSJmaWxsIiB2YWx1ZXM9InJnYmEoMTUzLDE1MywxNTMsMC41KTtyZ2JhKDE1MywxNTMsMTUzLDAuMSk7cmdiYSgxNTMsMTUzLDE1MywwLjUpIiBkdXI9IjJzIiByZXBlYXRDb3VudD0iaW5kZWZpbml0ZSIgLz48L3JlY3Q+PC9zdmc+\" data-public-id=\"Rustavi_q91hm7\/Rustavi_q91hm7.jpg\" data-format=\"jpg\" data-transformations=\"f_auto,q_auto:low\" data-version=\"1499376285\" data-seo=\"1\" data-size=\"800 500\" data-srcset=\"https:\/\/res.cloudinary.com\/turna\/images\/f_auto,q_auto:low\/v1499376285\/Rustavi_q91hm7\/Rustavi_q91hm7.jpg?_i=AA 800w, https:\/\/res.cloudinary.com\/turna\/images\/w_300,h_188,c_scale\/f_auto,q_auto:low\/v1499376285\/Rustavi_q91hm7\/Rustavi_q91hm7.jpg?_i=AA 300w, https:\/\/res.cloudinary.com\/turna\/images\/w_672,h_420,c_scale\/f_auto,q_auto:low\/v1499376285\/Rustavi_q91hm7\/Rustavi_q91hm7.jpg?_i=AA 672w, https:\/\/res.cloudinary.com\/turna\/images\/w_640,h_400,c_scale\/f_auto,q_auto:low\/v1499376285\/Rustavi_q91hm7\/Rustavi_q91hm7.jpg?_i=AA 640w, https:\/\/res.cloudinary.com\/turna\/images\/w_681,h_426,c_scale\/f_auto,q_auto:low\/v1499376285\/Rustavi_q91hm7\/Rustavi_q91hm7.jpg?_i=AA 681w\" data-sizes=\"(max-width: 800px) 100vw, 800px\" data-delivery=\"upload\" onload=\";window.CLDBind?CLDBind(this):null;\" data-cloudinary=\"lazy\" \/>Kvemo Kartli b\u00f6lgesinde yer alan Rustavi, ba\u015fkent Tiflis\u2019in g\u00fcneydo\u011fusunda konumlan\u0131yor. Ge\u00e7mi\u015f y\u0131llarda geli\u015fmi\u015f bir sanayi b\u00f6lgesi olan bu \u015fehirde, Sovyet mimarisinin etkisi hala daha s\u00fcr\u00fcyor.  Sovyet d\u00f6neminden kalma mimari yap\u0131s\u0131yla ziyaret\u00e7ilerine adeta zaman i\u00e7inde bir yolculuk f\u0131rsat\u0131 sunan Rustavi, eski fabrika binalar\u0131 ve karakteristik blok yap\u0131lar\u0131 ile \u00f6ne \u00e7\u0131k\u0131yor.<\/p>\n\n\n\n<p>K\u0131\u015f aylar\u0131nda olduk\u00e7a sert ve so\u011fuk bir havan\u0131n hakim oldu\u011fu bu etkileyici \u00fclkeye gitmek i\u00e7in en uygun tarih, bahar ve yaz aylar\u0131n\u0131 kapsayan d\u00f6nem oluyor. T\u00fcrkiye&#8217;den kara ve hava yoluyla ula\u015f\u0131m sa\u011flanabilen bu \u00fclkede unutulmaz bir seyahat f\u0131rsat\u0131 yakalamak i\u00e7in <strong><a href=\"https:\/\/www.turna.com\/ucak-bileti\/gurcistan\" target=\"_blank\" rel=\"noopener noreferrer\">G\u00fcrcistan u\u00e7ak bileti<\/a> <\/strong>f\u0131rsatlar\u0131na g\u00f6z atmay\u0131 unutmay\u0131n!<\/p>\n\n    <div class=\"xs_social_share_widget xs_share_url after_content \t\tmain_content  wslu-style-1 wslu-share-box-shaped wslu-fill-colored wslu-none wslu-share-horizontal wslu-theme-font-no wslu-main_content\">\n\n\t\t\n        <ul>\n\t\t\t        <\/ul>\n    <\/div> \n","protected":false},"excerpt":{"rendered":"<p>T\u00fcrkiye&#8217;den sadece kimlik kart\u0131n\u0131zla kolayca ziyaret edebilece\u011finiz ve gezginlerin favori duraklar\u0131 aras\u0131nda yer alan G\u00fcrcistan, zengin k\u00fclt\u00fcr\u00fc, hareketli gece hayat\u0131 ve do\u011fal g\u00fczellikleri ile bir hayli \u00fcnl\u00fc. Tarihi yap\u0131lar, etkileyici m\u00fczeler ve Karadeniz\u2019in serin sular\u0131na k\u0131y\u0131s\u0131 olan muhte\u015fem plajlar\u0131 ile bu canl\u0131 \u00fclke, her ziyaret\u00e7isi i\u00e7in farkl\u0131 deneyimlerin kap\u0131lar\u0131n\u0131 aral\u0131yor. E\u011fer siz de bu b\u00fcy\u00fcleyici [&hellip;]<\/p>\n","protected":false},"author":44,"featured_media":10326,"comment_status":"open","ping_status":"open","sticky":false,"template":"","format":"standard","meta":{"rop_custom_images_group":[],"rop_custom_messages_group":[],"rop_publish_now":"initial","rop_publish_now_accounts":[],"rop_publish_now_history":[],"rop_publish_now_status":"pending","_cloudinary_featured_overwrite":false,"footnotes":""},"categories":[153],"tags":[5339,186,1121],"class_list":["post-10207","post","type-post","status-publish","format-standard","has-post-thumbnail","hentry","category-gurcistan","tag-flight","tag-gurcistan","tag-kutaisi"],"_links":{"self":[{"href":"https:\/\/www.turna.com\/blog\/wp-json\/wp\/v2\/posts\/10207","targetHints":{"allow":["GET"]}}],"collection":[{"href":"https:\/\/www.turna.com\/blog\/wp-json\/wp\/v2\/posts"}],"about":[{"href":"https:\/\/www.turna.com\/blog\/wp-json\/wp\/v2\/types\/post"}],"author":[{"embeddable":true,"href":"https:\/\/www.turna.com\/blog\/wp-json\/wp\/v2\/users\/44"}],"replies":[{"embeddable":true,"href":"https:\/\/www.turna.com\/blog\/wp-json\/wp\/v2\/comments?post=10207"}],"version-history":[{"count":0,"href":"https:\/\/www.turna.com\/blog\/wp-json\/wp\/v2\/posts\/10207\/revisions"}],"wp:featuredmedia":[{"embeddable":true,"href":"https:\/\/www.turna.com\/blog\/wp-json\/wp\/v2\/media\/10326"}],"wp:attachment":[{"href":"https:\/\/www.turna.com\/blog\/wp-json\/wp\/v2\/media?parent=10207"}],"wp:term":[{"taxonomy":"category","embeddable":true,"href":"https:\/\/www.turna.com\/blog\/wp-json\/wp\/v2\/categories?post=10207"},{"taxonomy":"post_tag","embeddable":true,"href":"https:\/\/www.turna.com\/blog\/wp-json\/wp\/v2\/tags?post=10207"}],"curies":[{"name":"wp","href":"https:\/\/api.w.org\/{rel}","templated":true}]}}