{"id":10204,"date":"2025-10-31T11:30:32","date_gmt":"2025-10-31T08:30:32","guid":{"rendered":"https:\/\/www.turna.com\/blog\/?p=10204"},"modified":"2025-10-31T11:30:34","modified_gmt":"2025-10-31T08:30:34","slug":"yunanistan-gezilecek-yerler","status":"publish","type":"post","link":"https:\/\/www.turna.com\/blog\/yunanistan-gezilecek-yerler","title":{"rendered":"Yunanistan Gezilecek Yerler: 20 G\u00f6rmeniz Gereken Yer"},"content":{"rendered":"<div id=\"ez-toc-container\" class=\"ez-toc-v2_0_82_2 counter-hierarchy ez-toc-counter ez-toc-black ez-toc-container-direction\">\n<div class=\"ez-toc-title-container\">\n<p class=\"ez-toc-title\" style=\"cursor:inherit\">\u0130\u00e7indekiler<\/p>\n<span class=\"ez-toc-title-toggle\"><a href=\"#\" class=\"ez-toc-pull-right ez-toc-btn ez-toc-btn-xs ez-toc-btn-default ez-toc-toggle\" aria-label=\"\u0130\u00e7indekiler Tablosunu A\u00e7\/Kapat\"><span class=\"ez-toc-js-icon-con\"><span class=\"\"><span class=\"eztoc-hide\" style=\"display:none;\">Toggle<\/span><span class=\"ez-toc-icon-toggle-span\"><svg style=\"fill: #ffffff;color:#ffffff\" xmlns=\"http:\/\/www.w3.org\/2000\/svg\" class=\"list-377408\" width=\"20px\" height=\"20px\" viewBox=\"0 0 24 24\" fill=\"none\"><path d=\"M6 6H4v2h2V6zm14 0H8v2h12V6zM4 11h2v2H4v-2zm16 0H8v2h12v-2zM4 16h2v2H4v-2zm16 0H8v2h12v-2z\" fill=\"currentColor\"><\/path><\/svg><svg style=\"fill: #ffffff;color:#ffffff\" class=\"arrow-unsorted-368013\" xmlns=\"http:\/\/www.w3.org\/2000\/svg\" width=\"10px\" height=\"10px\" viewBox=\"0 0 24 24\" version=\"1.2\" baseProfile=\"tiny\"><path d=\"M18.2 9.3l-6.2-6.3-6.2 6.3c-.2.2-.3.4-.3.7s.1.5.3.7c.2.2.4.3.7.3h11c.3 0 .5-.1.7-.3.2-.2.3-.5.3-.7s-.1-.5-.3-.7zM5.8 14.7l6.2 6.3 6.2-6.3c.2-.2.3-.5.3-.7s-.1-.5-.3-.7c-.2-.2-.4-.3-.7-.3h-11c-.3 0-.5.1-.7.3-.2.2-.3.5-.3.7s.1.5.3.7z\"\/><\/svg><\/span><\/span><\/span><\/a><\/span><\/div>\n<nav><ul class='ez-toc-list ez-toc-list-level-1 eztoc-toggle-hide-by-default' ><li class='ez-toc-page-1 ez-toc-heading-level-2'><a class=\"ez-toc-link ez-toc-heading-1\" href=\"https:\/\/www.turna.com\/blog\/yunanistan-gezilecek-yerler\/#yunanistanda_gorebileceginiz_5_yer\" >Yunanistan\u2019da G\u00f6rebilece\u011finiz 5 Yer<\/a><ul class='ez-toc-list-level-3' ><li class='ez-toc-heading-level-3'><a class=\"ez-toc-link ez-toc-heading-2\" href=\"https:\/\/www.turna.com\/blog\/yunanistan-gezilecek-yerler\/#1_akropolis_acropolis\" >1. Akropolis (Acropolis)<\/a><\/li><li class='ez-toc-page-1 ez-toc-heading-level-3'><a class=\"ez-toc-link ez-toc-heading-3\" href=\"https:\/\/www.turna.com\/blog\/yunanistan-gezilecek-yerler\/#2_yunan_adalari\" >2. Yunan Adalar\u0131<\/a><\/li><li class='ez-toc-page-1 ez-toc-heading-level-3'><a class=\"ez-toc-link ez-toc-heading-4\" href=\"https:\/\/www.turna.com\/blog\/yunanistan-gezilecek-yerler\/#3_plaka\" >3. Plaka<\/a><\/li><li class='ez-toc-page-1 ez-toc-heading-level-3'><a class=\"ez-toc-link ez-toc-heading-5\" href=\"https:\/\/www.turna.com\/blog\/yunanistan-gezilecek-yerler\/#4_atina_parthenos_tapinagi\" >4. Atina Parthenos Tap\u0131na\u011f\u0131<\/a><\/li><li class='ez-toc-page-1 ez-toc-heading-level-3'><a class=\"ez-toc-link ez-toc-heading-6\" href=\"https:\/\/www.turna.com\/blog\/yunanistan-gezilecek-yerler\/#5_aya_dimitros_katedrali\" >5. Aya Dimitros Katedrali<\/a><\/li><li class='ez-toc-page-1 ez-toc-heading-level-3'><a class=\"ez-toc-link ez-toc-heading-7\" href=\"https:\/\/www.turna.com\/blog\/yunanistan-gezilecek-yerler\/#6_ataturk_evi\" >6. Atat\u00fcrk Evi<\/a><\/li><li class='ez-toc-page-1 ez-toc-heading-level-3'><a class=\"ez-toc-link ez-toc-heading-8\" href=\"https:\/\/www.turna.com\/blog\/yunanistan-gezilecek-yerler\/#7_atina_dionysos_tiyatrosu\" >7. Atina Dionysos Tiyatrosu<\/a><\/li><li class='ez-toc-page-1 ez-toc-heading-level-3'><a class=\"ez-toc-link ez-toc-heading-9\" href=\"https:\/\/www.turna.com\/blog\/yunanistan-gezilecek-yerler\/#8_aslan_kapisi\" >8. Aslan Kap\u0131s\u0131<\/a><\/li><li class='ez-toc-page-1 ez-toc-heading-level-3'><a class=\"ez-toc-link ez-toc-heading-10\" href=\"https:\/\/www.turna.com\/blog\/yunanistan-gezilecek-yerler\/#9_delfi_antik_kenti\" >9. Delfi Antik Kenti<\/a><\/li><li class='ez-toc-page-1 ez-toc-heading-level-3'><a class=\"ez-toc-link ez-toc-heading-11\" href=\"https:\/\/www.turna.com\/blog\/yunanistan-gezilecek-yerler\/#10_zakynthos_gemi_enkazi_korfezi\" >10. Zakynthos Gemi Enkaz\u0131 K\u00f6rfezi<\/a><\/li><li class='ez-toc-page-1 ez-toc-heading-level-3'><a class=\"ez-toc-link ez-toc-heading-12\" href=\"https:\/\/www.turna.com\/blog\/yunanistan-gezilecek-yerler\/#11_atina_hephaistos_tapinagi\" >11. Atina Hephaistos Tap\u0131na\u011f\u0131<\/a><\/li><li class='ez-toc-page-1 ez-toc-heading-level-3'><a class=\"ez-toc-link ez-toc-heading-13\" href=\"https:\/\/www.turna.com\/blog\/yunanistan-gezilecek-yerler\/#12_beyaz_kule\" >12. Beyaz Kule<\/a><\/li><li class='ez-toc-page-1 ez-toc-heading-level-3'><a class=\"ez-toc-link ez-toc-heading-14\" href=\"https:\/\/www.turna.com\/blog\/yunanistan-gezilecek-yerler\/#13_ulusal_bahce\" >13. Ulusal Bah\u00e7e<\/a><\/li><li class='ez-toc-page-1 ez-toc-heading-level-3'><a class=\"ez-toc-link ez-toc-heading-15\" href=\"https:\/\/www.turna.com\/blog\/yunanistan-gezilecek-yerler\/#14_kizil_plaj\" >14. K\u0131z\u0131l Plaj<\/a><\/li><li class='ez-toc-page-1 ez-toc-heading-level-3'><a class=\"ez-toc-link ez-toc-heading-16\" href=\"https:\/\/www.turna.com\/blog\/yunanistan-gezilecek-yerler\/#15_peribleptos_manastiri_mystras\" >15. Peribleptos Manast\u0131r\u0131 Mystras<\/a><\/li><\/ul><\/li><li class='ez-toc-page-1 ez-toc-heading-level-2'><a class=\"ez-toc-link ez-toc-heading-17\" href=\"https:\/\/www.turna.com\/blog\/yunanistan-gezilecek-yerler\/#yunanistanda_gorebileceginiz_5_harika_sehir\" >Yunanistan\u2019da G\u00f6rebilece\u011finiz 5 Harika \u015eehir<\/a><ul class='ez-toc-list-level-3' ><li class='ez-toc-heading-level-3'><a class=\"ez-toc-link ez-toc-heading-18\" href=\"https:\/\/www.turna.com\/blog\/yunanistan-gezilecek-yerler\/#1_atina\" >1. Atina<\/a><\/li><li class='ez-toc-page-1 ez-toc-heading-level-3'><a class=\"ez-toc-link ez-toc-heading-19\" href=\"https:\/\/www.turna.com\/blog\/yunanistan-gezilecek-yerler\/#2_selanik\" >2. Selanik<\/a><\/li><li class='ez-toc-page-1 ez-toc-heading-level-3'><a class=\"ez-toc-link ez-toc-heading-20\" href=\"https:\/\/www.turna.com\/blog\/yunanistan-gezilecek-yerler\/#3_dedeagac\" >3. Dedea\u011fa\u00e7\u00a0<\/a><\/li><li class='ez-toc-page-1 ez-toc-heading-level-3'><a class=\"ez-toc-link ez-toc-heading-21\" href=\"https:\/\/www.turna.com\/blog\/yunanistan-gezilecek-yerler\/#4_gumulcine\" >4. G\u00fcm\u00fclcine<\/a><\/li><li class='ez-toc-page-1 ez-toc-heading-level-3'><a class=\"ez-toc-link ez-toc-heading-22\" href=\"https:\/\/www.turna.com\/blog\/yunanistan-gezilecek-yerler\/#5_kavala\" >5.\u00a0Kavala<\/a><\/li><\/ul><\/li><\/ul><\/nav><\/div>\n\n<p>T\u00fcrkiye\u2019nin kom\u015fu \u00fclkelerinden biri olan <a href=\"https:\/\/www.turna.com\/blog\/ulkeler\/avrupa\/yunanistan\" target=\"_blank\" rel=\"noopener noreferrer\"><strong>Yunanistan<\/strong><\/a>, T\u00fcrk mutfak k\u00fclt\u00fcr\u00fc ve geleneklerine olan yak\u0131nl\u0131\u011f\u0131 nedeniyle yurtd\u0131\u015f\u0131na ilk kez \u00e7\u0131kacak T\u00fcrk turistlerin g\u00f6zde adreslerinden. Zeytinya\u011fl\u0131 yemekleri, cac\u0131\u011f\u0131, baklavas\u0131 ve dillere destan Uzo\u2019suyla kendine hayran b\u0131rakan bu \u00fclke nefes kesen manzaralara sahip do\u011fal g\u00fczellikleri, Antik \u00e7a\u011flardan g\u00fcn\u00fcm\u00fcze dek gelen tarihi yap\u0131lar\u0131, Mitolojik hikayeleri, m\u00fczeleri ve s\u0131cakkanl\u0131 insanlar\u0131yla olduk\u00e7a cezbedici g\u00f6r\u00fcn\u00fcyor.<\/p>\n\n\n\n<h2 class=\"wp-block-heading has-text-align-center has-neeon-button-dark-gray-color has-text-color has-link-color wp-elements-25b32d2d1f231c2b0d922671aa96b5be\"><span class=\"ez-toc-section\" id=\"yunanistanda_gorebileceginiz_5_yer\"><\/span><strong><strong><strong><strong><strong><strong><strong>Yunanistan\u2019da G\u00f6rebilece\u011finiz 5 Yer<\/strong><\/strong><\/strong><\/strong><\/strong><\/strong><\/strong><span class=\"ez-toc-section-end\"><\/span><\/h2>\n\n\n\n<h3 class=\"wp-block-heading has-text-align-center has-neeon-button-dark-gray-color has-text-color has-link-color wp-elements-4910f4aa75e13ba01aa56869e5ef4184\"><span class=\"ez-toc-section\" id=\"1_akropolis_acropolis\"><\/span><strong><strong><strong><strong><strong><strong><strong>1. Akropolis (Acropolis)<\/strong><\/strong><\/strong><\/strong><\/strong><\/strong><\/strong><span class=\"ez-toc-section-end\"><\/span><\/h3>\n\n\n\n<figure class=\"wp-block-image\"><img width=\"800\" height=\"500\" data-public-id=\"Akropolis_w9epkw\/Akropolis_w9epkw.jpg\" fetchpriority=\"high\" decoding=\"async\" src=\"https:\/\/res.cloudinary.com\/turna\/images\/w_800,h_500,c_scale\/f_auto,q_auto:low\/v1510512686\/Akropolis_w9epkw\/Akropolis_w9epkw.jpg?_i=AA\" alt=\"\" class=\"wp-post-10204 wp-image-10248\" data-format=\"jpg\" data-transformations=\"f_auto,q_auto:low\" data-version=\"1510512686\" data-seo=\"1\" srcset=\"https:\/\/res.cloudinary.com\/turna\/images\/f_auto,q_auto:low\/v1510512686\/Akropolis_w9epkw\/Akropolis_w9epkw.jpg?_i=AA 800w, https:\/\/res.cloudinary.com\/turna\/images\/w_300,h_188,c_scale\/f_auto,q_auto:low\/v1510512686\/Akropolis_w9epkw\/Akropolis_w9epkw.jpg?_i=AA 300w, https:\/\/res.cloudinary.com\/turna\/images\/w_672,h_420,c_scale\/f_auto,q_auto:low\/v1510512686\/Akropolis_w9epkw\/Akropolis_w9epkw.jpg?_i=AA 672w, https:\/\/res.cloudinary.com\/turna\/images\/w_640,h_400,c_scale\/f_auto,q_auto:low\/v1510512686\/Akropolis_w9epkw\/Akropolis_w9epkw.jpg?_i=AA 640w, https:\/\/res.cloudinary.com\/turna\/images\/w_681,h_426,c_scale\/f_auto,q_auto:low\/v1510512686\/Akropolis_w9epkw\/Akropolis_w9epkw.jpg?_i=AA 681w\" sizes=\"(max-width: 800px) 100vw, 800px\" \/><\/figure>\n\n\n\n<p><strong>Akropolis (Acropolis)<\/strong>, ba\u015fkent Atina\u2019n\u0131n en y\u00fcksek tepelerinden birinde bulunuyor. \u015eehrin hemen hemen her yerinden g\u00f6rebilece\u011finiz bu yap\u0131n\u0131n isim anlam\u0131 da \u2018Yukar\u0131da bulunan \u015fehir\u2019. Atina Osmanl\u0131 hakimiyetindeyken cephanelik olarak kullan\u0131lan Akropolis\u2019te, o d\u00f6nem ya\u015fanan bir patlama nedeniyle uzun s\u00fcren bir restorasyon \u00e7al\u0131\u015fmas\u0131 yap\u0131ld\u0131. G\u00fcn\u00fcm\u00fczde milyonlarca turistin ziyaret etti\u011fi bu yap\u0131 e\u015fsiz manzaras\u0131yla da \u00fcnl\u00fc.<\/p>\n\n\n\n<h3 class=\"wp-block-heading has-text-align-center has-neeon-button-dark-gray-color has-text-color has-link-color wp-elements-24d89d877d0bf0952947411134dff911\"><span class=\"ez-toc-section\" id=\"2_yunan_adalari\"><\/span><strong><strong><strong><strong><strong><strong><strong><strong>2. Yunan Adalar\u0131<\/strong><\/strong><\/strong><\/strong><\/strong><\/strong><\/strong><\/strong><span class=\"ez-toc-section-end\"><\/span><\/h3>\n\n\n\n<figure class=\"wp-block-image size-large\"><img width=\"800\" height=\"500\" decoding=\"async\" src=\"data:image\/svg+xml;base64,PHN2ZyB4bWxucz0iaHR0cDovL3d3dy53My5vcmcvMjAwMC9zdmciIHdpZHRoPSI4MDAiIGhlaWdodD0iNTAwIj48cmVjdCB3aWR0aD0iMTAwJSIgaGVpZ2h0PSIxMDAlIj48YW5pbWF0ZSBhdHRyaWJ1dGVOYW1lPSJmaWxsIiB2YWx1ZXM9InJnYmEoMTUzLDE1MywxNTMsMC41KTtyZ2JhKDE1MywxNTMsMTUzLDAuMSk7cmdiYSgxNTMsMTUzLDE1MywwLjUpIiBkdXI9IjJzIiByZXBlYXRDb3VudD0iaW5kZWZpbml0ZSIgLz48L3JlY3Q+PC9zdmc+\" alt=\"\" data-public-id=\"Yunan-Adalari_juc4dd\/Yunan-Adalari_juc4dd.jpg\" class=\"wp-post-10204 wp-image-16425\" data-format=\"jpg\" data-transformations=\"f_auto,q_auto:low\" data-version=\"1564842688\" data-seo=\"1\" data-size=\"800 500\" data-srcset=\"https:\/\/res.cloudinary.com\/turna\/images\/f_auto,q_auto:low\/v1564842688\/Yunan-Adalari_juc4dd\/Yunan-Adalari_juc4dd.jpg?_i=AA 800w, https:\/\/res.cloudinary.com\/turna\/images\/w_300,h_188,c_scale\/f_auto,q_auto:low\/v1564842688\/Yunan-Adalari_juc4dd\/Yunan-Adalari_juc4dd.jpg?_i=AA 300w, https:\/\/res.cloudinary.com\/turna\/images\/w_672,h_420,c_scale\/f_auto,q_auto:low\/v1564842688\/Yunan-Adalari_juc4dd\/Yunan-Adalari_juc4dd.jpg?_i=AA 672w, https:\/\/res.cloudinary.com\/turna\/images\/w_640,h_400,c_scale\/f_auto,q_auto:low\/v1564842688\/Yunan-Adalari_juc4dd\/Yunan-Adalari_juc4dd.jpg?_i=AA 640w, https:\/\/res.cloudinary.com\/turna\/images\/w_681,h_426,c_scale\/f_auto,q_auto:low\/v1564842688\/Yunan-Adalari_juc4dd\/Yunan-Adalari_juc4dd.jpg?_i=AA 681w\" data-sizes=\"(max-width: 800px) 100vw, 800px\" data-delivery=\"upload\" onload=\";window.CLDBind?CLDBind(this):null;\" data-cloudinary=\"lazy\" \/><\/figure>\n\n\n\n<p class=\"has-text-align-left\">Mikanos, Kos, Samos, Midilli, Girit, Santorini, Sak\u0131z, Rodos derken birbirinden g\u00fczel onlarca turistik adaya ev sahipli\u011fi yapan Yunanistan, bu y\u00f6n\u00fcyle yaz turizminin g\u00f6zde noktalar\u0131ndan biri. C\u0131v\u0131l c\u0131v\u0131l e\u011flence ya\u015famlar\u0131, bembeyaz al\u00e7ak katl\u0131 evleri, pitoresk kasabalar\u0131 ve Ege\u2019nin serin sular\u0131yla bulu\u015fabilece\u011finiz \u015fahane plajlar\u0131yla bilinen bu adalar\u0131 mutlaka g\u00f6rmelisiniz. <strong><a href=\"https:\/\/www.turna.com\/blog\/2019-trendi-en-guzel-yunan-adalari\">En G\u00fczel Yunan Adalar\u0131<\/a><\/strong> yaz\u0131m\u0131zdan bu adalarla ilgili ayr\u0131nt\u0131l\u0131 bilgi ednebilirsiniz.<\/p>\n\n\n\n<p class=\"has-text-align-left\">Biliyorsunuz ki Yunan Adalar\u0131&#8217;n\u0131 ziyaret etmek i\u00e7in kap\u0131 vizesi alman\u0131z \u015fart. Gerekli t\u00fcm bilgileri <strong><a href=\"https:\/\/www.turna.com\/blog\/yunan-adalari-kapi-vizesi-nasil-alinir\">Yunan Adalar\u0131 Kap\u0131 Vizesi Nas\u0131l Al\u0131n\u0131r? <\/a><\/strong>yaz\u0131m\u0131zdan alabilirsiniz.<\/p>\n\n\n\n<h3 class=\"wp-block-heading has-text-align-center has-neeon-button-dark-gray-color has-text-color has-link-color wp-elements-d599ba8a2e2469538dc5aeb15a3c7c51\"><span class=\"ez-toc-section\" id=\"3_plaka\"><\/span><strong><strong><strong><strong><strong><strong><strong><strong>3. Plaka<\/strong><\/strong><\/strong><\/strong><\/strong><\/strong><\/strong><\/strong><span class=\"ez-toc-section-end\"><\/span><\/h3>\n\n\n\n<figure class=\"wp-block-image\"><img width=\"800\" height=\"500\" data-public-id=\"Plaka-Athens_hle9sr\/Plaka-Athens_hle9sr.jpg\" decoding=\"async\" src=\"https:\/\/res.cloudinary.com\/turna\/images\/w_800,h_500,c_scale\/f_auto,q_auto:low\/v1510512623\/Plaka-Athens_hle9sr\/Plaka-Athens_hle9sr.jpg?_i=AA\" alt=\"\" class=\"wp-post-10204 wp-image-10247\" data-format=\"jpg\" data-transformations=\"f_auto,q_auto:low\" data-version=\"1510512623\" data-seo=\"1\" srcset=\"https:\/\/res.cloudinary.com\/turna\/images\/f_auto,q_auto:low\/v1510512623\/Plaka-Athens_hle9sr\/Plaka-Athens_hle9sr.jpg?_i=AA 800w, https:\/\/res.cloudinary.com\/turna\/images\/w_300,h_188,c_scale\/f_auto,q_auto:low\/v1510512623\/Plaka-Athens_hle9sr\/Plaka-Athens_hle9sr.jpg?_i=AA 300w, https:\/\/res.cloudinary.com\/turna\/images\/w_672,h_420,c_scale\/f_auto,q_auto:low\/v1510512623\/Plaka-Athens_hle9sr\/Plaka-Athens_hle9sr.jpg?_i=AA 672w, https:\/\/res.cloudinary.com\/turna\/images\/w_640,h_400,c_scale\/f_auto,q_auto:low\/v1510512623\/Plaka-Athens_hle9sr\/Plaka-Athens_hle9sr.jpg?_i=AA 640w, https:\/\/res.cloudinary.com\/turna\/images\/w_681,h_426,c_scale\/f_auto,q_auto:low\/v1510512623\/Plaka-Athens_hle9sr\/Plaka-Athens_hle9sr.jpg?_i=AA 681w\" sizes=\"(max-width: 800px) 100vw, 800px\" \/><\/figure>\n\n\n\n<p>Atina\u2019n\u0131n eski \u015fehir b\u00f6lgesi olarak \u00fcnlenen <strong>Plaka<\/strong> semti, tarihi evleri, dar sokaklar\u0131 ve sabah kadar s\u00fcren e\u011flencelerin ya\u015fand\u0131\u011f\u0131 tavernalar\u0131yla olduk\u00e7a pop\u00fcler. E\u011fer bu e\u011flencelerin bir par\u00e7as\u0131 olup, \u015fehirde unutulmaz bir gece ya\u015famak istiyorsan\u0131z Monastraki Meydan\u0131 ile Sintagma Meydan\u0131 aras\u0131nda yer alan bu semte mutlaka gitmelisiniz.<\/p>\n\n\n\n<h3 class=\"wp-block-heading has-text-align-center has-neeon-button-dark-gray-color has-text-color has-link-color wp-elements-13a4da3404f998c28a97110e4411bb8a\"><span class=\"ez-toc-section\" id=\"4_atina_parthenos_tapinagi\"><\/span><strong><strong><strong><strong><strong><strong><strong><strong>4. Atina Parthenos Tap\u0131na\u011f\u0131<\/strong><\/strong><\/strong><\/strong><\/strong><\/strong><\/strong><\/strong><span class=\"ez-toc-section-end\"><\/span><\/h3>\n\n\n\n<p>Akropolis\u2019in en b\u00fcy\u00fck tap\u0131na\u011f\u0131 olan <strong>Atina Parthenos Tap\u0131na\u011f\u0131<\/strong>, Milattan \u00d6nce 480 y\u0131l\u0131nda Tanr\u0131\u00e7a Athena i\u00e7in in\u015fa edildi. Muhte\u015fem mimarisi ve b\u00fcy\u00fcleyici atmosferiyle \u015fehrin en \u00e7ok ziyaret edilen yap\u0131lar\u0131ndan biri olan bu tarihi tap\u0131nak, Yunan mimarisinin en etkileyici ve \u00f6nemli \u00f6rnekleri aras\u0131nda kabul ediliyor.<\/p>\n\n\n\n<h3 class=\"wp-block-heading has-text-align-center has-neeon-button-dark-gray-color has-text-color has-link-color wp-elements-a014c80c55709841654f206922680e2f\"><span class=\"ez-toc-section\" id=\"5_aya_dimitros_katedrali\"><\/span><strong><strong><strong><strong><strong><strong><strong><strong>5. Aya Dimitros Katedrali<\/strong><\/strong><\/strong><\/strong><\/strong><\/strong><\/strong><\/strong><span class=\"ez-toc-section-end\"><\/span><\/h3>\n\n\n\n<p>Selanik\u2019te bulunan ve 198 y\u0131l\u0131nda UNESCO D\u00fcnya Miras\u0131 Listesine giren <strong>Aya Dimitros Katedrali<\/strong>, 5. y\u00fczy\u0131l\u0131n ortalar\u0131nda yap\u0131lm\u0131\u015f g\u00f6rkemli bir tap\u0131nak. I. Konstantin, H\u0131ristiyanl\u0131\u011f\u0131 devlet dini olarak kabul etti\u011finde, Aziz Dimitrios\u2019un onuruna Roma hamamlar\u0131n\u0131n kal\u0131nt\u0131lar\u0131 \u00fczerine bu katedrali yapt\u0131rd\u0131. G\u00fcn\u00fcm\u00fczde ziyaret edile kilise binas\u0131 ise 7.y\u00fczy\u0131lda eski tap\u0131na\u011f\u0131n yerinde Piskopos John taraf\u0131ndan in\u015fa edildi.<\/p>\n\n\n\n<h3 class=\"wp-block-heading has-text-align-center has-neeon-button-dark-gray-color has-text-color has-link-color wp-elements-80828b0f3575bdadf0d00a8f466f855f\"><span class=\"ez-toc-section\" id=\"6_ataturk_evi\"><\/span><strong><strong><strong><strong><strong><strong><strong><strong>6. Atat\u00fcrk Evi<\/strong><\/strong><\/strong><\/strong><\/strong><\/strong><\/strong><\/strong><span class=\"ez-toc-section-end\"><\/span><\/h3>\n\n\n\n<figure class=\"wp-block-image\"><img width=\"800\" height=\"500\" data-public-id=\"Ataturk-Evi_lzjpow\/Ataturk-Evi_lzjpow.jpg\" decoding=\"async\" src=\"https:\/\/res.cloudinary.com\/turna\/images\/w_800,h_500,c_scale\/f_auto,q_auto:low\/v1510512566\/Ataturk-Evi_lzjpow\/Ataturk-Evi_lzjpow.jpg?_i=AA\" alt=\"\" class=\"wp-post-10204 wp-image-10246\" data-format=\"jpg\" data-transformations=\"f_auto,q_auto:low\" data-version=\"1510512566\" data-seo=\"1\" srcset=\"https:\/\/res.cloudinary.com\/turna\/images\/f_auto,q_auto:low\/v1510512566\/Ataturk-Evi_lzjpow\/Ataturk-Evi_lzjpow.jpg?_i=AA 800w, https:\/\/res.cloudinary.com\/turna\/images\/w_300,h_188,c_scale\/f_auto,q_auto:low\/v1510512566\/Ataturk-Evi_lzjpow\/Ataturk-Evi_lzjpow.jpg?_i=AA 300w, https:\/\/res.cloudinary.com\/turna\/images\/w_672,h_420,c_scale\/f_auto,q_auto:low\/v1510512566\/Ataturk-Evi_lzjpow\/Ataturk-Evi_lzjpow.jpg?_i=AA 672w, https:\/\/res.cloudinary.com\/turna\/images\/w_640,h_400,c_scale\/f_auto,q_auto:low\/v1510512566\/Ataturk-Evi_lzjpow\/Ataturk-Evi_lzjpow.jpg?_i=AA 640w, https:\/\/res.cloudinary.com\/turna\/images\/w_681,h_426,c_scale\/f_auto,q_auto:low\/v1510512566\/Ataturk-Evi_lzjpow\/Ataturk-Evi_lzjpow.jpg?_i=AA 681w\" sizes=\"(max-width: 800px) 100vw, 800px\" \/><\/figure>\n\n\n\n<p>Selanik&#8217;teki T\u00fcrk Konsoloslu\u011fu\u2019nun hemen yan\u0131nda yer alan <strong>Atat\u00fcrk Evi<\/strong>, Mustafa Kemal Atat\u00fcrk\u2019\u00fcn do\u011fup b\u00fcy\u00fcd\u00fc\u011f\u00fc ev olarak olduk\u00e7a de\u011ferli. Selanik ar\u015fivlerinden edinilen bilgilere g\u00f6re Atat\u00fcrk Evi, 1870\u2019de Rodoslu m\u00fcderris Hac\u0131 Mehmed taraf\u0131ndan yapt\u0131r\u0131ld\u0131. Yak\u0131n zamanda restore edilerek tekrardan ziyarete a\u00e7\u0131lan bina, g\u00fcn\u00fcm\u00fczde m\u00fcze olarak kullan\u0131l\u0131yor. Atat\u00fcrk Evi, ayn\u0131 zamanda \u015fehirde Osmanl\u0131 d\u00f6neminden g\u00fcn\u00fcm\u00fcze ula\u015fan az say\u0131da yap\u0131dan biri.<\/p>\n\n\n\n<h3 class=\"wp-block-heading has-text-align-center has-neeon-button-dark-gray-color has-text-color has-link-color wp-elements-14790d949d0db86382699bda222f082f\"><span class=\"ez-toc-section\" id=\"7_atina_dionysos_tiyatrosu\"><\/span><strong><strong><strong><strong><strong><strong><strong><strong><strong>7. Atina Dionysos Tiyatrosu<\/strong><\/strong><\/strong><\/strong><\/strong><\/strong><\/strong><\/strong><\/strong><span class=\"ez-toc-section-end\"><\/span><\/h3>\n\n\n\n<figure class=\"wp-block-image size-large\"><img decoding=\"async\" src=\"https:\/\/res.cloudinary.com\/turna\/image\/upload\/v1758872921\/wordpress-contents\/Dionysos_Tiyatrosu.jpg\" alt=\"\"\/><\/figure>\n\n\n\n<p>Atina\u2019n\u0131n tarihi sokaklar\u0131nda gezerken bir anda kar\u015f\u0131n\u0131za \u00e7\u0131kan <strong>Dionysos Tiyatrosu<\/strong>, sizi binlerce y\u0131l \u00f6ncesine \u0131\u015f\u0131nl\u0131yor. Antik Yunan\u2019\u0131n en eski ta\u015f tiyatrosu buras\u0131 ve d\u00fc\u015f\u00fcn\u00fcn, tragedya ve komedinin ilk kez sahnelendi\u011fi yer olarak biliniyor! Akropolis\u2019in eteklerinde, a\u00e7\u0131k havada kurulmu\u015f bu tiyatroda oturup etrafa bakt\u0131\u011f\u0131n\u0131zda, ge\u00e7mi\u015fin ruhunu hissetmemek imkans\u0131z. Ta\u015f basamaklarda y\u00fcr\u00fcrken acaba burada kimler alk\u0131\u015flad\u0131, kimler a\u011flad\u0131 diye d\u00fc\u015f\u00fcnmeden edemiyorsunuz.<\/p>\n\n\n\n<h3 class=\"wp-block-heading has-text-align-center has-neeon-button-dark-gray-color has-text-color has-link-color wp-elements-57998eb85c91830716c2c99db3773d90\"><span class=\"ez-toc-section\" id=\"8_aslan_kapisi\"><\/span><strong>8. Aslan Kap\u0131s\u0131<\/strong><span class=\"ez-toc-section-end\"><\/span><\/h3>\n\n\n\n<p>Mykene\u2019ye do\u011fru ilerlerken sizi iki g\u00fc\u00e7l\u00fc aslan fig\u00fcr\u00fc kar\u015f\u0131l\u0131yor. <strong>Aslan Kap\u0131s\u0131<\/strong>, Miken uygarl\u0131\u011f\u0131n\u0131n g\u00fcc\u00fcn\u00fc simgeleyen devasa ta\u015f yap\u0131s\u0131yla ger\u00e7ekten etkileyici. Yakla\u015f\u0131k 3.000 y\u0131l \u00f6nce in\u015fa edilmi\u015f ama hala dimdik ayakta. Bu ta\u015flar\u0131n nas\u0131l ta\u015f\u0131nd\u0131\u011f\u0131 bile hala gizemini koruyor. Kap\u0131n\u0131n \u00f6n\u00fcnde durdu\u011funuzda, sanki efsanelerin i\u00e7inde dola\u015f\u0131yormu\u015fsunuz hissi veriyor.<\/p>\n\n\n\n<p>E\u011fer tarihe merakl\u0131ysan\u0131z ve gitti\u011finiz yerlerde tarihi yerleri mutlaka g\u00f6r\u00fcyorsan\u0131z, <strong><a href=\"https:\/\/www.turna.com\/blog\/yunanistanda-gormeniz-gereken-5-tarihi-yer\">Yunanistan\u2019da G\u00f6rmeniz Gereken Tarihi Yerler<\/a><\/strong> yaz\u0131m\u0131za da bir g\u00f6z atabilirsiniz.<\/p>\n\n\n\n<h3 class=\"wp-block-heading has-text-align-center has-neeon-button-dark-gray-color has-text-color has-link-color wp-elements-0a14b779d82dadb50b76472df8c31107\"><span class=\"ez-toc-section\" id=\"9_delfi_antik_kenti\"><\/span><strong><strong><strong><strong><strong><strong><strong><strong><strong>9. Delfi Antik Kenti<\/strong><\/strong><\/strong><\/strong><\/strong><\/strong><\/strong><\/strong><\/strong><span class=\"ez-toc-section-end\"><\/span><\/h3>\n\n\n\n<p>Yunanistan\u2019da mistik bir yer ar\u0131yorsan\u0131z, Delfi arad\u0131\u011f\u0131n\u0131z yer. Eskiden d\u00fcnyan\u0131n merkezi olarak kabul edilen bu antik kent, kehanetleriyle \u00fcnl\u00fcym\u00fc\u015f. \u0130nsanlar Apollon Tap\u0131na\u011f\u0131\u2019na gelip rahibelerden gelecekleriyle ilgili cevaplar al\u0131rlarm\u0131\u015f. \u015eimdi ise ta\u015f yollar\u0131, tiyatrosu ve tap\u0131nak kal\u0131nt\u0131lar\u0131yla tarihin i\u00e7inde gezinti yapma f\u0131rsat\u0131 sunuyor.&nbsp;<\/p>\n\n\n\n<h3 class=\"wp-block-heading has-text-align-center has-neeon-button-dark-gray-color has-text-color has-link-color wp-elements-cff8d7364fba65bf56421e98fe85ee50\"><span class=\"ez-toc-section\" id=\"10_zakynthos_gemi_enkazi_korfezi\"><\/span><strong><strong><strong><strong><strong><strong><strong><strong><strong>10. Zakynthos Gemi Enkaz\u0131 K\u00f6rfezi<\/strong><\/strong><\/strong><\/strong><\/strong><\/strong><\/strong><\/strong><\/strong><span class=\"ez-toc-section-end\"><\/span><\/h3>\n\n\n\n<p>Yunanistan denince akla gelen o me\u015fhur mavi tonlar\u0131 burada zirve yap\u0131yor. Zakynthos Adas\u0131\u2019ndaki <strong>Gemi Enkaz\u0131 K\u00f6rfezi<\/strong>, beyaz kumlar\u0131, turkuaz denizi ve ortas\u0131nda duran pasl\u0131 gemisiyle filmlerden f\u0131rlam\u0131\u015f gibi. Sadece tekneyle ula\u015f\u0131labiliyor ama inan\u0131n, yolculu\u011fun her dakikas\u0131na de\u011fiyor.<\/p>\n\n\n\n<figure class=\"wp-block-image size-large\"><img decoding=\"async\" src=\"https:\/\/res.cloudinary.com\/turna\/image\/upload\/v1761899375\/wordpress-contents\/Zakynthos_Gemi_Enkaz%C4%B1_K%C3%B6rfezi.jpg\" alt=\"\"\/><\/figure>\n\n\n\n<h3 class=\"wp-block-heading has-text-align-center has-neeon-button-dark-gray-color has-text-color has-link-color wp-elements-2ffda4de6609944117d83f4ffb09720b\"><span class=\"ez-toc-section\" id=\"11_atina_hephaistos_tapinagi\"><\/span><strong><strong><strong><strong><strong><strong><strong><strong><strong>11. Atina Hephaistos Tap\u0131na\u011f\u0131<\/strong><\/strong><\/strong><\/strong><\/strong><\/strong><\/strong><\/strong><\/strong><span class=\"ez-toc-section-end\"><\/span><\/h3>\n\n\n\n<p>Antik Agora\u2019n\u0131n i\u00e7inde, zamana meydan okuyan g\u00f6rkemli bir yap\u0131: <strong>Hephaistos Tap\u0131na\u011f\u0131<\/strong>. Parthenon kadar \u00fcnl\u00fc olmasa da \u00e7ok daha iyi korunmu\u015f durumda. Sava\u015f ve zanaat tanr\u0131s\u0131 Hephaistos\u2019a adanm\u0131\u015f olan tap\u0131nak, s\u00fctunlar\u0131 ve detayl\u0131 kabartmalar\u0131yla hayranl\u0131k uyand\u0131r\u0131yor.<\/p>\n\n\n\n<h3 class=\"wp-block-heading has-text-align-center has-neeon-button-dark-gray-color has-text-color has-link-color wp-elements-8918070d785a69f8493f9135f67e3637\"><span class=\"ez-toc-section\" id=\"12_beyaz_kule\"><\/span><strong><strong><strong><strong><strong><strong><strong><strong><strong>12. Beyaz Kule<\/strong><\/strong><\/strong><\/strong><\/strong><\/strong><\/strong><\/strong><\/strong><span class=\"ez-toc-section-end\"><\/span><\/h3>\n\n\n\n<figure class=\"wp-block-image size-large\"><img width=\"800\" height=\"500\" decoding=\"async\" src=\"data:image\/svg+xml;base64,PHN2ZyB4bWxucz0iaHR0cDovL3d3dy53My5vcmcvMjAwMC9zdmciIHdpZHRoPSI4MDAiIGhlaWdodD0iNTAwIj48cmVjdCB3aWR0aD0iMTAwJSIgaGVpZ2h0PSIxMDAlIj48YW5pbWF0ZSBhdHRyaWJ1dGVOYW1lPSJmaWxsIiB2YWx1ZXM9InJnYmEoMTUzLDE1MywxNTMsMC41KTtyZ2JhKDE1MywxNTMsMTUzLDAuMSk7cmdiYSgxNTMsMTUzLDE1MywwLjUpIiBkdXI9IjJzIiByZXBlYXRDb3VudD0iaW5kZWZpbml0ZSIgLz48L3JlY3Q+PC9zdmc+\" alt=\"\" data-public-id=\"Beyaz-Kule-Selanik_oewgig\/Beyaz-Kule-Selanik_oewgig.jpg\" class=\"wp-post-10204 wp-image-15661\" data-format=\"jpg\" data-transformations=\"f_auto,q_auto:low\" data-version=\"1554305935\" data-seo=\"1\" data-size=\"800 500\" data-srcset=\"https:\/\/res.cloudinary.com\/turna\/images\/f_auto,q_auto:low\/v1554305935\/Beyaz-Kule-Selanik_oewgig\/Beyaz-Kule-Selanik_oewgig.jpg?_i=AA 800w, https:\/\/res.cloudinary.com\/turna\/images\/w_300,h_188,c_scale\/f_auto,q_auto:low\/v1554305935\/Beyaz-Kule-Selanik_oewgig\/Beyaz-Kule-Selanik_oewgig.jpg?_i=AA 300w, https:\/\/res.cloudinary.com\/turna\/images\/w_672,h_420,c_scale\/f_auto,q_auto:low\/v1554305935\/Beyaz-Kule-Selanik_oewgig\/Beyaz-Kule-Selanik_oewgig.jpg?_i=AA 672w, https:\/\/res.cloudinary.com\/turna\/images\/w_640,h_400,c_scale\/f_auto,q_auto:low\/v1554305935\/Beyaz-Kule-Selanik_oewgig\/Beyaz-Kule-Selanik_oewgig.jpg?_i=AA 640w, https:\/\/res.cloudinary.com\/turna\/images\/w_681,h_426,c_scale\/f_auto,q_auto:low\/v1554305935\/Beyaz-Kule-Selanik_oewgig\/Beyaz-Kule-Selanik_oewgig.jpg?_i=AA 681w\" data-sizes=\"(max-width: 800px) 100vw, 800px\" data-delivery=\"upload\" onload=\";window.CLDBind?CLDBind(this):null;\" data-cloudinary=\"lazy\" \/><\/figure>\n\n\n\n<p>Selanik\u2019in simgesi olan <strong>Beyaz Kule<\/strong>, hem tarihiyle hem de manzaras\u0131yla etkileyici bir durak. Bir zamanlar Bizans d\u00f6neminde savunma kulesi, Osmanl\u0131 d\u00f6neminde ise zindan olarak kullan\u0131lm\u0131\u015f. Bug\u00fcnse m\u00fcze olarak kap\u0131lar\u0131n\u0131 ziyaret\u00e7ilere a\u00e7\u0131yor. Tepesine \u00e7\u0131kt\u0131\u011f\u0131n\u0131zda Selanik\u2019in sahil \u015feridi ayaklar\u0131n\u0131z\u0131n alt\u0131nda uzan\u0131yor. G\u00fcn bat\u0131m\u0131nda buradan izledi\u011finiz manzara ise ger\u00e7ekten unutulmaz.<\/p>\n\n\n\n<h3 class=\"wp-block-heading has-text-align-center has-neeon-button-dark-gray-color has-text-color has-link-color wp-elements-8328ee45e623c0b914cd4da87c15a2e2\"><span class=\"ez-toc-section\" id=\"13_ulusal_bahce\"><\/span><strong><strong><strong><strong><strong><strong><strong><strong><strong>13. Ulusal Bah\u00e7e<\/strong><\/strong><\/strong><\/strong><\/strong><\/strong><\/strong><\/strong><\/strong><span class=\"ez-toc-section-end\"><\/span><\/h3>\n\n\n\n<p>Atina\u2019n\u0131n merkezinde, \u015fehrin kalabal\u0131\u011f\u0131ndan ka\u00e7mak isteyenler i\u00e7in harika bir nefes alan\u0131. <strong>Ulusal Bah\u00e7e<\/strong>, dev a\u011fa\u00e7lar\u0131n g\u00f6lgeledi\u011fi y\u00fcr\u00fcy\u00fc\u015f yollar\u0131, k\u00fc\u00e7\u00fck g\u00f6letleri ve huzurlu atmosferiyle bir \u015fehir i\u00e7i orman\u0131. Sabah erken saatlerde ku\u015f sesleri e\u015fli\u011finde y\u00fcr\u00fcmek ya da bankta oturup bir kahve i\u00e7mek burada ayr\u0131 bir keyif. \u00d6zellikle yaz s\u0131ca\u011f\u0131nda serinlemek i\u00e7in birebir.<\/p>\n\n\n\n<h3 class=\"wp-block-heading has-text-align-center has-neeon-button-dark-gray-color has-text-color has-link-color wp-elements-9f8d45ab63718d18a0086b457db28cf6\"><span class=\"ez-toc-section\" id=\"14_kizil_plaj\"><\/span><strong><strong><strong><strong><strong><strong><strong><strong><strong>14. K\u0131z\u0131l Plaj<\/strong><\/strong><\/strong><\/strong><\/strong><\/strong><\/strong><\/strong><\/strong><span class=\"ez-toc-section-end\"><\/span><\/h3>\n\n\n\n<figure class=\"wp-block-image size-large\"><img decoding=\"async\" src=\"https:\/\/res.cloudinary.com\/turna\/image\/upload\/v1761899375\/wordpress-contents\/santorini_K%C4%B1z%C4%B1l_Plaj.jpg\" alt=\"\"\/><\/figure>\n\n\n\n<p>Santorini\u2019nin en dikkat \u00e7ekici plajlar\u0131ndan biri olan <strong>K\u0131z\u0131l Plaj<\/strong>, ad\u0131n\u0131 \u00e7evresini saran k\u0131rm\u0131z\u0131 volkanik kayalardan al\u0131yor. Turkuaz denizle birle\u015fen bu k\u0131rm\u0131z\u0131 tonlar, ortaya ola\u011fan\u00fcst\u00fc bir manzara \u00e7\u0131kar\u0131yor. \u00d6zellikle g\u00fcn bat\u0131m\u0131nda renkler \u00f6yle de\u011fi\u015fiyor ki, insan\u0131n elinde makine olmasa bile o an\u0131 haf\u0131zas\u0131na kaz\u0131mak istiyor. Burada denize girmek kadar manzaray\u0131 seyretmek de keyifli.<\/p>\n\n\n\n<h3 class=\"wp-block-heading has-text-align-center has-neeon-button-dark-gray-color has-text-color has-link-color wp-elements-511ebf2b3d578bf0425d12708ac65954\"><span class=\"ez-toc-section\" id=\"15_peribleptos_manastiri_mystras\"><\/span><strong><strong><strong><strong><strong><strong><strong><strong><strong>15. Peribleptos Manast\u0131r\u0131 Mystras<\/strong><\/strong><\/strong><\/strong><\/strong><\/strong><\/strong><\/strong><\/strong><span class=\"ez-toc-section-end\"><\/span><\/h3>\n\n\n\n<p>Mystras\u2019\u0131n ta\u015f sokaklar\u0131nda y\u00fcr\u00fcrken bir anda kar\u015f\u0131n\u0131za \u00e7\u0131kan <strong>Peribleptos Manast\u0131r\u0131<\/strong>, sanki zaman\u0131 durdurmu\u015f gibi. 14. y\u00fczy\u0131ldan kalma bu Bizans yap\u0131s\u0131, i\u00e7indeki fresklerle hala b\u00fcy\u00fcleyici bir g\u00fczelli\u011fe sahip. Tarihi, sanat\u0131 ve manzaray\u0131 bir arada sunan bu manast\u0131r, Mystras gezinizin en \u00f6zel noktalar\u0131ndan biri olacak.<\/p>\n\n\n\n<h2 class=\"wp-block-heading has-text-align-center has-neeon-button-dark-gray-color has-text-color has-link-color wp-elements-8994415a2a36f3165f52a464b2a9e3a6\"><span class=\"ez-toc-section\" id=\"yunanistanda_gorebileceginiz_5_harika_sehir\"><\/span><strong><strong><strong><strong><strong><strong>Yunanistan\u2019da G\u00f6rebilece\u011finiz 5 Harika \u015eehir<\/strong><\/strong><\/strong><\/strong><\/strong><\/strong><span class=\"ez-toc-section-end\"><\/span><\/h2>\n\n\n\n<h3 class=\"wp-block-heading has-text-align-center has-neeon-button-dark-gray-color has-text-color has-link-color wp-elements-22227062770a42ee9b6f2dc991417dce\"><span class=\"ez-toc-section\" id=\"1_atina\"><\/span><strong><strong><strong><strong><strong><strong><strong><strong><strong>1. Atina<\/strong><\/strong><\/strong><\/strong><\/strong><\/strong><\/strong><\/strong><\/strong><span class=\"ez-toc-section-end\"><\/span><\/h3>\n\n\n\n<figure class=\"wp-block-image size-large\"><img width=\"800\" height=\"500\" decoding=\"async\" src=\"data:image\/svg+xml;base64,PHN2ZyB4bWxucz0iaHR0cDovL3d3dy53My5vcmcvMjAwMC9zdmciIHdpZHRoPSI4MDAiIGhlaWdodD0iNTAwIj48cmVjdCB3aWR0aD0iMTAwJSIgaGVpZ2h0PSIxMDAlIj48YW5pbWF0ZSBhdHRyaWJ1dGVOYW1lPSJmaWxsIiB2YWx1ZXM9InJnYmEoMTUzLDE1MywxNTMsMC41KTtyZ2JhKDE1MywxNTMsMTUzLDAuMSk7cmdiYSgxNTMsMTUzLDE1MywwLjUpIiBkdXI9IjJzIiByZXBlYXRDb3VudD0iaW5kZWZpbml0ZSIgLz48L3JlY3Q+PC9zdmc+\" alt=\"\" data-public-id=\"Atina-gormeniz-gereken-yerler-kapak\/Atina-gormeniz-gereken-yerler-kapak.jpg\" class=\"wp-post-10204 wp-image-25103\" data-format=\"jpg\" data-transformations=\"f_auto,q_auto:low\" data-version=\"1758873411\" data-seo=\"1\" data-size=\"800 500\" data-srcset=\"https:\/\/res.cloudinary.com\/turna\/images\/f_auto,q_auto:low\/v1758873411\/Atina-gormeniz-gereken-yerler-kapak\/Atina-gormeniz-gereken-yerler-kapak.jpg?_i=AA 800w, https:\/\/res.cloudinary.com\/turna\/images\/w_300,h_188,c_scale\/f_auto,q_auto:low\/v1758873411\/Atina-gormeniz-gereken-yerler-kapak\/Atina-gormeniz-gereken-yerler-kapak.jpg?_i=AA 300w\" data-sizes=\"(max-width: 800px) 100vw, 800px\" data-delivery=\"upload\" onload=\";window.CLDBind?CLDBind(this):null;\" data-cloudinary=\"lazy\" \/><\/figure>\n\n\n\n<p>4 milyonu a\u015fan n\u00fcfusuyla \u00fclkenin ba\u015fkentli\u011fini \u00fcstlenen\u00a0<strong>Atina<\/strong>, Yunanistan denildi\u011finde ilk akla gelen yerlerden biri oluyor. \u0130smi sava\u015f tanr\u0131\u00e7as\u0131 Athena\u2019dan gelen \u015fehir, eski Yunan medeniyetinin merkezi olarak biliniyor. Gezilip g\u00f6r\u00fclecek yerlerin zenginli\u011fi sayesinde\u00a0bir a\u00e7\u0131k hava m\u00fczesini and\u0131ran \u015fehirde en pop\u00fcler ziyaret noktas\u0131 ise Atina\u2019n\u0131n her noktas\u0131ndan g\u00f6r\u00fclebilen Akropolis oluyor.<\/p>\n\n\n\n<h3 class=\"wp-block-heading has-text-align-center has-neeon-button-dark-gray-color has-text-color has-link-color wp-elements-e53142d70ba43d9fd5a1ce81eaec149f\"><span class=\"ez-toc-section\" id=\"2_selanik\"><\/span><strong><strong><strong><strong><strong><strong><strong><strong><strong>2. Selanik<\/strong><\/strong><\/strong><\/strong><\/strong><\/strong><\/strong><\/strong><\/strong><span class=\"ez-toc-section-end\"><\/span><\/h3>\n\n\n\n<figure class=\"wp-block-image size-large\"><img width=\"800\" height=\"500\" decoding=\"async\" src=\"data:image\/svg+xml;base64,PHN2ZyB4bWxucz0iaHR0cDovL3d3dy53My5vcmcvMjAwMC9zdmciIHdpZHRoPSI4MDAiIGhlaWdodD0iNTAwIj48cmVjdCB3aWR0aD0iMTAwJSIgaGVpZ2h0PSIxMDAlIj48YW5pbWF0ZSBhdHRyaWJ1dGVOYW1lPSJmaWxsIiB2YWx1ZXM9InJnYmEoMTUzLDE1MywxNTMsMC41KTtyZ2JhKDE1MywxNTMsMTUzLDAuMSk7cmdiYSgxNTMsMTUzLDE1MywwLjUpIiBkdXI9IjJzIiByZXBlYXRDb3VudD0iaW5kZWZpbml0ZSIgLz48L3JlY3Q+PC9zdmc+\" alt=\"\" data-public-id=\"Selanik_vkw7kq\/Selanik_vkw7kq.jpg\" class=\"wp-post-10204 wp-image-16076\" data-format=\"jpg\" data-transformations=\"f_auto,q_auto:low\" data-version=\"1559561851\" data-seo=\"1\" data-size=\"800 500\" data-srcset=\"https:\/\/res.cloudinary.com\/turna\/images\/f_auto,q_auto:low\/v1559561851\/Selanik_vkw7kq\/Selanik_vkw7kq.jpg?_i=AA 800w, https:\/\/res.cloudinary.com\/turna\/images\/w_300,h_188,c_scale\/f_auto,q_auto:low\/v1559561851\/Selanik_vkw7kq\/Selanik_vkw7kq.jpg?_i=AA 300w, https:\/\/res.cloudinary.com\/turna\/images\/w_672,h_420,c_scale\/f_auto,q_auto:low\/v1559561851\/Selanik_vkw7kq\/Selanik_vkw7kq.jpg?_i=AA 672w, https:\/\/res.cloudinary.com\/turna\/images\/w_640,h_400,c_scale\/f_auto,q_auto:low\/v1559561851\/Selanik_vkw7kq\/Selanik_vkw7kq.jpg?_i=AA 640w, https:\/\/res.cloudinary.com\/turna\/images\/w_681,h_426,c_scale\/f_auto,q_auto:low\/v1559561851\/Selanik_vkw7kq\/Selanik_vkw7kq.jpg?_i=AA 681w\" data-sizes=\"(max-width: 800px) 100vw, 800px\" data-delivery=\"upload\" onload=\";window.CLDBind?CLDBind(this):null;\" data-cloudinary=\"lazy\" \/><\/figure>\n\n\n\n<p>Mustafa Kemal Atat\u00fcrk\u2019\u00fcn do\u011fum yeri oldu\u011fu i\u00e7im T\u00fcrkler aras\u0131nda ayr\u0131 bir yeri bulunan&nbsp;<strong>Selanik<\/strong>, \u00fclkenin en b\u00fcy\u00fck ikinci \u015fehri durumunda. \u015eehri ke\u015ffetmek isteyenler; taverna, bar restoran gibi mekanlar\u0131n bulundu\u011fu&nbsp;Ladadika B\u00f6lgesi, Atat\u00fcrk\u2019\u00fcn evini,&nbsp;Agia Sofia Kilisesi\u2019ni,&nbsp;Saint Dimitrios Kilisesi\u2019ni,&nbsp;Aristotelous Meydan\u0131 ve Selanik Arkeoloji M\u00fczesi\u2019ni ziyaret edebilir.<\/p>\n\n\n\n<h3 class=\"wp-block-heading has-text-align-center has-neeon-button-dark-gray-color has-text-color has-link-color wp-elements-01d172d99cd5f73391ee5be363c76833\"><span class=\"ez-toc-section\" id=\"3_dedeagac\"><\/span><strong><strong><strong><strong><strong><strong><strong><strong><strong>3. Dedea\u011fa\u00e7\u00a0<\/strong><\/strong><\/strong><\/strong><\/strong><\/strong><\/strong><\/strong><\/strong><span class=\"ez-toc-section-end\"><\/span><\/h3>\n\n\n\n<figure class=\"wp-block-image size-large\"><img width=\"800\" height=\"500\" decoding=\"async\" src=\"data:image\/svg+xml;base64,PHN2ZyB4bWxucz0iaHR0cDovL3d3dy53My5vcmcvMjAwMC9zdmciIHdpZHRoPSI4MDAiIGhlaWdodD0iNTAwIj48cmVjdCB3aWR0aD0iMTAwJSIgaGVpZ2h0PSIxMDAlIj48YW5pbWF0ZSBhdHRyaWJ1dGVOYW1lPSJmaWxsIiB2YWx1ZXM9InJnYmEoMTUzLDE1MywxNTMsMC41KTtyZ2JhKDE1MywxNTMsMTUzLDAuMSk7cmdiYSgxNTMsMTUzLDE1MywwLjUpIiBkdXI9IjJzIiByZXBlYXRDb3VudD0iaW5kZWZpbml0ZSIgLz48L3JlY3Q+PC9zdmc+\" alt=\"\" data-public-id=\"Dedeagac_bazxjw\/Dedeagac_bazxjw.jpg\" class=\"wp-post-10204 wp-image-8259\" data-format=\"jpg\" data-transformations=\"f_auto,q_auto:low\" data-version=\"1495863174\" data-seo=\"1\" data-size=\"800 500\" data-srcset=\"https:\/\/res.cloudinary.com\/turna\/images\/f_auto,q_auto:low\/v1495863174\/Dedeagac_bazxjw\/Dedeagac_bazxjw.jpg?_i=AA 800w, https:\/\/res.cloudinary.com\/turna\/images\/w_300,h_188,c_scale\/f_auto,q_auto:low\/v1495863174\/Dedeagac_bazxjw\/Dedeagac_bazxjw.jpg?_i=AA 300w, https:\/\/res.cloudinary.com\/turna\/images\/w_672,h_420,c_scale\/f_auto,q_auto:low\/v1495863174\/Dedeagac_bazxjw\/Dedeagac_bazxjw.jpg?_i=AA 672w, https:\/\/res.cloudinary.com\/turna\/images\/w_640,h_400,c_scale\/f_auto,q_auto:low\/v1495863174\/Dedeagac_bazxjw\/Dedeagac_bazxjw.jpg?_i=AA 640w, https:\/\/res.cloudinary.com\/turna\/images\/w_681,h_426,c_scale\/f_auto,q_auto:low\/v1495863174\/Dedeagac_bazxjw\/Dedeagac_bazxjw.jpg?_i=AA 681w\" data-sizes=\"(max-width: 800px) 100vw, 800px\" data-delivery=\"upload\" onload=\";window.CLDBind?CLDBind(this):null;\" data-cloudinary=\"lazy\" \/><\/figure>\n\n\n\n<p>\u0130psala s\u0131n\u0131r kap\u0131s\u0131n\u0131 ge\u00e7tikten sonra kar\u015f\u0131n\u0131za \u00e7\u0131kan\u00a0ilk Yunan \u015fehri olan\u00a0<strong>Dedea\u011fa\u00e7<\/strong>, tertemiz kumsallar\u0131, denizi ve renkli gece hayat\u0131yla haftasonu ka\u00e7amaklar\u0131n\u0131n de\u011fi\u015fmez adreslerinden biri. Yunanl\u0131lar aras\u0131nda\u00a0Alexandroupolis diye an\u0131lan bu \u015fehrin, Osmanl\u0131 zaman\u0131nda\u00a0kurulan bir tekke nedeniyle\u00a0Dedea\u011fa\u00e7 ismini ald\u0131\u011f\u0131 d\u00fc\u015f\u00fcn\u00fcl\u00fcyor.<\/p>\n\n\n\n<h3 class=\"wp-block-heading has-text-align-center has-neeon-button-dark-gray-color has-text-color has-link-color wp-elements-4c7426d9b19e15c97077a23e263d5ca0\"><span class=\"ez-toc-section\" id=\"4_gumulcine\"><\/span><strong><strong><strong><strong><strong><strong><strong><strong><strong>4. G\u00fcm\u00fclcine<\/strong><\/strong><\/strong><\/strong><\/strong><\/strong><\/strong><\/strong><\/strong><span class=\"ez-toc-section-end\"><\/span><\/h3>\n\n\n\n<p>\u0130kinci D\u00fcnya Sava\u015f\u0131 zaman\u0131nda Bulgaristan i\u015fgali ya\u015fayan bir Yunan \u015fehri olan&nbsp;<strong>G\u00fcm\u00fclcine<\/strong>,<strong>&nbsp;<\/strong>insani i\u00e7ine \u00e7eken s\u0131cak atmosferi, sakinli\u011fi ve do\u011fas\u0131yla b\u00fcy\u00fcl\u00fcyor. Osmanl\u0131 mimarisini yans\u0131tan sokaklar\u0131&nbsp;ve h\u0131zl\u0131 gece hayat\u0131yla da ad\u0131ndan s\u00f6z ettirmeyi ba\u015faran \u015fehir, kalabal\u0131ktan ve stresten uzakla\u015fmak isteyenler i\u00e7in olduk\u00e7a cazip. G\u00fcm\u00fclcine\u2019nin bir di\u011fer \u00f6zelli\u011fi ise \u015fehirdeki T\u00fcrk&nbsp;n\u00fcfusunun Yunanl\u0131lardan daha fazla olmas\u0131.<\/p>\n\n\n\n<h3 class=\"wp-block-heading has-text-align-center has-neeon-button-dark-gray-color has-text-color has-link-color wp-elements-72bd0bf25385266a95afe8ea0e9a37c7\"><span class=\"ez-toc-section\" id=\"5_kavala\"><\/span><strong><strong><strong><strong><strong><strong><strong><strong><strong>5.\u00a0Kavala<\/strong><\/strong><\/strong><\/strong><\/strong><\/strong><\/strong><\/strong><\/strong><span class=\"ez-toc-section-end\"><\/span><\/h3>\n\n\n\n<figure class=\"wp-block-image size-large\"><img width=\"800\" height=\"500\" decoding=\"async\" src=\"data:image\/svg+xml;base64,PHN2ZyB4bWxucz0iaHR0cDovL3d3dy53My5vcmcvMjAwMC9zdmciIHdpZHRoPSI4MDAiIGhlaWdodD0iNTAwIj48cmVjdCB3aWR0aD0iMTAwJSIgaGVpZ2h0PSIxMDAlIj48YW5pbWF0ZSBhdHRyaWJ1dGVOYW1lPSJmaWxsIiB2YWx1ZXM9InJnYmEoMTUzLDE1MywxNTMsMC41KTtyZ2JhKDE1MywxNTMsMTUzLDAuMSk7cmdiYSgxNTMsMTUzLDE1MywwLjUpIiBkdXI9IjJzIiByZXBlYXRDb3VudD0iaW5kZWZpbml0ZSIgLz48L3JlY3Q+PC9zdmc+\" alt=\"\" data-public-id=\"Kavala_az4ami\/Kavala_az4ami.jpg\" class=\"wp-post-10204 wp-image-8258\" data-format=\"jpg\" data-transformations=\"f_auto,q_auto:low\" data-version=\"1495863155\" data-seo=\"1\" data-size=\"800 500\" data-srcset=\"https:\/\/res.cloudinary.com\/turna\/images\/f_auto,q_auto:low\/v1495863155\/Kavala_az4ami\/Kavala_az4ami.jpg?_i=AA 800w, https:\/\/res.cloudinary.com\/turna\/images\/w_300,h_188,c_scale\/f_auto,q_auto:low\/v1495863155\/Kavala_az4ami\/Kavala_az4ami.jpg?_i=AA 300w, https:\/\/res.cloudinary.com\/turna\/images\/w_672,h_420,c_scale\/f_auto,q_auto:low\/v1495863155\/Kavala_az4ami\/Kavala_az4ami.jpg?_i=AA 672w, https:\/\/res.cloudinary.com\/turna\/images\/w_640,h_400,c_scale\/f_auto,q_auto:low\/v1495863155\/Kavala_az4ami\/Kavala_az4ami.jpg?_i=AA 640w, https:\/\/res.cloudinary.com\/turna\/images\/w_681,h_426,c_scale\/f_auto,q_auto:low\/v1495863155\/Kavala_az4ami\/Kavala_az4ami.jpg?_i=AA 681w\" data-sizes=\"(max-width: 800px) 100vw, 800px\" data-delivery=\"upload\" onload=\";window.CLDBind?CLDBind(this):null;\" data-cloudinary=\"lazy\" \/><\/figure>\n\n\n\n<p>Osmanl\u0131\u2019n\u0131n izlerini yak\u0131ndan g\u00f6rebilece\u011finiz Yunan \u015fehirlerinden biri de&nbsp;<strong>Kavala<\/strong>. Her y\u0131l \u00e7ok say\u0131da turisti a\u011f\u0131rlayan \u015fehirde, Bizans d\u00f6neminin etkileri g\u00f6r\u00fclen&nbsp;Kavala Kalesi, T\u00fct\u00fcn M\u00fczesi, Kavalal\u0131 An\u0131t\u0131 ve Kavala Arkeoloji M\u00fczesi ile bug\u00fcn bir otele d\u00f6n\u00fc\u015ft\u00fcr\u00fclen Kavalal\u0131 Mehmet Ali Pa\u015fa K\u00fclliyesi, mutlaka g\u00f6r\u00fclmesi gereken yerler aras\u0131nda.<\/p>\n\n\n\n<p>Siz de bu \u00fclkenin g\u00f6z kama\u015ft\u0131ran g\u00fczelliklerini daha yak\u0131ndan g\u00f6rmek istiyorsan\u0131z,&nbsp;<a href=\"https:\/\/www.turna.com\/ucak-bileti\/yunanistan\" target=\"_blank\" rel=\"noopener noreferrer\">Yunanistan u\u00e7ak bileti<\/a> f\u0131rsatlar\u0131n\u0131 de\u011ferlendirebilirsiniz.<\/p>\n\n    <div class=\"xs_social_share_widget xs_share_url after_content \t\tmain_content  wslu-style-1 wslu-share-box-shaped wslu-fill-colored wslu-none wslu-share-horizontal wslu-theme-font-no wslu-main_content\">\n\n\t\t\n        <ul>\n\t\t\t        <\/ul>\n    <\/div> \n","protected":false},"excerpt":{"rendered":"<p>T\u00fcrkiye\u2019nin kom\u015fu \u00fclkelerinden biri olan Yunanistan, T\u00fcrk mutfak k\u00fclt\u00fcr\u00fc ve geleneklerine olan yak\u0131nl\u0131\u011f\u0131 nedeniyle yurtd\u0131\u015f\u0131na ilk kez \u00e7\u0131kacak T\u00fcrk turistlerin g\u00f6zde adreslerinden. Zeytinya\u011fl\u0131 yemekleri, cac\u0131\u011f\u0131, baklavas\u0131 ve dillere destan Uzo\u2019suyla kendine hayran b\u0131rakan bu \u00fclke nefes kesen manzaralara sahip do\u011fal g\u00fczellikleri, Antik \u00e7a\u011flardan g\u00fcn\u00fcm\u00fcze dek gelen tarihi yap\u0131lar\u0131, Mitolojik hikayeleri, m\u00fczeleri ve s\u0131cakkanl\u0131 insanlar\u0131yla olduk\u00e7a [&hellip;]<\/p>\n","protected":false},"author":29,"featured_media":10247,"comment_status":"open","ping_status":"open","sticky":false,"template":"","format":"standard","meta":{"rop_custom_images_group":[],"rop_custom_messages_group":[],"rop_publish_now":"initial","rop_publish_now_accounts":[],"rop_publish_now_history":[],"rop_publish_now_status":"pending","_cloudinary_featured_overwrite":false,"footnotes":""},"categories":[18],"tags":[10],"class_list":["post-10204","post","type-post","status-publish","format-standard","has-post-thumbnail","hentry","category-yunanistan","tag-yunanistan"],"_links":{"self":[{"href":"https:\/\/www.turna.com\/blog\/wp-json\/wp\/v2\/posts\/10204","targetHints":{"allow":["GET"]}}],"collection":[{"href":"https:\/\/www.turna.com\/blog\/wp-json\/wp\/v2\/posts"}],"about":[{"href":"https:\/\/www.turna.com\/blog\/wp-json\/wp\/v2\/types\/post"}],"author":[{"embeddable":true,"href":"https:\/\/www.turna.com\/blog\/wp-json\/wp\/v2\/users\/29"}],"replies":[{"embeddable":true,"href":"https:\/\/www.turna.com\/blog\/wp-json\/wp\/v2\/comments?post=10204"}],"version-history":[{"count":0,"href":"https:\/\/www.turna.com\/blog\/wp-json\/wp\/v2\/posts\/10204\/revisions"}],"wp:featuredmedia":[{"embeddable":true,"href":"https:\/\/www.turna.com\/blog\/wp-json\/wp\/v2\/media\/10247"}],"wp:attachment":[{"href":"https:\/\/www.turna.com\/blog\/wp-json\/wp\/v2\/media?parent=10204"}],"wp:term":[{"taxonomy":"category","embeddable":true,"href":"https:\/\/www.turna.com\/blog\/wp-json\/wp\/v2\/categories?post=10204"},{"taxonomy":"post_tag","embeddable":true,"href":"https:\/\/www.turna.com\/blog\/wp-json\/wp\/v2\/tags?post=10204"}],"curies":[{"name":"wp","href":"https:\/\/api.w.org\/{rel}","templated":true}]}}